
{"id":10628,"date":"2018-04-03T16:02:39","date_gmt":"2018-04-03T19:02:39","guid":{"rendered":"http:\/\/www.cmc.mg.gov.br\/?p=10628"},"modified":"2018-04-03T16:02:39","modified_gmt":"2018-04-03T19:02:39","slug":"10628","status":"publish","type":"post","link":"https:\/\/www.cmc.mg.gov.br\/?p=10628","title":{"rendered":""},"content":{"rendered":"<p><strong>Orgulho autista<\/strong><br \/>\nSandra Carvalho<\/p>\n<p>Muitas vezes sou uma crian\u00e7a cansada<br \/>\nterapia ocupacional, fono, psic\u00f3loga<br \/>\nescola, AEE, equoterapia, psiquiatra<br \/>\nbem, minha vida \u00e9 muito movimentada<\/p>\n<p>Tento viver e aprender do meu jeito<br \/>\nque nem sempre \u00e9 o melhor para eu me desenvolver<br \/>\npor isso essa minha agenda cheia<br \/>\npode ser a estrada que me levar\u00e1 a vencer<\/p>\n<p>P\u00f4xa! E como tenho obst\u00e1culos!<br \/>\nO primeiro deles come\u00e7a em meu corpo<br \/>\npequena, m\u00e9dia ou grande confus\u00e3o sensorial.<br \/>\nMinhas percep\u00e7\u00f5es podem ser alteradas<br \/>\ne surge outra batalha, a comportamental<\/p>\n<p>Essa \u00faltima tamb\u00e9m dif\u00edcil, vou vencendo a cada dia<br \/>\nOlhares tortos e comet\u00e1rios na rua, no shopping ou na porta da escola<br \/>\nde gente pensando que \u00e9 birra, maldade ou mania<br \/>\nNa verdade, \u00e9 s\u00f3 desorganiza\u00e7\u00e3o, que acontece com frequ\u00eancia ou por uma simples altera\u00e7\u00e3o do dia<\/p>\n<p>\u00c9 que meu c\u00e9rebro funciona diferente<br \/>\nMeus conceitos s\u00e3o constru\u00eddos de forma bem decidida,<br \/>\ncriando dessa maneira, por vezes, uma mente bastante enrijecida<br \/>\ne minhas desorganiza\u00e7\u00f5es podem surgir quando algo sai de uma uma conceitua\u00e7\u00e3o j\u00e1 previamente estabelecida<\/p>\n<p>As lutas com meu corpo e minha mente<br \/>\ns\u00e3o bem comuns em minha vida<br \/>\nquero me comunicar normalmente<br \/>\nmas as palavras n\u00e3o saem da forma querida<br \/>\nquero falar e participar, mas n\u00e3o sai nada<br \/>\nent\u00e3o lan\u00e7o m\u00e3o das minhas ecolalias<\/p>\n<p>Muitas vezes n\u00e3o sai nem um m\u00edsero som<br \/>\nmas da minha capacidade eu n\u00e3o duvido<br \/>\numa palavra no contexto, um gesto, uma m\u00fasica ou um sussurro<br \/>\npara os que me amam pode ser m\u00fasica para os ouvidos<\/p>\n<p>Mas minha vida n\u00e3o \u00e9 lamento<br \/>\ntenho as minhas grandes vit\u00f3rias<br \/>\ncom a ajuda dos que me amam<br \/>\nven\u00e7o batalhas, tenho gl\u00f3rias<\/p>\n<p>Coisas simples do dia a dia<br \/>\nque para muitos n\u00e3o \u00e9 nada<br \/>\nmas para mim e para os meus \u00e9 alegria<br \/>\napertar a m\u00e3o, sentar \u00e0 mesa ou ter uma tarefa bem desempenhada<\/p>\n<p>Para este mundo ser melhor,<br \/>\npreciso da ajuda sobre algo que n\u00e3o \u00e9 ego\u00edsmo<br \/>\npara formar uma sociedade inclusiva<br \/>\npe\u00e7o que se informem mais e compreendam o autismo<\/p>\n<p>Cada um de n\u00f3s tem caracter\u00edsticas diferentes<br \/>\ne o funcionamento das nossas mentes n\u00e3o \u00e9 igual ou sim\u00e9trico<br \/>\nPor isso, somos milhares de perfis<br \/>\nonde cada um \u00e9 cada um, mas dentro de um espectro<\/p>\n<p>S\u00f3 queremos ser felizes, ter amigos, escola, festas, uma vida normal<br \/>\nA gente s\u00f3 precisa de pessoas dispostas \u00e0 essa proposta sensacional<br \/>\npois uma sociedade inclusiva<br \/>\nfaz do mundo um lugar bem mais legal<\/p>\n<p>Essa sonhada sociedade mais justa<br \/>\nn\u00e3o se constr\u00f3i da noite para o dia<br \/>\nEla come\u00e7a a surgir, quando VOC\u00ca escolhe ter empatia<br \/>\nbusquemos ent\u00e3o a informa\u00e7\u00e3o<br \/>\npara que a batalha di\u00e1ria dos autistas siga com mais alegria<\/p>\n<p>Precisamos de for\u00e7a para fazer com que os tratamentos corretos e avan\u00e7os cient\u00edficos<br \/>\ncheguem a todos os necessitados<br \/>\npara que o amor ven\u00e7a a m\u00e1 vontade dos servi\u00e7os diversos prestados<br \/>\npara que os col\u00e9gios p\u00fablicos e particulares e os hospitais sejam melhor preparados<br \/>\npara que mam\u00e3e, papai, os que cuidam, tenham um caminho menos complicado<br \/>\nE que nossa causa, nossa luta e nossos sonhos sejam por todos abra\u00e7ados<\/p>\n","protected":false},"excerpt":{"rendered":"<p>Orgulho autista Sandra Carvalho Muitas vezes sou uma crian\u00e7a cansada terapia ocupacional, fono, psic\u00f3loga escola, AEE, equoterapia, psiquiatra bem, minha vida \u00e9 muito movimentada Tento viver e aprender do meu jeito que nem sempre \u00e9 o melhor para eu me desenvolver por isso essa minha agenda cheia pode ser a estrada que me levar\u00e1 a &hellip; <a href=\"https:\/\/www.cmc.mg.gov.br\/?p=10628\" class=\"more-link\">Continue lendo <span class=\"screen-reader-text\"><\/span> <span class=\"meta-nav\">&rarr;<\/span><\/a><\/p>\n","protected":false},"author":3,"featured_media":0,"comment_status":"open","ping_status":"open","sticky":false,"template":"","format":"standard","meta":{"_exactmetrics_skip_tracking":false,"_exactmetrics_sitenote_active":false,"_exactmetrics_sitenote_note":"","_exactmetrics_sitenote_category":0,"footnotes":""},"categories":[215],"tags":[],"class_list":["post-10628","post","type-post","status-publish","format-standard","hentry","category-textos"],"_links":{"self":[{"href":"https:\/\/www.cmc.mg.gov.br\/index.php?rest_route=\/wp\/v2\/posts\/10628","targetHints":{"allow":["GET"]}}],"collection":[{"href":"https:\/\/www.cmc.mg.gov.br\/index.php?rest_route=\/wp\/v2\/posts"}],"about":[{"href":"https:\/\/www.cmc.mg.gov.br\/index.php?rest_route=\/wp\/v2\/types\/post"}],"author":[{"embeddable":true,"href":"https:\/\/www.cmc.mg.gov.br\/index.php?rest_route=\/wp\/v2\/users\/3"}],"replies":[{"embeddable":true,"href":"https:\/\/www.cmc.mg.gov.br\/index.php?rest_route=%2Fwp%2Fv2%2Fcomments&post=10628"}],"version-history":[{"count":1,"href":"https:\/\/www.cmc.mg.gov.br\/index.php?rest_route=\/wp\/v2\/posts\/10628\/revisions"}],"predecessor-version":[{"id":10629,"href":"https:\/\/www.cmc.mg.gov.br\/index.php?rest_route=\/wp\/v2\/posts\/10628\/revisions\/10629"}],"wp:attachment":[{"href":"https:\/\/www.cmc.mg.gov.br\/index.php?rest_route=%2Fwp%2Fv2%2Fmedia&parent=10628"}],"wp:term":[{"taxonomy":"category","embeddable":true,"href":"https:\/\/www.cmc.mg.gov.br\/index.php?rest_route=%2Fwp%2Fv2%2Fcategories&post=10628"},{"taxonomy":"post_tag","embeddable":true,"href":"https:\/\/www.cmc.mg.gov.br\/index.php?rest_route=%2Fwp%2Fv2%2Ftags&post=10628"}],"curies":[{"name":"wp","href":"https:\/\/api.w.org\/{rel}","templated":true}]}}