
{"id":10939,"date":"2018-04-26T15:18:57","date_gmt":"2018-04-26T18:18:57","guid":{"rendered":"http:\/\/www.cmc.mg.gov.br\/?p=10939"},"modified":"2018-04-26T15:21:06","modified_gmt":"2018-04-26T18:21:06","slug":"audiencia-publica-repasse-dos-recursos-da-saude","status":"publish","type":"post","link":"https:\/\/www.cmc.mg.gov.br\/?p=10939","title":{"rendered":"Audi\u00eancia P\u00fablica &#8211; Repasse dos Recursos da Sa\u00fade"},"content":{"rendered":"<p style=\"text-align: justify;\">Em Audi\u00eancia P\u00fablica realizada pela Comiss\u00e3o de Sa\u00fade da C\u00e2mara nesta quarta-feira (25), autoridades, gestores e usu\u00e1rios refor\u00e7aram a necessidade da luta em conjunto para que o Governo do Estado retome e pague o que deve do repasse para a Sa\u00fade de Contagem (<a href=\"http:\/\/www.cmc.mg.gov.br\/?p=10932\" target=\"_blank\" rel=\"noopener noreferrer\">Saiba mais<\/a>). Confira as fotos.<\/p>\n<div id='gallery-1' class='gallery galleryid-10939 gallery-columns-4 gallery-size-thumbnail'><figure class='gallery-item'>\n\t\t\t<div class='gallery-icon landscape'>\n\t\t\t\t<a href='https:\/\/www.cmc.mg.gov.br\/?attachment_id=10940'><img loading=\"lazy\" decoding=\"async\" width=\"150\" height=\"150\" src=\"https:\/\/www.cmc.mg.gov.br\/wordpress\/wp-content\/uploads\/2018\/04\/18-04-25-Audi\u00eancia-P\u00fablica-da-Sa\u00fade-Foto-Leandro-Perch\u00e9-15-Copy-150x150.jpg\" class=\"attachment-thumbnail size-thumbnail\" alt=\"\" srcset=\"https:\/\/www.cmc.mg.gov.br\/wordpress\/wp-content\/uploads\/2018\/04\/18-04-25-Audi\u00eancia-P\u00fablica-da-Sa\u00fade-Foto-Leandro-Perch\u00e9-15-Copy-150x150.jpg 150w, https:\/\/www.cmc.mg.gov.br\/wordpress\/wp-content\/uploads\/2018\/04\/18-04-25-Audi\u00eancia-P\u00fablica-da-Sa\u00fade-Foto-Leandro-Perch\u00e9-15-Copy-90x90.jpg 90w\" sizes=\"auto, (max-width: 150px) 100vw, 150px\" \/><\/a>\n\t\t\t<\/div><\/figure><figure class='gallery-item'>\n\t\t\t<div class='gallery-icon landscape'>\n\t\t\t\t<a href='https:\/\/www.cmc.mg.gov.br\/?attachment_id=10941'><img loading=\"lazy\" decoding=\"async\" width=\"150\" height=\"150\" src=\"https:\/\/www.cmc.mg.gov.br\/wordpress\/wp-content\/uploads\/2018\/04\/18-04-25-Audi\u00eancia-P\u00fablica-da-Sa\u00fade-Foto-Leandro-Perch\u00e9-18-Copy-150x150.jpg\" class=\"attachment-thumbnail size-thumbnail\" alt=\"\" srcset=\"https:\/\/www.cmc.mg.gov.br\/wordpress\/wp-content\/uploads\/2018\/04\/18-04-25-Audi\u00eancia-P\u00fablica-da-Sa\u00fade-Foto-Leandro-Perch\u00e9-18-Copy-150x150.jpg 150w, https:\/\/www.cmc.mg.gov.br\/wordpress\/wp-content\/uploads\/2018\/04\/18-04-25-Audi\u00eancia-P\u00fablica-da-Sa\u00fade-Foto-Leandro-Perch\u00e9-18-Copy-90x90.jpg 90w\" sizes=\"auto, (max-width: 150px) 100vw, 150px\" \/><\/a>\n\t\t\t<\/div><\/figure><figure class='gallery-item'>\n\t\t\t<div class='gallery-icon landscape'>\n\t\t\t\t<a href='https:\/\/www.cmc.mg.gov.br\/?attachment_id=10942'><img loading=\"lazy\" decoding=\"async\" width=\"150\" height=\"150\" src=\"https:\/\/www.cmc.mg.gov.br\/wordpress\/wp-content\/uploads\/2018\/04\/18-04-25-Audi\u00eancia-P\u00fablica-da-Sa\u00fade-Foto-Leandro-Perch\u00e9-22-Copy-150x150.jpg\" class=\"attachment-thumbnail size-thumbnail\" alt=\"\" srcset=\"https:\/\/www.cmc.mg.gov.br\/wordpress\/wp-content\/uploads\/2018\/04\/18-04-25-Audi\u00eancia-P\u00fablica-da-Sa\u00fade-Foto-Leandro-Perch\u00e9-22-Copy-150x150.jpg 150w, https:\/\/www.cmc.mg.gov.br\/wordpress\/wp-content\/uploads\/2018\/04\/18-04-25-Audi\u00eancia-P\u00fablica-da-Sa\u00fade-Foto-Leandro-Perch\u00e9-22-Copy-90x90.jpg 90w\" sizes=\"auto, (max-width: 150px) 100vw, 150px\" \/><\/a>\n\t\t\t<\/div><\/figure><figure class='gallery-item'>\n\t\t\t<div class='gallery-icon landscape'>\n\t\t\t\t<a href='https:\/\/www.cmc.mg.gov.br\/?attachment_id=10943'><img loading=\"lazy\" decoding=\"async\" width=\"150\" height=\"150\" src=\"https:\/\/www.cmc.mg.gov.br\/wordpress\/wp-content\/uploads\/2018\/04\/18-04-25-Audi\u00eancia-P\u00fablica-da-Sa\u00fade-Foto-Leandro-Perch\u00e9-35-Copy-150x150.jpg\" class=\"attachment-thumbnail size-thumbnail\" alt=\"\" srcset=\"https:\/\/www.cmc.mg.gov.br\/wordpress\/wp-content\/uploads\/2018\/04\/18-04-25-Audi\u00eancia-P\u00fablica-da-Sa\u00fade-Foto-Leandro-Perch\u00e9-35-Copy-150x150.jpg 150w, https:\/\/www.cmc.mg.gov.br\/wordpress\/wp-content\/uploads\/2018\/04\/18-04-25-Audi\u00eancia-P\u00fablica-da-Sa\u00fade-Foto-Leandro-Perch\u00e9-35-Copy-90x90.jpg 90w\" sizes=\"auto, (max-width: 150px) 100vw, 150px\" \/><\/a>\n\t\t\t<\/div><\/figure><figure class='gallery-item'>\n\t\t\t<div class='gallery-icon landscape'>\n\t\t\t\t<a href='https:\/\/www.cmc.mg.gov.br\/?attachment_id=10944'><img loading=\"lazy\" decoding=\"async\" width=\"150\" height=\"150\" src=\"https:\/\/www.cmc.mg.gov.br\/wordpress\/wp-content\/uploads\/2018\/04\/18-04-25-Audi\u00eancia-P\u00fablica-da-Sa\u00fade-Foto-Leandro-Perch\u00e9-41-Copy-150x150.jpg\" class=\"attachment-thumbnail size-thumbnail\" alt=\"\" srcset=\"https:\/\/www.cmc.mg.gov.br\/wordpress\/wp-content\/uploads\/2018\/04\/18-04-25-Audi\u00eancia-P\u00fablica-da-Sa\u00fade-Foto-Leandro-Perch\u00e9-41-Copy-150x150.jpg 150w, https:\/\/www.cmc.mg.gov.br\/wordpress\/wp-content\/uploads\/2018\/04\/18-04-25-Audi\u00eancia-P\u00fablica-da-Sa\u00fade-Foto-Leandro-Perch\u00e9-41-Copy-90x90.jpg 90w\" sizes=\"auto, (max-width: 150px) 100vw, 150px\" \/><\/a>\n\t\t\t<\/div><\/figure><figure class='gallery-item'>\n\t\t\t<div class='gallery-icon landscape'>\n\t\t\t\t<a href='https:\/\/www.cmc.mg.gov.br\/?attachment_id=10937'><img loading=\"lazy\" decoding=\"async\" width=\"150\" height=\"150\" src=\"https:\/\/www.cmc.mg.gov.br\/wordpress\/wp-content\/uploads\/2018\/04\/18-04-25-Audi\u00eancia-P\u00fablica-da-Sa\u00fade-Foto-Leandro-Perch\u00e9-37-Copy-150x150.jpg\" class=\"attachment-thumbnail size-thumbnail\" alt=\"\" srcset=\"https:\/\/www.cmc.mg.gov.br\/wordpress\/wp-content\/uploads\/2018\/04\/18-04-25-Audi\u00eancia-P\u00fablica-da-Sa\u00fade-Foto-Leandro-Perch\u00e9-37-Copy-150x150.jpg 150w, https:\/\/www.cmc.mg.gov.br\/wordpress\/wp-content\/uploads\/2018\/04\/18-04-25-Audi\u00eancia-P\u00fablica-da-Sa\u00fade-Foto-Leandro-Perch\u00e9-37-Copy-90x90.jpg 90w\" sizes=\"auto, (max-width: 150px) 100vw, 150px\" \/><\/a>\n\t\t\t<\/div><\/figure><figure class='gallery-item'>\n\t\t\t<div class='gallery-icon landscape'>\n\t\t\t\t<a href='https:\/\/www.cmc.mg.gov.br\/?attachment_id=10945'><img loading=\"lazy\" decoding=\"async\" width=\"150\" height=\"150\" src=\"https:\/\/www.cmc.mg.gov.br\/wordpress\/wp-content\/uploads\/2018\/04\/18-04-25-Audi\u00eancia-P\u00fablica-da-Sa\u00fade-Foto-Leandro-Perch\u00e9-48-Copy-150x150.jpg\" class=\"attachment-thumbnail size-thumbnail\" alt=\"\" srcset=\"https:\/\/www.cmc.mg.gov.br\/wordpress\/wp-content\/uploads\/2018\/04\/18-04-25-Audi\u00eancia-P\u00fablica-da-Sa\u00fade-Foto-Leandro-Perch\u00e9-48-Copy-150x150.jpg 150w, https:\/\/www.cmc.mg.gov.br\/wordpress\/wp-content\/uploads\/2018\/04\/18-04-25-Audi\u00eancia-P\u00fablica-da-Sa\u00fade-Foto-Leandro-Perch\u00e9-48-Copy-90x90.jpg 90w\" sizes=\"auto, (max-width: 150px) 100vw, 150px\" \/><\/a>\n\t\t\t<\/div><\/figure><figure class='gallery-item'>\n\t\t\t<div class='gallery-icon landscape'>\n\t\t\t\t<a href='https:\/\/www.cmc.mg.gov.br\/?attachment_id=10951'><img loading=\"lazy\" decoding=\"async\" width=\"150\" height=\"150\" src=\"https:\/\/www.cmc.mg.gov.br\/wordpress\/wp-content\/uploads\/2018\/04\/18-04-25-Audi\u00eancia-P\u00fablica-da-Sa\u00fade-Foto-Leandro-Perch\u00e9-65-Copy-150x150.jpg\" class=\"attachment-thumbnail size-thumbnail\" alt=\"\" srcset=\"https:\/\/www.cmc.mg.gov.br\/wordpress\/wp-content\/uploads\/2018\/04\/18-04-25-Audi\u00eancia-P\u00fablica-da-Sa\u00fade-Foto-Leandro-Perch\u00e9-65-Copy-150x150.jpg 150w, https:\/\/www.cmc.mg.gov.br\/wordpress\/wp-content\/uploads\/2018\/04\/18-04-25-Audi\u00eancia-P\u00fablica-da-Sa\u00fade-Foto-Leandro-Perch\u00e9-65-Copy-90x90.jpg 90w\" sizes=\"auto, (max-width: 150px) 100vw, 150px\" \/><\/a>\n\t\t\t<\/div><\/figure><figure class='gallery-item'>\n\t\t\t<div class='gallery-icon landscape'>\n\t\t\t\t<a href='https:\/\/www.cmc.mg.gov.br\/?attachment_id=10950'><img loading=\"lazy\" decoding=\"async\" width=\"150\" height=\"150\" src=\"https:\/\/www.cmc.mg.gov.br\/wordpress\/wp-content\/uploads\/2018\/04\/18-04-25-Audi\u00eancia-P\u00fablica-da-Sa\u00fade-Foto-Leandro-Perch\u00e9-58-Copy-150x150.jpg\" class=\"attachment-thumbnail size-thumbnail\" alt=\"\" srcset=\"https:\/\/www.cmc.mg.gov.br\/wordpress\/wp-content\/uploads\/2018\/04\/18-04-25-Audi\u00eancia-P\u00fablica-da-Sa\u00fade-Foto-Leandro-Perch\u00e9-58-Copy-150x150.jpg 150w, https:\/\/www.cmc.mg.gov.br\/wordpress\/wp-content\/uploads\/2018\/04\/18-04-25-Audi\u00eancia-P\u00fablica-da-Sa\u00fade-Foto-Leandro-Perch\u00e9-58-Copy-90x90.jpg 90w\" sizes=\"auto, (max-width: 150px) 100vw, 150px\" \/><\/a>\n\t\t\t<\/div><\/figure><figure class='gallery-item'>\n\t\t\t<div class='gallery-icon landscape'>\n\t\t\t\t<a href='https:\/\/www.cmc.mg.gov.br\/?attachment_id=10949'><img loading=\"lazy\" decoding=\"async\" width=\"150\" height=\"150\" src=\"https:\/\/www.cmc.mg.gov.br\/wordpress\/wp-content\/uploads\/2018\/04\/18-04-25-Audi\u00eancia-P\u00fablica-da-Sa\u00fade-Foto-Leandro-Perch\u00e9-57-Copy-150x150.jpg\" class=\"attachment-thumbnail size-thumbnail\" alt=\"\" srcset=\"https:\/\/www.cmc.mg.gov.br\/wordpress\/wp-content\/uploads\/2018\/04\/18-04-25-Audi\u00eancia-P\u00fablica-da-Sa\u00fade-Foto-Leandro-Perch\u00e9-57-Copy-150x150.jpg 150w, https:\/\/www.cmc.mg.gov.br\/wordpress\/wp-content\/uploads\/2018\/04\/18-04-25-Audi\u00eancia-P\u00fablica-da-Sa\u00fade-Foto-Leandro-Perch\u00e9-57-Copy-90x90.jpg 90w\" sizes=\"auto, (max-width: 150px) 100vw, 150px\" \/><\/a>\n\t\t\t<\/div><\/figure><figure class='gallery-item'>\n\t\t\t<div class='gallery-icon landscape'>\n\t\t\t\t<a href='https:\/\/www.cmc.mg.gov.br\/?attachment_id=10948'><img loading=\"lazy\" decoding=\"async\" width=\"150\" height=\"150\" src=\"https:\/\/www.cmc.mg.gov.br\/wordpress\/wp-content\/uploads\/2018\/04\/18-04-25-Audi\u00eancia-P\u00fablica-da-Sa\u00fade-Foto-Leandro-Perch\u00e9-56-Copy-150x150.jpg\" class=\"attachment-thumbnail size-thumbnail\" alt=\"\" srcset=\"https:\/\/www.cmc.mg.gov.br\/wordpress\/wp-content\/uploads\/2018\/04\/18-04-25-Audi\u00eancia-P\u00fablica-da-Sa\u00fade-Foto-Leandro-Perch\u00e9-56-Copy-150x150.jpg 150w, https:\/\/www.cmc.mg.gov.br\/wordpress\/wp-content\/uploads\/2018\/04\/18-04-25-Audi\u00eancia-P\u00fablica-da-Sa\u00fade-Foto-Leandro-Perch\u00e9-56-Copy-90x90.jpg 90w\" sizes=\"auto, (max-width: 150px) 100vw, 150px\" \/><\/a>\n\t\t\t<\/div><\/figure><figure class='gallery-item'>\n\t\t\t<div class='gallery-icon landscape'>\n\t\t\t\t<a href='https:\/\/www.cmc.mg.gov.br\/?attachment_id=10947'><img loading=\"lazy\" decoding=\"async\" width=\"150\" height=\"150\" src=\"https:\/\/www.cmc.mg.gov.br\/wordpress\/wp-content\/uploads\/2018\/04\/18-04-25-Audi\u00eancia-P\u00fablica-da-Sa\u00fade-Foto-Leandro-Perch\u00e9-51-Copy-150x150.jpg\" class=\"attachment-thumbnail size-thumbnail\" alt=\"\" srcset=\"https:\/\/www.cmc.mg.gov.br\/wordpress\/wp-content\/uploads\/2018\/04\/18-04-25-Audi\u00eancia-P\u00fablica-da-Sa\u00fade-Foto-Leandro-Perch\u00e9-51-Copy-150x150.jpg 150w, https:\/\/www.cmc.mg.gov.br\/wordpress\/wp-content\/uploads\/2018\/04\/18-04-25-Audi\u00eancia-P\u00fablica-da-Sa\u00fade-Foto-Leandro-Perch\u00e9-51-Copy-90x90.jpg 90w\" sizes=\"auto, (max-width: 150px) 100vw, 150px\" \/><\/a>\n\t\t\t<\/div><\/figure><figure class='gallery-item'>\n\t\t\t<div class='gallery-icon landscape'>\n\t\t\t\t<a href='https:\/\/www.cmc.mg.gov.br\/?attachment_id=10946'><img loading=\"lazy\" decoding=\"async\" width=\"150\" height=\"150\" src=\"https:\/\/www.cmc.mg.gov.br\/wordpress\/wp-content\/uploads\/2018\/04\/18-04-25-Audi\u00eancia-P\u00fablica-da-Sa\u00fade-Foto-Leandro-Perch\u00e9-50-Copy-150x150.jpg\" class=\"attachment-thumbnail size-thumbnail\" alt=\"\" srcset=\"https:\/\/www.cmc.mg.gov.br\/wordpress\/wp-content\/uploads\/2018\/04\/18-04-25-Audi\u00eancia-P\u00fablica-da-Sa\u00fade-Foto-Leandro-Perch\u00e9-50-Copy-150x150.jpg 150w, https:\/\/www.cmc.mg.gov.br\/wordpress\/wp-content\/uploads\/2018\/04\/18-04-25-Audi\u00eancia-P\u00fablica-da-Sa\u00fade-Foto-Leandro-Perch\u00e9-50-Copy-90x90.jpg 90w\" sizes=\"auto, (max-width: 150px) 100vw, 150px\" \/><\/a>\n\t\t\t<\/div><\/figure><figure class='gallery-item'>\n\t\t\t<div class='gallery-icon landscape'>\n\t\t\t\t<a href='https:\/\/www.cmc.mg.gov.br\/?attachment_id=10952'><img loading=\"lazy\" decoding=\"async\" width=\"150\" height=\"150\" src=\"https:\/\/www.cmc.mg.gov.br\/wordpress\/wp-content\/uploads\/2018\/04\/18-04-25-Audi\u00eancia-P\u00fablica-da-Sa\u00fade-Foto-Leandro-Perch\u00e9-68-Copy-150x150.jpg\" class=\"attachment-thumbnail size-thumbnail\" alt=\"\" srcset=\"https:\/\/www.cmc.mg.gov.br\/wordpress\/wp-content\/uploads\/2018\/04\/18-04-25-Audi\u00eancia-P\u00fablica-da-Sa\u00fade-Foto-Leandro-Perch\u00e9-68-Copy-150x150.jpg 150w, https:\/\/www.cmc.mg.gov.br\/wordpress\/wp-content\/uploads\/2018\/04\/18-04-25-Audi\u00eancia-P\u00fablica-da-Sa\u00fade-Foto-Leandro-Perch\u00e9-68-Copy-90x90.jpg 90w\" sizes=\"auto, (max-width: 150px) 100vw, 150px\" \/><\/a>\n\t\t\t<\/div><\/figure><figure class='gallery-item'>\n\t\t\t<div class='gallery-icon landscape'>\n\t\t\t\t<a href='https:\/\/www.cmc.mg.gov.br\/?attachment_id=10953'><img loading=\"lazy\" decoding=\"async\" width=\"150\" height=\"150\" src=\"https:\/\/www.cmc.mg.gov.br\/wordpress\/wp-content\/uploads\/2018\/04\/18-04-25-Audi\u00eancia-P\u00fablica-da-Sa\u00fade-Foto-Leandro-Perch\u00e9-72-Copy-150x150.jpg\" class=\"attachment-thumbnail size-thumbnail\" alt=\"\" srcset=\"https:\/\/www.cmc.mg.gov.br\/wordpress\/wp-content\/uploads\/2018\/04\/18-04-25-Audi\u00eancia-P\u00fablica-da-Sa\u00fade-Foto-Leandro-Perch\u00e9-72-Copy-150x150.jpg 150w, https:\/\/www.cmc.mg.gov.br\/wordpress\/wp-content\/uploads\/2018\/04\/18-04-25-Audi\u00eancia-P\u00fablica-da-Sa\u00fade-Foto-Leandro-Perch\u00e9-72-Copy-90x90.jpg 90w\" sizes=\"auto, (max-width: 150px) 100vw, 150px\" \/><\/a>\n\t\t\t<\/div><\/figure><figure class='gallery-item'>\n\t\t\t<div class='gallery-icon landscape'>\n\t\t\t\t<a href='https:\/\/www.cmc.mg.gov.br\/?attachment_id=10954'><img loading=\"lazy\" decoding=\"async\" width=\"150\" height=\"150\" src=\"https:\/\/www.cmc.mg.gov.br\/wordpress\/wp-content\/uploads\/2018\/04\/18-04-25-Audi\u00eancia-P\u00fablica-da-Sa\u00fade-Foto-Leandro-Perch\u00e9-77-Copy-150x150.jpg\" class=\"attachment-thumbnail size-thumbnail\" alt=\"\" srcset=\"https:\/\/www.cmc.mg.gov.br\/wordpress\/wp-content\/uploads\/2018\/04\/18-04-25-Audi\u00eancia-P\u00fablica-da-Sa\u00fade-Foto-Leandro-Perch\u00e9-77-Copy-150x150.jpg 150w, https:\/\/www.cmc.mg.gov.br\/wordpress\/wp-content\/uploads\/2018\/04\/18-04-25-Audi\u00eancia-P\u00fablica-da-Sa\u00fade-Foto-Leandro-Perch\u00e9-77-Copy-90x90.jpg 90w\" sizes=\"auto, (max-width: 150px) 100vw, 150px\" \/><\/a>\n\t\t\t<\/div><\/figure>\n\t\t<\/div>\n\n","protected":false},"excerpt":{"rendered":"<p>Em Audi\u00eancia P\u00fablica realizada pela Comiss\u00e3o de Sa\u00fade da C\u00e2mara nesta quarta-feira (25), autoridades, gestores e usu\u00e1rios refor\u00e7aram a necessidade da luta em conjunto para que o Governo do Estado retome e pague o que deve do repasse para a Sa\u00fade de Contagem (Saiba mais). Confira as fotos.<\/p>\n","protected":false},"author":3,"featured_media":10959,"comment_status":"open","ping_status":"open","sticky":false,"template":"","format":"standard","meta":{"_exactmetrics_skip_tracking":false,"_exactmetrics_sitenote_active":false,"_exactmetrics_sitenote_note":"","_exactmetrics_sitenote_category":0,"footnotes":""},"categories":[32],"tags":[],"class_list":["post-10939","post","type-post","status-publish","format-standard","has-post-thumbnail","hentry","category-galeria-de-fotos"],"_links":{"self":[{"href":"https:\/\/www.cmc.mg.gov.br\/index.php?rest_route=\/wp\/v2\/posts\/10939","targetHints":{"allow":["GET"]}}],"collection":[{"href":"https:\/\/www.cmc.mg.gov.br\/index.php?rest_route=\/wp\/v2\/posts"}],"about":[{"href":"https:\/\/www.cmc.mg.gov.br\/index.php?rest_route=\/wp\/v2\/types\/post"}],"author":[{"embeddable":true,"href":"https:\/\/www.cmc.mg.gov.br\/index.php?rest_route=\/wp\/v2\/users\/3"}],"replies":[{"embeddable":true,"href":"https:\/\/www.cmc.mg.gov.br\/index.php?rest_route=%2Fwp%2Fv2%2Fcomments&post=10939"}],"version-history":[{"count":2,"href":"https:\/\/www.cmc.mg.gov.br\/index.php?rest_route=\/wp\/v2\/posts\/10939\/revisions"}],"predecessor-version":[{"id":10957,"href":"https:\/\/www.cmc.mg.gov.br\/index.php?rest_route=\/wp\/v2\/posts\/10939\/revisions\/10957"}],"wp:featuredmedia":[{"embeddable":true,"href":"https:\/\/www.cmc.mg.gov.br\/index.php?rest_route=\/wp\/v2\/media\/10959"}],"wp:attachment":[{"href":"https:\/\/www.cmc.mg.gov.br\/index.php?rest_route=%2Fwp%2Fv2%2Fmedia&parent=10939"}],"wp:term":[{"taxonomy":"category","embeddable":true,"href":"https:\/\/www.cmc.mg.gov.br\/index.php?rest_route=%2Fwp%2Fv2%2Fcategories&post=10939"},{"taxonomy":"post_tag","embeddable":true,"href":"https:\/\/www.cmc.mg.gov.br\/index.php?rest_route=%2Fwp%2Fv2%2Ftags&post=10939"}],"curies":[{"name":"wp","href":"https:\/\/api.w.org\/{rel}","templated":true}]}}