
{"id":11885,"date":"2018-08-28T09:15:12","date_gmt":"2018-08-28T12:15:12","guid":{"rendered":"http:\/\/www.cmc.mg.gov.br\/?p=11885"},"modified":"2020-08-15T12:10:48","modified_gmt":"2020-08-15T15:10:48","slug":"ouvidoria-cidada-da-camara-promove-manha-de-acao-social-do-nacional","status":"publish","type":"post","link":"https:\/\/www.cmc.mg.gov.br\/?p=11885","title":{"rendered":"Ouvidoria Cidad\u00e3 da C\u00e2mara promove manh\u00e3 de a\u00e7\u00e3o social do Nacional"},"content":{"rendered":"<p style=\"text-align: justify;\">Depois de quase dois meses de prepara\u00e7\u00e3o e divulga\u00e7\u00e3o intensas, a Ouvidoria Cidad\u00e3 da C\u00e2mara Municipal de Contagem realizou a segunda A\u00e7\u00e3o Social do ano, desta vez no Parque das Amendoeiras, Regional Nacional.<\/p>\n<p style=\"text-align: justify;\">Durante a manh\u00e3 do \u00faltimo s\u00e1bado (25\/08), centenas de moradores da regi\u00e3o puderam usufruir de mais de 20 servi\u00e7os gratuitos, al\u00e9m de apresenta\u00e7\u00f5es musicais e culturais e espa\u00e7o de lazer para crian\u00e7as. A Secretaria Municipal de Sa\u00fade tamb\u00e9m marcou presen\u00e7a, com a vacina\u00e7\u00e3o contra Poliomielite e Sarampo para crian\u00e7as de 1 a 5 anos.<\/p>\n<p style=\"text-align: justify;\">Outro parceiro presente foi o Container com Letras, uma biblioteca itinerante de compartilhamento, que percorre v\u00e1rias cidades fazendo doa\u00e7\u00e3o de livros e tamb\u00e9m recebendo livros usados. O container permanecer\u00e1 no Parque das Amendoeiras at\u00e9 meados de setembro, quando seguir\u00e1 para outro espa\u00e7o p\u00fablico.<\/p>\n<p style=\"text-align: justify;\">Al\u00e9m disso, a van da Ouvidoria Cidad\u00e3 ficou estacionada dentro do Parque, recebendo todo o tipo de reclama\u00e7\u00e3o, sugest\u00e3o, elogio e d\u00favida dos cidad\u00e3os sobre os servi\u00e7os p\u00fablicos e o trabalho dos vereadores.<\/p>\n<p style=\"text-align: justify;\">Segundo a Ouvidora da C\u00e2mara, Gabriela Diniz, a maior parte das demandas dos cidad\u00e3os foi relativa \u00e0 pr\u00f3pria manuten\u00e7\u00e3o e seguran\u00e7a do Parque da Amendoeiras. Al\u00e9m disso, houve reclama\u00e7\u00f5es sobre IPTU e foram dadas algumas orienta\u00e7\u00f5es em rela\u00e7\u00e3o a servi\u00e7os da Prefeitura.<\/p>\n<p style=\"text-align: justify;\"><strong>Participa\u00e7\u00e3o do Legislativo<\/strong><\/p>\n<p style=\"text-align: justify;\">Durante a A\u00e7\u00e3o Social, estiveram presentes o presidente da C\u00e2mara, vereador Daniel Carvalho (PV), as duas vereadoras que representam a regi\u00e3o do Nacional na C\u00e2mara Municipal, Gl\u00f3ria da Aposentadoria (PRB) e Silvinha Dudu (PCdoB), al\u00e9m do administrador da Regional Nacional, Eduardo Rodrigues, e o representante da Secretaria de Governo, o ex-vereador Eduardo Sendon.<a href=\"http:\/\/www.cmc.mg.gov.br\/wordpress\/wp-content\/uploads\/2018\/08\/18-08-25-Ouvidoria-Cidad\u00e3-Fotos-Samuel-Junio-Tomaz-581-1-1.jpg\"><img loading=\"lazy\" decoding=\"async\" class=\"size-medium wp-image-11887 alignright\" src=\"http:\/\/www.cmc.mg.gov.br\/wordpress\/wp-content\/uploads\/2018\/08\/18-08-25-Ouvidoria-Cidad\u00e3-Fotos-Samuel-Junio-Tomaz-581-1-1-300x200.jpg\" alt=\"\" width=\"300\" height=\"200\" srcset=\"https:\/\/www.cmc.mg.gov.br\/wordpress\/wp-content\/uploads\/2018\/08\/18-08-25-Ouvidoria-Cidad\u00e3-Fotos-Samuel-Junio-Tomaz-581-1-1-300x200.jpg 300w, https:\/\/www.cmc.mg.gov.br\/wordpress\/wp-content\/uploads\/2018\/08\/18-08-25-Ouvidoria-Cidad\u00e3-Fotos-Samuel-Junio-Tomaz-581-1-1-768x512.jpg 768w, https:\/\/www.cmc.mg.gov.br\/wordpress\/wp-content\/uploads\/2018\/08\/18-08-25-Ouvidoria-Cidad\u00e3-Fotos-Samuel-Junio-Tomaz-581-1-1-1024x683.jpg 1024w\" sizes=\"auto, (max-width: 300px) 100vw, 300px\" \/><\/a><\/p>\n<p style=\"text-align: justify;\">Em sua fala, Daniel saudou a todos os presentes, agradeceu os parceiros e ressaltou a import\u00e2ncia do trabalho da Ouvidoria da C\u00e2mara. \u201cEste \u00e9 nosso esfor\u00e7o de romper os muros da C\u00e2mara e estar realmente mais pr\u00f3ximos da popula\u00e7\u00e3o. A C\u00e2mara j\u00e1 fez esta a\u00e7\u00e3o em algumas regi\u00f5es da cidade e ainda vamos percorrer a cidade inteira\u201d, anunciou.<\/p>\n<p style=\"text-align: justify;\">Gl\u00f3ria da Aposentadoria ressaltou que a a\u00e7\u00e3o itinerante da Ouvidoria \u00e9 de extrema import\u00e2ncia para as pessoas que n\u00e3o t\u00eam tempo e condi\u00e7\u00f5es de irem pessoalmente \u00e0 C\u00e2mara ou que n\u00e3o t\u00eam f\u00e1cil acesso a servi\u00e7os como os que foram oferecidos durante o evento.<\/p>\n<p style=\"text-align: justify;\">J\u00e1 Silvinha aproveitou a oportunidade para cobrar a\u00e7\u00f5es do Executivo. Primeiro, solicitou o retorno da Guarda Civil para as depend\u00eancias do Parque das Amendoeiras. \u201cEste \u00e9 um local frequentado por fam\u00edlias e a seguran\u00e7a da Guarda Civil \u00e9 imprescind\u00edvel\u201d, alertou. Por fim, anunciou a circula\u00e7\u00e3o de um abaixo-assinado que tem como objetivo a solicita\u00e7\u00e3o de uma Unidade de Pronto Atendimento (UPA) no Nacional. Atualmente, segundo Silvinha, as pessoas da regi\u00e3o que precisam de atendimento de urg\u00eancia t\u00eam que se deslocar para o Ressaca.<\/p>\n<p style=\"text-align: justify;\"><strong>Popula\u00e7\u00e3o aprovou a iniciativa<\/strong><\/p>\n<p style=\"text-align: justify;\">As amigas Maria das Gra\u00e7as Magalh\u00e3es e \u00c1urea Loiola Dias chegaram cedo ao evento. Depois de serem atendidas pela parceira Embelezze, que na ocasi\u00e3o fazia design de sobrancelha e maquiagem, andaram pelo Parque e foram pedir orienta\u00e7\u00f5es na van da Ouvidoria.<\/p>\n<p style=\"text-align: justify;\">O servidor da Ouvidoria, Diogo Barbosa, orientou \u00c1urea sobre diversas quest\u00f5es, dentre elas a cobran\u00e7a do IPTU residencial. J\u00e1 Maria das Gra\u00e7as foi uma das pessoas que pediram a perman\u00eancia da Guarda Civil no Parque das Amendoeiras. \u201cA sa\u00edda da Guarda daqui trouxe transtorno e inseguran\u00e7a\u201d, lamentou.<a href=\"http:\/\/www.cmc.mg.gov.br\/wordpress\/wp-content\/uploads\/2018\/08\/boa.jpg\"><img loading=\"lazy\" decoding=\"async\" class=\"size-medium wp-image-11889 alignleft\" src=\"http:\/\/www.cmc.mg.gov.br\/wordpress\/wp-content\/uploads\/2018\/08\/boa-300x168.jpg\" alt=\"\" width=\"300\" height=\"168\" srcset=\"https:\/\/www.cmc.mg.gov.br\/wordpress\/wp-content\/uploads\/2018\/08\/boa-300x168.jpg 300w, https:\/\/www.cmc.mg.gov.br\/wordpress\/wp-content\/uploads\/2018\/08\/boa-768x431.jpg 768w, https:\/\/www.cmc.mg.gov.br\/wordpress\/wp-content\/uploads\/2018\/08\/boa.jpg 1024w\" sizes=\"auto, (max-width: 300px) 100vw, 300px\" \/><\/a><\/p>\n<p style=\"text-align: justify;\">Satisfeita com o atendimento, Maria das Gra\u00e7as elogiou a iniciativa da C\u00e2mara. \u201cA gente s\u00f3 tem que agradecer. Eventos como esse s\u00f3 trazem benef\u00edcios para a comunidade. Tem que ter sempre\u201d.<\/p>\n<p style=\"text-align: justify;\">A pr\u00f3xima a\u00e7\u00e3o social da Ouvidoria Cidad\u00e3 vai acontecer em novembro, em dia e local ainda a ser confirmado. Segundo Gabriela Diniz, al\u00e9m das a\u00e7\u00f5es sociais a Ouvidoria da C\u00e2mara continua na feira do Eldorado todo primeiro s\u00e1bado de cada m\u00eas, e ainda h\u00e1 previs\u00e3o de duas visitas da van da Ouvidoria em regionais da cidade at\u00e9 o fim do ano.<\/p>\n<p style=\"text-align: justify;\"><strong>Canais de comunica\u00e7\u00e3o da Ouvidoria<\/strong><\/p>\n<p style=\"text-align: justify;\">Sendo mais uma ferramenta que amplia a transpar\u00eancia do Legislativo, ao lado do Portal da Transpar\u00eancia e dos meios de comunica\u00e7\u00e3o oficiais da C\u00e2mara, como o site, o Instagram e a p\u00e1gina oficial no Facebook, s\u00e3o disponibilizados quatro canais de acesso \u00e0 Ouvidoria:<\/p>\n<ul>\n<li style=\"text-align: justify;\">Disque Ouvidoria: (31) 3359-8702<\/li>\n<li style=\"text-align: justify;\">Carta Postal: Endere\u00e7ar \u00e0 C\u00e2mara Municipal de Contagem\/Ouvidoria \u2013 Pra\u00e7a S\u00e3o Gon\u00e7alo, n\u00ba 18, Centro \u2013 Contagem\/MG, Cep: 32017-170<\/li>\n<li style=\"text-align: justify;\">Email: ouvidoria@cmc.mg.gov.br<\/li>\n<li style=\"text-align: justify;\">Pessoalmente, na C\u00e2mara Municipal de Contagem<\/li>\n<\/ul>\n<p>&nbsp;<\/p>\n<p>Para ver a galeria de fotos deste evento, <a href=\"http:\/\/www.cmc.mg.gov.br\/?p=11815\" target=\"_blank\" rel=\"noopener noreferrer\">clique aqui.<\/a><\/p>\n<p>&nbsp;<\/p>\n","protected":false},"excerpt":{"rendered":"<p>Depois de quase dois meses de prepara\u00e7\u00e3o e divulga\u00e7\u00e3o intensas, a Ouvidoria Cidad\u00e3 da C\u00e2mara Municipal de Contagem realizou a segunda A\u00e7\u00e3o Social do ano, desta vez no Parque das Amendoeiras, Regional Nacional. Durante a manh\u00e3 do \u00faltimo s\u00e1bado (25\/08), centenas de moradores da regi\u00e3o puderam usufruir de mais de 20 servi\u00e7os gratuitos, al\u00e9m de &hellip; <a href=\"https:\/\/www.cmc.mg.gov.br\/?p=11885\" class=\"more-link\">Continue lendo <span class=\"screen-reader-text\">Ouvidoria Cidad\u00e3 da C\u00e2mara promove manh\u00e3 de a\u00e7\u00e3o social do Nacional<\/span> <span class=\"meta-nav\">&rarr;<\/span><\/a><\/p>\n","protected":false},"author":2,"featured_media":11886,"comment_status":"open","ping_status":"open","sticky":false,"template":"","format":"standard","meta":{"_exactmetrics_skip_tracking":false,"_exactmetrics_sitenote_active":false,"_exactmetrics_sitenote_note":"","_exactmetrics_sitenote_category":0,"footnotes":""},"categories":[8,11,27,187,3],"tags":[],"class_list":["post-11885","post","type-post","status-publish","format-standard","has-post-thumbnail","hentry","category-camara","category-eventos","category-noticias","category-ouvidoria","category-projetos-sociais"],"_links":{"self":[{"href":"https:\/\/www.cmc.mg.gov.br\/index.php?rest_route=\/wp\/v2\/posts\/11885","targetHints":{"allow":["GET"]}}],"collection":[{"href":"https:\/\/www.cmc.mg.gov.br\/index.php?rest_route=\/wp\/v2\/posts"}],"about":[{"href":"https:\/\/www.cmc.mg.gov.br\/index.php?rest_route=\/wp\/v2\/types\/post"}],"author":[{"embeddable":true,"href":"https:\/\/www.cmc.mg.gov.br\/index.php?rest_route=\/wp\/v2\/users\/2"}],"replies":[{"embeddable":true,"href":"https:\/\/www.cmc.mg.gov.br\/index.php?rest_route=%2Fwp%2Fv2%2Fcomments&post=11885"}],"version-history":[{"count":4,"href":"https:\/\/www.cmc.mg.gov.br\/index.php?rest_route=\/wp\/v2\/posts\/11885\/revisions"}],"predecessor-version":[{"id":17478,"href":"https:\/\/www.cmc.mg.gov.br\/index.php?rest_route=\/wp\/v2\/posts\/11885\/revisions\/17478"}],"wp:featuredmedia":[{"embeddable":true,"href":"https:\/\/www.cmc.mg.gov.br\/index.php?rest_route=\/wp\/v2\/media\/11886"}],"wp:attachment":[{"href":"https:\/\/www.cmc.mg.gov.br\/index.php?rest_route=%2Fwp%2Fv2%2Fmedia&parent=11885"}],"wp:term":[{"taxonomy":"category","embeddable":true,"href":"https:\/\/www.cmc.mg.gov.br\/index.php?rest_route=%2Fwp%2Fv2%2Fcategories&post=11885"},{"taxonomy":"post_tag","embeddable":true,"href":"https:\/\/www.cmc.mg.gov.br\/index.php?rest_route=%2Fwp%2Fv2%2Ftags&post=11885"}],"curies":[{"name":"wp","href":"https:\/\/api.w.org\/{rel}","templated":true}]}}