
{"id":12251,"date":"2018-10-01T17:11:02","date_gmt":"2018-10-01T20:11:02","guid":{"rendered":"http:\/\/www.cmc.mg.gov.br\/?p=12251"},"modified":"2018-10-03T15:49:30","modified_gmt":"2018-10-03T18:49:30","slug":"ouvidoria-da-camara-participa-do-dia-da-responsabilidade-social-2","status":"publish","type":"post","link":"https:\/\/www.cmc.mg.gov.br\/?p=12251","title":{"rendered":"Ouvidoria da C\u00e2mara participa do Dia da Responsabilidade Social"},"content":{"rendered":"<p style=\"text-align: justify;\">A Ouvidoria Cidad\u00e3 da C\u00e2mara Municipal de Contagem participou, no \u00faltimo s\u00e1bado (29\/09), de mais uma edi\u00e7\u00e3o do \u201cDia da Responsabilidade Social\u201d promovido pela Nova Faculdade, evento anual e j\u00e1 consagrado no calend\u00e1rio da institui\u00e7\u00e3o.\u00a0Neste ano, a C\u00e2mara Municipal de Contagem foi uma das dezenas de parceiros do evento, e disponibilizou a van e sua equipe durante a manh\u00e3 de s\u00e1bado, quando as pessoas que participaram do evento tiveram a oportunidade de registrar as demandas sobre os servi\u00e7os p\u00fablicos e o trabalho dos vereadores de Contagem.<\/p>\n<p>Confira as fotos do evento:<\/p>\n<div id='gallery-1' class='gallery galleryid-12251 gallery-columns-3 gallery-size-thumbnail'><figure class='gallery-item'>\n\t\t\t<div class='gallery-icon landscape'>\n\t\t\t\t<a href='https:\/\/www.cmc.mg.gov.br\/?attachment_id=12266'><img loading=\"lazy\" decoding=\"async\" width=\"150\" height=\"150\" src=\"https:\/\/www.cmc.mg.gov.br\/wordpress\/wp-content\/uploads\/2018\/10\/ouvidoria-150x150.jpg\" class=\"attachment-thumbnail size-thumbnail\" alt=\"\" srcset=\"https:\/\/www.cmc.mg.gov.br\/wordpress\/wp-content\/uploads\/2018\/10\/ouvidoria-150x150.jpg 150w, https:\/\/www.cmc.mg.gov.br\/wordpress\/wp-content\/uploads\/2018\/10\/ouvidoria-90x90.jpg 90w\" sizes=\"auto, (max-width: 150px) 100vw, 150px\" \/><\/a>\n\t\t\t<\/div><\/figure><figure class='gallery-item'>\n\t\t\t<div class='gallery-icon landscape'>\n\t\t\t\t<a href='https:\/\/www.cmc.mg.gov.br\/?attachment_id=12260'><img loading=\"lazy\" decoding=\"async\" width=\"150\" height=\"150\" src=\"https:\/\/www.cmc.mg.gov.br\/wordpress\/wp-content\/uploads\/2018\/10\/18-09-29-ouvidoria-na-nova-faculdade-fotos-lorena-carazza-45--150x150.jpg\" class=\"attachment-thumbnail size-thumbnail\" alt=\"\" srcset=\"https:\/\/www.cmc.mg.gov.br\/wordpress\/wp-content\/uploads\/2018\/10\/18-09-29-ouvidoria-na-nova-faculdade-fotos-lorena-carazza-45--150x150.jpg 150w, https:\/\/www.cmc.mg.gov.br\/wordpress\/wp-content\/uploads\/2018\/10\/18-09-29-ouvidoria-na-nova-faculdade-fotos-lorena-carazza-45--90x90.jpg 90w\" sizes=\"auto, (max-width: 150px) 100vw, 150px\" \/><\/a>\n\t\t\t<\/div><\/figure><figure class='gallery-item'>\n\t\t\t<div class='gallery-icon landscape'>\n\t\t\t\t<a href='https:\/\/www.cmc.mg.gov.br\/?attachment_id=12257'><img loading=\"lazy\" decoding=\"async\" width=\"150\" height=\"150\" src=\"https:\/\/www.cmc.mg.gov.br\/wordpress\/wp-content\/uploads\/2018\/10\/18-09-29-ouvidoria-na-nova-faculdade-fotos-lorena-carazza-38-1-1-150x150.jpg\" class=\"attachment-thumbnail size-thumbnail\" alt=\"\" srcset=\"https:\/\/www.cmc.mg.gov.br\/wordpress\/wp-content\/uploads\/2018\/10\/18-09-29-ouvidoria-na-nova-faculdade-fotos-lorena-carazza-38-1-1-150x150.jpg 150w, https:\/\/www.cmc.mg.gov.br\/wordpress\/wp-content\/uploads\/2018\/10\/18-09-29-ouvidoria-na-nova-faculdade-fotos-lorena-carazza-38-1-1-90x90.jpg 90w\" sizes=\"auto, (max-width: 150px) 100vw, 150px\" \/><\/a>\n\t\t\t<\/div><\/figure><figure class='gallery-item'>\n\t\t\t<div class='gallery-icon landscape'>\n\t\t\t\t<a href='https:\/\/www.cmc.mg.gov.br\/?attachment_id=12252'><img loading=\"lazy\" decoding=\"async\" width=\"150\" height=\"150\" src=\"https:\/\/www.cmc.mg.gov.br\/wordpress\/wp-content\/uploads\/2018\/10\/18-09-29-ouvidoria-na-nova-faculdade-fotos-lorena-carazza-26--150x150.jpg\" class=\"attachment-thumbnail size-thumbnail\" alt=\"\" srcset=\"https:\/\/www.cmc.mg.gov.br\/wordpress\/wp-content\/uploads\/2018\/10\/18-09-29-ouvidoria-na-nova-faculdade-fotos-lorena-carazza-26--150x150.jpg 150w, https:\/\/www.cmc.mg.gov.br\/wordpress\/wp-content\/uploads\/2018\/10\/18-09-29-ouvidoria-na-nova-faculdade-fotos-lorena-carazza-26--90x90.jpg 90w\" sizes=\"auto, (max-width: 150px) 100vw, 150px\" \/><\/a>\n\t\t\t<\/div><\/figure><figure class='gallery-item'>\n\t\t\t<div class='gallery-icon landscape'>\n\t\t\t\t<a href='https:\/\/www.cmc.mg.gov.br\/?attachment_id=12264'><img loading=\"lazy\" decoding=\"async\" width=\"150\" height=\"150\" src=\"https:\/\/www.cmc.mg.gov.br\/wordpress\/wp-content\/uploads\/2018\/10\/18-09-29-ouvidoria-na-nova-faculdade-fotos-lorena-carazza-58--150x150.jpg\" class=\"attachment-thumbnail size-thumbnail\" alt=\"\" srcset=\"https:\/\/www.cmc.mg.gov.br\/wordpress\/wp-content\/uploads\/2018\/10\/18-09-29-ouvidoria-na-nova-faculdade-fotos-lorena-carazza-58--150x150.jpg 150w, https:\/\/www.cmc.mg.gov.br\/wordpress\/wp-content\/uploads\/2018\/10\/18-09-29-ouvidoria-na-nova-faculdade-fotos-lorena-carazza-58--90x90.jpg 90w\" sizes=\"auto, (max-width: 150px) 100vw, 150px\" \/><\/a>\n\t\t\t<\/div><\/figure><figure class='gallery-item'>\n\t\t\t<div class='gallery-icon landscape'>\n\t\t\t\t<a href='https:\/\/www.cmc.mg.gov.br\/?attachment_id=12253'><img loading=\"lazy\" decoding=\"async\" width=\"150\" height=\"150\" src=\"https:\/\/www.cmc.mg.gov.br\/wordpress\/wp-content\/uploads\/2018\/10\/18-09-29-ouvidoria-na-nova-faculdade-fotos-lorena-carazza-30--150x150.jpg\" class=\"attachment-thumbnail size-thumbnail\" alt=\"\" srcset=\"https:\/\/www.cmc.mg.gov.br\/wordpress\/wp-content\/uploads\/2018\/10\/18-09-29-ouvidoria-na-nova-faculdade-fotos-lorena-carazza-30--150x150.jpg 150w, https:\/\/www.cmc.mg.gov.br\/wordpress\/wp-content\/uploads\/2018\/10\/18-09-29-ouvidoria-na-nova-faculdade-fotos-lorena-carazza-30--90x90.jpg 90w\" sizes=\"auto, (max-width: 150px) 100vw, 150px\" \/><\/a>\n\t\t\t<\/div><\/figure><figure class='gallery-item'>\n\t\t\t<div class='gallery-icon landscape'>\n\t\t\t\t<a href='https:\/\/www.cmc.mg.gov.br\/?attachment_id=12254'><img loading=\"lazy\" decoding=\"async\" width=\"150\" height=\"150\" src=\"https:\/\/www.cmc.mg.gov.br\/wordpress\/wp-content\/uploads\/2018\/10\/18-09-29-ouvidoria-na-nova-faculdade-fotos-lorena-carazza-33--150x150.jpg\" class=\"attachment-thumbnail size-thumbnail\" alt=\"\" srcset=\"https:\/\/www.cmc.mg.gov.br\/wordpress\/wp-content\/uploads\/2018\/10\/18-09-29-ouvidoria-na-nova-faculdade-fotos-lorena-carazza-33--150x150.jpg 150w, https:\/\/www.cmc.mg.gov.br\/wordpress\/wp-content\/uploads\/2018\/10\/18-09-29-ouvidoria-na-nova-faculdade-fotos-lorena-carazza-33--90x90.jpg 90w\" sizes=\"auto, (max-width: 150px) 100vw, 150px\" \/><\/a>\n\t\t\t<\/div><\/figure><figure class='gallery-item'>\n\t\t\t<div class='gallery-icon landscape'>\n\t\t\t\t<a href='https:\/\/www.cmc.mg.gov.br\/?attachment_id=12255'><img loading=\"lazy\" decoding=\"async\" width=\"150\" height=\"150\" src=\"https:\/\/www.cmc.mg.gov.br\/wordpress\/wp-content\/uploads\/2018\/10\/18-09-29-ouvidoria-na-nova-faculdade-fotos-lorena-carazza-35--150x150.jpg\" class=\"attachment-thumbnail size-thumbnail\" alt=\"\" srcset=\"https:\/\/www.cmc.mg.gov.br\/wordpress\/wp-content\/uploads\/2018\/10\/18-09-29-ouvidoria-na-nova-faculdade-fotos-lorena-carazza-35--150x150.jpg 150w, https:\/\/www.cmc.mg.gov.br\/wordpress\/wp-content\/uploads\/2018\/10\/18-09-29-ouvidoria-na-nova-faculdade-fotos-lorena-carazza-35--90x90.jpg 90w\" sizes=\"auto, (max-width: 150px) 100vw, 150px\" \/><\/a>\n\t\t\t<\/div><\/figure><figure class='gallery-item'>\n\t\t\t<div class='gallery-icon landscape'>\n\t\t\t\t<a href='https:\/\/www.cmc.mg.gov.br\/?attachment_id=12256'><img loading=\"lazy\" decoding=\"async\" width=\"150\" height=\"150\" src=\"https:\/\/www.cmc.mg.gov.br\/wordpress\/wp-content\/uploads\/2018\/10\/18-09-29-ouvidoria-na-nova-faculdade-fotos-lorena-carazza-37--150x150.jpg\" class=\"attachment-thumbnail size-thumbnail\" alt=\"\" srcset=\"https:\/\/www.cmc.mg.gov.br\/wordpress\/wp-content\/uploads\/2018\/10\/18-09-29-ouvidoria-na-nova-faculdade-fotos-lorena-carazza-37--150x150.jpg 150w, https:\/\/www.cmc.mg.gov.br\/wordpress\/wp-content\/uploads\/2018\/10\/18-09-29-ouvidoria-na-nova-faculdade-fotos-lorena-carazza-37--90x90.jpg 90w\" sizes=\"auto, (max-width: 150px) 100vw, 150px\" \/><\/a>\n\t\t\t<\/div><\/figure><figure class='gallery-item'>\n\t\t\t<div class='gallery-icon landscape'>\n\t\t\t\t<a href='https:\/\/www.cmc.mg.gov.br\/?attachment_id=12258'><img loading=\"lazy\" decoding=\"async\" width=\"150\" height=\"150\" src=\"https:\/\/www.cmc.mg.gov.br\/wordpress\/wp-content\/uploads\/2018\/10\/18-09-29-ouvidoria-na-nova-faculdade-fotos-lorena-carazza-41--150x150.jpg\" class=\"attachment-thumbnail size-thumbnail\" alt=\"\" srcset=\"https:\/\/www.cmc.mg.gov.br\/wordpress\/wp-content\/uploads\/2018\/10\/18-09-29-ouvidoria-na-nova-faculdade-fotos-lorena-carazza-41--150x150.jpg 150w, https:\/\/www.cmc.mg.gov.br\/wordpress\/wp-content\/uploads\/2018\/10\/18-09-29-ouvidoria-na-nova-faculdade-fotos-lorena-carazza-41--90x90.jpg 90w\" sizes=\"auto, (max-width: 150px) 100vw, 150px\" \/><\/a>\n\t\t\t<\/div><\/figure><figure class='gallery-item'>\n\t\t\t<div class='gallery-icon landscape'>\n\t\t\t\t<a href='https:\/\/www.cmc.mg.gov.br\/?attachment_id=12259'><img loading=\"lazy\" decoding=\"async\" width=\"150\" height=\"150\" src=\"https:\/\/www.cmc.mg.gov.br\/wordpress\/wp-content\/uploads\/2018\/10\/18-09-29-ouvidoria-na-nova-faculdade-fotos-lorena-carazza-44--150x150.jpg\" class=\"attachment-thumbnail size-thumbnail\" alt=\"\" srcset=\"https:\/\/www.cmc.mg.gov.br\/wordpress\/wp-content\/uploads\/2018\/10\/18-09-29-ouvidoria-na-nova-faculdade-fotos-lorena-carazza-44--150x150.jpg 150w, https:\/\/www.cmc.mg.gov.br\/wordpress\/wp-content\/uploads\/2018\/10\/18-09-29-ouvidoria-na-nova-faculdade-fotos-lorena-carazza-44--90x90.jpg 90w\" sizes=\"auto, (max-width: 150px) 100vw, 150px\" \/><\/a>\n\t\t\t<\/div><\/figure><figure class='gallery-item'>\n\t\t\t<div class='gallery-icon landscape'>\n\t\t\t\t<a href='https:\/\/www.cmc.mg.gov.br\/?attachment_id=12261'><img loading=\"lazy\" decoding=\"async\" width=\"150\" height=\"150\" src=\"https:\/\/www.cmc.mg.gov.br\/wordpress\/wp-content\/uploads\/2018\/10\/18-09-29-ouvidoria-na-nova-faculdade-fotos-lorena-carazza-50--150x150.jpg\" class=\"attachment-thumbnail size-thumbnail\" alt=\"\" srcset=\"https:\/\/www.cmc.mg.gov.br\/wordpress\/wp-content\/uploads\/2018\/10\/18-09-29-ouvidoria-na-nova-faculdade-fotos-lorena-carazza-50--150x150.jpg 150w, https:\/\/www.cmc.mg.gov.br\/wordpress\/wp-content\/uploads\/2018\/10\/18-09-29-ouvidoria-na-nova-faculdade-fotos-lorena-carazza-50--90x90.jpg 90w\" sizes=\"auto, (max-width: 150px) 100vw, 150px\" \/><\/a>\n\t\t\t<\/div><\/figure><figure class='gallery-item'>\n\t\t\t<div class='gallery-icon landscape'>\n\t\t\t\t<a href='https:\/\/www.cmc.mg.gov.br\/?attachment_id=12262'><img loading=\"lazy\" decoding=\"async\" width=\"150\" height=\"150\" src=\"https:\/\/www.cmc.mg.gov.br\/wordpress\/wp-content\/uploads\/2018\/10\/18-09-29-ouvidoria-na-nova-faculdade-fotos-lorena-carazza-53--150x150.jpg\" class=\"attachment-thumbnail size-thumbnail\" alt=\"\" srcset=\"https:\/\/www.cmc.mg.gov.br\/wordpress\/wp-content\/uploads\/2018\/10\/18-09-29-ouvidoria-na-nova-faculdade-fotos-lorena-carazza-53--150x150.jpg 150w, https:\/\/www.cmc.mg.gov.br\/wordpress\/wp-content\/uploads\/2018\/10\/18-09-29-ouvidoria-na-nova-faculdade-fotos-lorena-carazza-53--90x90.jpg 90w\" sizes=\"auto, (max-width: 150px) 100vw, 150px\" \/><\/a>\n\t\t\t<\/div><\/figure><figure class='gallery-item'>\n\t\t\t<div class='gallery-icon landscape'>\n\t\t\t\t<a href='https:\/\/www.cmc.mg.gov.br\/?attachment_id=12263'><img loading=\"lazy\" decoding=\"async\" width=\"150\" height=\"150\" src=\"https:\/\/www.cmc.mg.gov.br\/wordpress\/wp-content\/uploads\/2018\/10\/18-09-29-ouvidoria-na-nova-faculdade-fotos-lorena-carazza-54--150x150.jpg\" class=\"attachment-thumbnail size-thumbnail\" alt=\"\" srcset=\"https:\/\/www.cmc.mg.gov.br\/wordpress\/wp-content\/uploads\/2018\/10\/18-09-29-ouvidoria-na-nova-faculdade-fotos-lorena-carazza-54--150x150.jpg 150w, https:\/\/www.cmc.mg.gov.br\/wordpress\/wp-content\/uploads\/2018\/10\/18-09-29-ouvidoria-na-nova-faculdade-fotos-lorena-carazza-54--90x90.jpg 90w\" sizes=\"auto, (max-width: 150px) 100vw, 150px\" \/><\/a>\n\t\t\t<\/div><\/figure>\n\t\t<\/div>\n\n","protected":false},"excerpt":{"rendered":"<p>A Ouvidoria Cidad\u00e3 da C\u00e2mara Municipal de Contagem participou, no \u00faltimo s\u00e1bado (29\/09), de mais uma edi\u00e7\u00e3o do \u201cDia da Responsabilidade Social\u201d promovido pela Nova Faculdade, evento anual e j\u00e1 consagrado no calend\u00e1rio da institui\u00e7\u00e3o.\u00a0Neste ano, a C\u00e2mara Municipal de Contagem foi uma das dezenas de parceiros do evento, e disponibilizou a van e sua &hellip; <a href=\"https:\/\/www.cmc.mg.gov.br\/?p=12251\" class=\"more-link\">Continue lendo <span class=\"screen-reader-text\">Ouvidoria da C\u00e2mara participa do Dia da Responsabilidade Social<\/span> <span class=\"meta-nav\">&rarr;<\/span><\/a><\/p>\n","protected":false},"author":2,"featured_media":12257,"comment_status":"open","ping_status":"open","sticky":false,"template":"","format":"standard","meta":{"_exactmetrics_skip_tracking":false,"_exactmetrics_sitenote_active":false,"_exactmetrics_sitenote_note":"","_exactmetrics_sitenote_category":0,"footnotes":""},"categories":[32],"tags":[],"class_list":["post-12251","post","type-post","status-publish","format-standard","has-post-thumbnail","hentry","category-galeria-de-fotos"],"_links":{"self":[{"href":"https:\/\/www.cmc.mg.gov.br\/index.php?rest_route=\/wp\/v2\/posts\/12251","targetHints":{"allow":["GET"]}}],"collection":[{"href":"https:\/\/www.cmc.mg.gov.br\/index.php?rest_route=\/wp\/v2\/posts"}],"about":[{"href":"https:\/\/www.cmc.mg.gov.br\/index.php?rest_route=\/wp\/v2\/types\/post"}],"author":[{"embeddable":true,"href":"https:\/\/www.cmc.mg.gov.br\/index.php?rest_route=\/wp\/v2\/users\/2"}],"replies":[{"embeddable":true,"href":"https:\/\/www.cmc.mg.gov.br\/index.php?rest_route=%2Fwp%2Fv2%2Fcomments&post=12251"}],"version-history":[{"count":1,"href":"https:\/\/www.cmc.mg.gov.br\/index.php?rest_route=\/wp\/v2\/posts\/12251\/revisions"}],"predecessor-version":[{"id":12267,"href":"https:\/\/www.cmc.mg.gov.br\/index.php?rest_route=\/wp\/v2\/posts\/12251\/revisions\/12267"}],"wp:featuredmedia":[{"embeddable":true,"href":"https:\/\/www.cmc.mg.gov.br\/index.php?rest_route=\/wp\/v2\/media\/12257"}],"wp:attachment":[{"href":"https:\/\/www.cmc.mg.gov.br\/index.php?rest_route=%2Fwp%2Fv2%2Fmedia&parent=12251"}],"wp:term":[{"taxonomy":"category","embeddable":true,"href":"https:\/\/www.cmc.mg.gov.br\/index.php?rest_route=%2Fwp%2Fv2%2Fcategories&post=12251"},{"taxonomy":"post_tag","embeddable":true,"href":"https:\/\/www.cmc.mg.gov.br\/index.php?rest_route=%2Fwp%2Fv2%2Ftags&post=12251"}],"curies":[{"name":"wp","href":"https:\/\/api.w.org\/{rel}","templated":true}]}}