
{"id":12269,"date":"2018-10-02T14:13:09","date_gmt":"2018-10-02T17:13:09","guid":{"rendered":"http:\/\/www.cmc.mg.gov.br\/?p=12269"},"modified":"2018-10-02T14:13:09","modified_gmt":"2018-10-02T17:13:09","slug":"cultura-na-camara-de-outubro-traz-a-arte-da-pintura-em-tela","status":"publish","type":"post","link":"https:\/\/www.cmc.mg.gov.br\/?p=12269","title":{"rendered":"Cultura na C\u00e2mara de outubro traz a arte da pintura em tela"},"content":{"rendered":"<p style=\"text-align: justify;\">Primeira ter\u00e7a-feira do m\u00eas \u00e9 dia de Cultura na C\u00e2mara. Por isso, os vereadores, servidores e visitantes da C\u00e2mara tiveram a oportunidade de ver expostos, na manh\u00e3 desta ter\u00e7a-feira (02\/10), no hall do Legislativo, a coletiva de pinturas em tela do Ateli\u00ea Marih\u2019artes.<\/p>\n<p style=\"text-align: justify;\">O ateli\u00ea, localizado no Eldorado, tem 15 anos de exist\u00eancia e tem como objetivo levar a arte da pintura em tela a todas as faixas et\u00e1rias, oferecendo aulas que desenvolvem t\u00e9cnicas de pinturas para crian\u00e7as, jovens, adultos ou idosos.<\/p>\n<p style=\"text-align: justify;\">Os fundadores, Maria de F\u00e1tima Santos e Vagner Machado, trouxeram para a exposi\u00e7\u00e3o dezenas de quadros dos alunos Bernardo Gomes Rodrigues, Geraldo Avelar, Gl\u00e1ucio Galv\u00e3o, Maria Alice Martins, Nathalia Matos, Perc\u00edlia Pereira, Ricardo Rizzuto e Rita de Cassia Queiroga. Nas pinturas, paisagens, flores, animais, objetos com detalhes, entre outros.<\/p>\n<p style=\"text-align: justify;\">As telas ficam expostas no hall da C\u00e2mara at\u00e9 o dia 31 de outubro e a visita\u00e7\u00e3o \u00e9 gratuita. O hor\u00e1rio de funcionamento \u00e9 o mesmo da C\u00e2mara Municipal de Contagem: de segunda a sexta, das 9h \u00e0s 18h.<\/p>\n<p style=\"text-align: justify;\">\n<p style=\"text-align: justify;\">Ateli\u00ea Marih\u2019artes \u2013 Rua Monsenhor Bicalho, 203, Eldorado\/Contagem. Telefone: (31) 2557-2486<\/p>\n","protected":false},"excerpt":{"rendered":"<p>Primeira ter\u00e7a-feira do m\u00eas \u00e9 dia de Cultura na C\u00e2mara. Por isso, os vereadores, servidores e visitantes da C\u00e2mara tiveram a oportunidade de ver expostos, na manh\u00e3 desta ter\u00e7a-feira (02\/10), no hall do Legislativo, a coletiva de pinturas em tela do Ateli\u00ea Marih\u2019artes. O ateli\u00ea, localizado no Eldorado, tem 15 anos de exist\u00eancia e tem &hellip; <a href=\"https:\/\/www.cmc.mg.gov.br\/?p=12269\" class=\"more-link\">Continue lendo <span class=\"screen-reader-text\">Cultura na C\u00e2mara de outubro traz a arte da pintura em tela<\/span> <span class=\"meta-nav\">&rarr;<\/span><\/a><\/p>\n","protected":false},"author":2,"featured_media":12270,"comment_status":"open","ping_status":"open","sticky":false,"template":"","format":"standard","meta":{"_exactmetrics_skip_tracking":false,"_exactmetrics_sitenote_active":false,"_exactmetrics_sitenote_note":"","_exactmetrics_sitenote_category":0,"footnotes":""},"categories":[200,27],"tags":[],"class_list":["post-12269","post","type-post","status-publish","format-standard","has-post-thumbnail","hentry","category-cultura-na-camara","category-noticias"],"_links":{"self":[{"href":"https:\/\/www.cmc.mg.gov.br\/index.php?rest_route=\/wp\/v2\/posts\/12269","targetHints":{"allow":["GET"]}}],"collection":[{"href":"https:\/\/www.cmc.mg.gov.br\/index.php?rest_route=\/wp\/v2\/posts"}],"about":[{"href":"https:\/\/www.cmc.mg.gov.br\/index.php?rest_route=\/wp\/v2\/types\/post"}],"author":[{"embeddable":true,"href":"https:\/\/www.cmc.mg.gov.br\/index.php?rest_route=\/wp\/v2\/users\/2"}],"replies":[{"embeddable":true,"href":"https:\/\/www.cmc.mg.gov.br\/index.php?rest_route=%2Fwp%2Fv2%2Fcomments&post=12269"}],"version-history":[{"count":1,"href":"https:\/\/www.cmc.mg.gov.br\/index.php?rest_route=\/wp\/v2\/posts\/12269\/revisions"}],"predecessor-version":[{"id":12271,"href":"https:\/\/www.cmc.mg.gov.br\/index.php?rest_route=\/wp\/v2\/posts\/12269\/revisions\/12271"}],"wp:featuredmedia":[{"embeddable":true,"href":"https:\/\/www.cmc.mg.gov.br\/index.php?rest_route=\/wp\/v2\/media\/12270"}],"wp:attachment":[{"href":"https:\/\/www.cmc.mg.gov.br\/index.php?rest_route=%2Fwp%2Fv2%2Fmedia&parent=12269"}],"wp:term":[{"taxonomy":"category","embeddable":true,"href":"https:\/\/www.cmc.mg.gov.br\/index.php?rest_route=%2Fwp%2Fv2%2Fcategories&post=12269"},{"taxonomy":"post_tag","embeddable":true,"href":"https:\/\/www.cmc.mg.gov.br\/index.php?rest_route=%2Fwp%2Fv2%2Ftags&post=12269"}],"curies":[{"name":"wp","href":"https:\/\/api.w.org\/{rel}","templated":true}]}}