
{"id":12610,"date":"2018-11-14T17:52:15","date_gmt":"2018-11-14T19:52:15","guid":{"rendered":"http:\/\/www.cmc.mg.gov.br\/?p=12610"},"modified":"2020-08-15T12:03:47","modified_gmt":"2020-08-15T15:03:47","slug":"acao-social-da-ouvidoria-cidada-na-praca-da-gloria-eldorado","status":"publish","type":"post","link":"https:\/\/www.cmc.mg.gov.br\/?p=12610","title":{"rendered":"A\u00e7\u00e3o Social da Ouvidoria Cidad\u00e3 na Pra\u00e7a da Gl\u00f3ria &#8211; Eldorado"},"content":{"rendered":"<p style=\"text-align: justify;\">A terceira a\u00e7\u00e3o social deste ano da Ouvidoria Cidad\u00e3 da C\u00e2mara Municipal de Contagem est\u00e1 chegando na Regional Eldorado. No dia 24 de novembro, s\u00e1bado, das 9h \u00e0s 14h, v\u00e1rios servi\u00e7os gratuitos e lazer estar\u00e3o \u00e0 disposi\u00e7\u00e3o da popula\u00e7\u00e3o na Pra\u00e7a da Gl\u00f3ria.<\/p>\n<p style=\"text-align: justify;\">Confira toda a programa\u00e7\u00e3o:<\/p>\n<p><a href=\"http:\/\/www.cmc.mg.gov.br\/wordpress\/wp-content\/uploads\/2018\/11\/verso.png\"><img loading=\"lazy\" decoding=\"async\" class=\"aligncenter wp-image-12612 size-full\" src=\"http:\/\/www.cmc.mg.gov.br\/wordpress\/wp-content\/uploads\/2018\/11\/verso.png\" alt=\"\" width=\"2101\" height=\"2970\" srcset=\"https:\/\/www.cmc.mg.gov.br\/wordpress\/wp-content\/uploads\/2018\/11\/verso.png 2101w, https:\/\/www.cmc.mg.gov.br\/wordpress\/wp-content\/uploads\/2018\/11\/verso-212x300.png 212w, https:\/\/www.cmc.mg.gov.br\/wordpress\/wp-content\/uploads\/2018\/11\/verso-768x1086.png 768w, https:\/\/www.cmc.mg.gov.br\/wordpress\/wp-content\/uploads\/2018\/11\/verso-724x1024.png 724w\" sizes=\"auto, (max-width: 2101px) 100vw, 2101px\" \/><\/a><\/p>\n","protected":false},"excerpt":{"rendered":"<p>A terceira a\u00e7\u00e3o social deste ano da Ouvidoria Cidad\u00e3 da C\u00e2mara Municipal de Contagem est\u00e1 chegando na Regional Eldorado. No dia 24 de novembro, s\u00e1bado, das 9h \u00e0s 14h, v\u00e1rios servi\u00e7os gratuitos e lazer estar\u00e3o \u00e0 disposi\u00e7\u00e3o da popula\u00e7\u00e3o na Pra\u00e7a da Gl\u00f3ria. Confira toda a programa\u00e7\u00e3o:<\/p>\n","protected":false},"author":2,"featured_media":12613,"comment_status":"open","ping_status":"open","sticky":false,"template":"","format":"standard","meta":{"_exactmetrics_skip_tracking":false,"_exactmetrics_sitenote_active":false,"_exactmetrics_sitenote_note":"","_exactmetrics_sitenote_category":0,"footnotes":""},"categories":[8,25,11,24,27,187,3],"tags":[],"class_list":["post-12610","post","type-post","status-publish","format-standard","has-post-thumbnail","hentry","category-camara","category-colaboradores","category-eventos","category-eventos-institucionais","category-noticias","category-ouvidoria","category-projetos-sociais"],"_links":{"self":[{"href":"https:\/\/www.cmc.mg.gov.br\/index.php?rest_route=\/wp\/v2\/posts\/12610","targetHints":{"allow":["GET"]}}],"collection":[{"href":"https:\/\/www.cmc.mg.gov.br\/index.php?rest_route=\/wp\/v2\/posts"}],"about":[{"href":"https:\/\/www.cmc.mg.gov.br\/index.php?rest_route=\/wp\/v2\/types\/post"}],"author":[{"embeddable":true,"href":"https:\/\/www.cmc.mg.gov.br\/index.php?rest_route=\/wp\/v2\/users\/2"}],"replies":[{"embeddable":true,"href":"https:\/\/www.cmc.mg.gov.br\/index.php?rest_route=%2Fwp%2Fv2%2Fcomments&post=12610"}],"version-history":[{"count":1,"href":"https:\/\/www.cmc.mg.gov.br\/index.php?rest_route=\/wp\/v2\/posts\/12610\/revisions"}],"predecessor-version":[{"id":12614,"href":"https:\/\/www.cmc.mg.gov.br\/index.php?rest_route=\/wp\/v2\/posts\/12610\/revisions\/12614"}],"wp:featuredmedia":[{"embeddable":true,"href":"https:\/\/www.cmc.mg.gov.br\/index.php?rest_route=\/wp\/v2\/media\/12613"}],"wp:attachment":[{"href":"https:\/\/www.cmc.mg.gov.br\/index.php?rest_route=%2Fwp%2Fv2%2Fmedia&parent=12610"}],"wp:term":[{"taxonomy":"category","embeddable":true,"href":"https:\/\/www.cmc.mg.gov.br\/index.php?rest_route=%2Fwp%2Fv2%2Fcategories&post=12610"},{"taxonomy":"post_tag","embeddable":true,"href":"https:\/\/www.cmc.mg.gov.br\/index.php?rest_route=%2Fwp%2Fv2%2Ftags&post=12610"}],"curies":[{"name":"wp","href":"https:\/\/api.w.org\/{rel}","templated":true}]}}