
{"id":13074,"date":"2019-02-25T10:28:26","date_gmt":"2019-02-25T13:28:26","guid":{"rendered":"http:\/\/www.cmc.mg.gov.br\/?p=13074"},"modified":"2019-02-25T10:33:19","modified_gmt":"2019-02-25T13:33:19","slug":"comissao-de-educacao-da-camara-realiza-audiencia-publica-nesta-terca-feira","status":"publish","type":"post","link":"https:\/\/www.cmc.mg.gov.br\/?p=13074","title":{"rendered":"Comiss\u00e3o de Educa\u00e7\u00e3o da C\u00e2mara realiza audi\u00eancia p\u00fablica nesta ter\u00e7a-feira"},"content":{"rendered":"<p style=\"text-align: justify;\">A C\u00e2mara Municipal de Contagem, por meio da sua Comiss\u00e3o Externa de Educa\u00e7\u00e3o, realiza, a partir das 19h desta ter\u00e7a-feira (26\/02), no plen\u00e1rio, uma audi\u00eancia p\u00fablica que vai discutir o modelo de parceria p\u00fablico-privada (PPP) para a implanta\u00e7\u00e3o das Escolas em Tempo Integral no munic\u00edpio.<\/p>\n<p style=\"text-align: justify;\">O modelo de Parceria P\u00fablico-Privada para a Educa\u00e7\u00e3o em Contagem, proposta por meio de Projeto de Lei pelo Executivo, <a href=\"http:\/\/www.cmc.mg.gov.br\/?p=12213\" target=\"_blank\" rel=\"noopener\">foi aprovado em setembro do ano passado<\/a> pela maioria dos vereadores \u2013 <a href=\"http:\/\/www.contagem.mg.gov.br\/?legislacao=609343\" target=\"_blank\" rel=\"noopener\">Lei Municipal 4.963\/2018<\/a>.<\/p>\n<p style=\"text-align: justify;\">A escolha da empresa que executar\u00e1 os projetos das ETI ser\u00e1 feita por licita\u00e7\u00e3o, no modelo de concess\u00e3o administrativa. A vencedora do processo licitat\u00f3rio dever\u00e1 construir cinco escolas, reformar e adequar outras duas, que funcionar\u00e3o em per\u00edodo integral e oferecer\u00e3o atividades no turno e contra turno escolar para os estudantes de Contagem.<\/p>\n<p style=\"text-align: justify;\">Al\u00e9m disso, ser\u00e1 responsabilidade da empresa vencedora a aquisi\u00e7\u00e3o de mobili\u00e1rio e equipamentos de tecnologia de informa\u00e7\u00e3o, opera\u00e7\u00e3o, manuten\u00e7\u00e3o e reposi\u00e7\u00e3o estrutural e a presta\u00e7\u00e3o de servi\u00e7os administrativos, de seguran\u00e7a, de higiene e limpeza e manuten\u00e7\u00e3o e conserva\u00e7\u00e3o predial nas sete ETI que funcionar\u00e3o em Contagem.<\/p>\n<p style=\"text-align: justify;\">Em 28 de janeiro, a Secretaria Municipal de Educa\u00e7\u00e3o realizou uma <a href=\"http:\/\/www.contagem.mg.gov.br\/novoportal\/2019\/01\/29\/prefeitura-realiza-audiencia-publica-sobre-escolas-em-tempo-integral-2\/\" target=\"_blank\" rel=\"noopener\">audi\u00eancia<\/a> que tratou do tema, tamb\u00e9m na C\u00e2mara Municipal, cumprindo uma obriga\u00e7\u00e3o legal.<\/p>\n<p style=\"text-align: justify;\">Agora, a Comiss\u00e3o Externa de Educa\u00e7\u00e3o do Legislativo se mobiliza para fazer a discuss\u00e3o. Espera-se a participa\u00e7\u00e3o de representantes do Executivo, especialmente das Secretarias de Governo e de Educa\u00e7\u00e3o, do Sindi-Ute, dos vereadores e da sociedade civil.<\/p>\n<p>&nbsp;<\/p>\n<p>&nbsp;<\/p>\n","protected":false},"excerpt":{"rendered":"<p>A C\u00e2mara Municipal de Contagem, por meio da sua Comiss\u00e3o Externa de Educa\u00e7\u00e3o, realiza, a partir das 19h desta ter\u00e7a-feira (26\/02), no plen\u00e1rio, uma audi\u00eancia p\u00fablica que vai discutir o modelo de parceria p\u00fablico-privada (PPP) para a implanta\u00e7\u00e3o das Escolas em Tempo Integral no munic\u00edpio. O modelo de Parceria P\u00fablico-Privada para a Educa\u00e7\u00e3o em Contagem, &hellip; <a href=\"https:\/\/www.cmc.mg.gov.br\/?p=13074\" class=\"more-link\">Continue lendo <span class=\"screen-reader-text\">Comiss\u00e3o de Educa\u00e7\u00e3o da C\u00e2mara realiza audi\u00eancia p\u00fablica nesta ter\u00e7a-feira<\/span> <span class=\"meta-nav\">&rarr;<\/span><\/a><\/p>\n","protected":false},"author":2,"featured_media":13075,"comment_status":"open","ping_status":"open","sticky":false,"template":"","format":"standard","meta":{"_exactmetrics_skip_tracking":false,"_exactmetrics_sitenote_active":false,"_exactmetrics_sitenote_note":"","_exactmetrics_sitenote_category":0,"footnotes":""},"categories":[23,8,15,11,24,27],"tags":[],"class_list":["post-13074","post","type-post","status-publish","format-standard","has-post-thumbnail","hentry","category-audiencias-publicas","category-camara","category-comissoes","category-eventos","category-eventos-institucionais","category-noticias"],"_links":{"self":[{"href":"https:\/\/www.cmc.mg.gov.br\/index.php?rest_route=\/wp\/v2\/posts\/13074","targetHints":{"allow":["GET"]}}],"collection":[{"href":"https:\/\/www.cmc.mg.gov.br\/index.php?rest_route=\/wp\/v2\/posts"}],"about":[{"href":"https:\/\/www.cmc.mg.gov.br\/index.php?rest_route=\/wp\/v2\/types\/post"}],"author":[{"embeddable":true,"href":"https:\/\/www.cmc.mg.gov.br\/index.php?rest_route=\/wp\/v2\/users\/2"}],"replies":[{"embeddable":true,"href":"https:\/\/www.cmc.mg.gov.br\/index.php?rest_route=%2Fwp%2Fv2%2Fcomments&post=13074"}],"version-history":[{"count":1,"href":"https:\/\/www.cmc.mg.gov.br\/index.php?rest_route=\/wp\/v2\/posts\/13074\/revisions"}],"predecessor-version":[{"id":13076,"href":"https:\/\/www.cmc.mg.gov.br\/index.php?rest_route=\/wp\/v2\/posts\/13074\/revisions\/13076"}],"wp:featuredmedia":[{"embeddable":true,"href":"https:\/\/www.cmc.mg.gov.br\/index.php?rest_route=\/wp\/v2\/media\/13075"}],"wp:attachment":[{"href":"https:\/\/www.cmc.mg.gov.br\/index.php?rest_route=%2Fwp%2Fv2%2Fmedia&parent=13074"}],"wp:term":[{"taxonomy":"category","embeddable":true,"href":"https:\/\/www.cmc.mg.gov.br\/index.php?rest_route=%2Fwp%2Fv2%2Fcategories&post=13074"},{"taxonomy":"post_tag","embeddable":true,"href":"https:\/\/www.cmc.mg.gov.br\/index.php?rest_route=%2Fwp%2Fv2%2Ftags&post=13074"}],"curies":[{"name":"wp","href":"https:\/\/api.w.org\/{rel}","templated":true}]}}