
{"id":13106,"date":"2019-02-28T15:45:38","date_gmt":"2019-02-28T18:45:38","guid":{"rendered":"http:\/\/www.cmc.mg.gov.br\/?p=13106"},"modified":"2019-02-28T16:27:56","modified_gmt":"2019-02-28T19:27:56","slug":"comissao-de-educacao-da-camara-realiza-audiencia-publica","status":"publish","type":"post","link":"https:\/\/www.cmc.mg.gov.br\/?p=13106","title":{"rendered":"Comiss\u00e3o de Educa\u00e7\u00e3o da C\u00e2mara realiza Audi\u00eancia P\u00fablica"},"content":{"rendered":"<p style=\"text-align: justify;\">A C\u00e2mara Municipal de Contagem, por meio da Comiss\u00e3o Externa de Educa\u00e7\u00e3o, realizou, na noite desta ter\u00e7a-feira (26\/2), uma audi\u00eancia p\u00fablica para debater a Parceria P\u00fablico Privada (PPP) para a implanta\u00e7\u00e3o das Escolas em Tempo Integral no munic\u00edpio. O presidente da Comiss\u00e3o, vereador Dr. Rubens Campos (PSDC), dirigiu a sess\u00e3o ao lado do vereador Alex Chiodi (SD), vice-presidente.<\/p>\n<p style=\"text-align: justify;\">Participaram do evento a secret\u00e1ria Municipal de Educa\u00e7\u00e3o, Sueli Baliza, o subsecret\u00e1rio de Educa\u00e7\u00e3o, S\u00e9rgio Mendes, o coordenador do escrit\u00f3rio de parcerias estrat\u00e9gicas, Luis Andr\u00e9 Vasconcelos, e o\u00a0subsecret\u00e1rio de Relacionamento com a Sociedade Civil<strong>,<\/strong>\u00a0Adriano Faria. Os vereadores Daniel do Irineu (PP) e Pastor Itamar (PRB) tamb\u00e9m estiveram presentes, juntamente, com o representante do Sind-Ute, Gustavo Ol\u00edmpio, educadores, representantes sindicais e sociedade civil.<\/p>\n<p style=\"text-align: justify;\">Em janeiro, a Prefeitura Municipal de Contagem j\u00e1 havia realizado uma audi\u00eancia p\u00fablica sobre o tema. No entanto, temas como a quantidade de professores, a realiza\u00e7\u00e3o de concursos, vagas, licita\u00e7\u00e3o, entre outros, foram novamente destacados.<\/p>\n<p style=\"text-align: justify;\">Na oportunidade, a secret\u00e1ria de Educa\u00e7\u00e3o explicou que o modelo de parceria contempla a constru\u00e7\u00e3o de cinco escolas, a reforma de uma e a adequa\u00e7\u00e3o de mais uma, a compra de mobili\u00e1rio e equipamentos de tecnologia de informa\u00e7\u00e3o, al\u00e9m da opera\u00e7\u00e3o, manuten\u00e7\u00e3o e reposi\u00e7\u00e3o, presta\u00e7\u00e3o de servi\u00e7os administrativos, de seguran\u00e7a, de higiene e limpeza e manuten\u00e7\u00e3o e conserva\u00e7\u00e3o predial.<\/p>\n<p style=\"text-align: justify;\">\u201cAtrav\u00e9s do modelo de PPP, a Prefeitura poder\u00e1 recompor, em um prazo reduzido, o d\u00e9ficit de vagas na rede de educa\u00e7\u00e3o integral, garantindo recursos de qualidade e otimizando o uso de recursos p\u00fablicos\u201d, afirmou Sueli Baliza.\u00a0 Ela destacou tamb\u00e9m que a primeira escola em tempo integral, localizada no bairro Arvoredo, Regional Ressaca, j\u00e1 deve come\u00e7ar a atender no pr\u00f3ximo semestre, uma vez que as obras est\u00e3o em fase de conclus\u00e3o.<\/p>\n<p style=\"text-align: justify;\">Com debate intenso, o p\u00fablico arguiu o tempo do contrato e a fiscaliza\u00e7\u00e3o, entre outras quest\u00f5es; e, de acordo com a secret\u00e1ria, a empresa ou cons\u00f3rcio vencedor da licita\u00e7\u00e3o ter\u00e1 um ano para concluir as obras, e a concess\u00e3o ser\u00e1 de 30 anos. Tamb\u00e9m foram questionados n\u00famero de vagas e funcionamento das Escolas em Tempo Integral. Baliza afirmou que ser\u00e3o ofertadas 4.200 vagas em tempo integral e 7.000 vagas em contraturno escolar\u00a0por\u00a0sete escolas administradas pela empresa ou cons\u00f3rcio vencedor do processo licitat\u00f3rio. Disse ainda que as unidades ter\u00e3o ampla biblioteca, quadras, playground, laborat\u00f3rios, piscina, pista de atletismo, campos de futebol, salas de l\u00ednguas, inform\u00e1tica, etc., e que a comunidade tamb\u00e9m poder\u00e1 utilizar os espa\u00e7os.<\/p>\n<p style=\"text-align: justify;\">O presidente da Comiss\u00e3o de Educa\u00e7\u00e3o da C\u00e2mara reiterou a import\u00e2ncia do debate. \u201cPara que haja transpar\u00eancia e que a comunidade seja de fato atendida naquilo que necessita, \u00e9 preciso que mantenhamos sempre esse espa\u00e7o de di\u00e1logo aberto. S\u00f3 assim poderemos concretizar a\u00e7\u00f5es que impactem positivamente a sociedade como um todo\u201d, concluiu Dr. Rubens Campos.<\/p>\n<p style=\"text-align: right;\">* Por \u00c9rica Lima<\/p>\n<ul>\n<li>Veja as imagens da audi\u00eancia na <a href=\"http:\/\/www.cmc.mg.gov.br\/?p=13111\">Galeria de Fotos<\/a>.<\/li>\n<\/ul>\n","protected":false},"excerpt":{"rendered":"<p>A C\u00e2mara Municipal de Contagem, por meio da Comiss\u00e3o Externa de Educa\u00e7\u00e3o, realizou, na noite desta ter\u00e7a-feira (26\/2), uma audi\u00eancia p\u00fablica para debater a Parceria P\u00fablico Privada (PPP) para a implanta\u00e7\u00e3o das Escolas em Tempo Integral no munic\u00edpio. O presidente da Comiss\u00e3o, vereador Dr. Rubens Campos (PSDC), dirigiu a sess\u00e3o ao lado do vereador Alex &hellip; <a href=\"https:\/\/www.cmc.mg.gov.br\/?p=13106\" class=\"more-link\">Continue lendo <span class=\"screen-reader-text\">Comiss\u00e3o de Educa\u00e7\u00e3o da C\u00e2mara realiza Audi\u00eancia P\u00fablica<\/span> <span class=\"meta-nav\">&rarr;<\/span><\/a><\/p>\n","protected":false},"author":3,"featured_media":13110,"comment_status":"open","ping_status":"open","sticky":false,"template":"","format":"standard","meta":{"_exactmetrics_skip_tracking":false,"_exactmetrics_sitenote_active":false,"_exactmetrics_sitenote_note":"","_exactmetrics_sitenote_category":0,"footnotes":""},"categories":[27],"tags":[],"class_list":["post-13106","post","type-post","status-publish","format-standard","has-post-thumbnail","hentry","category-noticias"],"_links":{"self":[{"href":"https:\/\/www.cmc.mg.gov.br\/index.php?rest_route=\/wp\/v2\/posts\/13106","targetHints":{"allow":["GET"]}}],"collection":[{"href":"https:\/\/www.cmc.mg.gov.br\/index.php?rest_route=\/wp\/v2\/posts"}],"about":[{"href":"https:\/\/www.cmc.mg.gov.br\/index.php?rest_route=\/wp\/v2\/types\/post"}],"author":[{"embeddable":true,"href":"https:\/\/www.cmc.mg.gov.br\/index.php?rest_route=\/wp\/v2\/users\/3"}],"replies":[{"embeddable":true,"href":"https:\/\/www.cmc.mg.gov.br\/index.php?rest_route=%2Fwp%2Fv2%2Fcomments&post=13106"}],"version-history":[{"count":4,"href":"https:\/\/www.cmc.mg.gov.br\/index.php?rest_route=\/wp\/v2\/posts\/13106\/revisions"}],"predecessor-version":[{"id":13129,"href":"https:\/\/www.cmc.mg.gov.br\/index.php?rest_route=\/wp\/v2\/posts\/13106\/revisions\/13129"}],"wp:featuredmedia":[{"embeddable":true,"href":"https:\/\/www.cmc.mg.gov.br\/index.php?rest_route=\/wp\/v2\/media\/13110"}],"wp:attachment":[{"href":"https:\/\/www.cmc.mg.gov.br\/index.php?rest_route=%2Fwp%2Fv2%2Fmedia&parent=13106"}],"wp:term":[{"taxonomy":"category","embeddable":true,"href":"https:\/\/www.cmc.mg.gov.br\/index.php?rest_route=%2Fwp%2Fv2%2Fcategories&post=13106"},{"taxonomy":"post_tag","embeddable":true,"href":"https:\/\/www.cmc.mg.gov.br\/index.php?rest_route=%2Fwp%2Fv2%2Ftags&post=13106"}],"curies":[{"name":"wp","href":"https:\/\/api.w.org\/{rel}","templated":true}]}}