
{"id":13111,"date":"2019-02-28T16:20:18","date_gmt":"2019-02-28T19:20:18","guid":{"rendered":"http:\/\/www.cmc.mg.gov.br\/?p=13111"},"modified":"2019-03-25T12:55:26","modified_gmt":"2019-03-25T15:55:26","slug":"fotos-audiencia-publica-escolas-em-tempo-integral","status":"publish","type":"post","link":"https:\/\/www.cmc.mg.gov.br\/?p=13111","title":{"rendered":"Audi\u00eancia P\u00fablica &#8211; Escolas em Tempo Integral"},"content":{"rendered":"<p style=\"text-align: justify;\">A C\u00e2mara Municipal de Contagem, por meio da Comiss\u00e3o Externa de Educa\u00e7\u00e3o, realizou, na noite desta ter\u00e7a-feira (26\/2), uma audi\u00eancia p\u00fablica para debater a Parceria P\u00fablico Privada (PPP) para a implanta\u00e7\u00e3o das Escolas em Tempo Integral no munic\u00edpio (<a href=\"http:\/\/www.cmc.mg.gov.br\/?p=13106\">Saiba mais<\/a>). Confira as fotos:<\/p>\n<div id='gallery-1' class='gallery galleryid-13111 gallery-columns-5 gallery-size-thumbnail'><figure class='gallery-item'>\n\t\t\t<div class='gallery-icon landscape'>\n\t\t\t\t<a href='https:\/\/www.cmc.mg.gov.br\/?attachment_id=13112'><img loading=\"lazy\" decoding=\"async\" width=\"150\" height=\"150\" src=\"https:\/\/www.cmc.mg.gov.br\/wordpress\/wp-content\/uploads\/2019\/02\/19-02-27-audienciapublica-educa\u00e7ao-fotos-samuel-junio-tomaz-9--150x150.jpg\" class=\"attachment-thumbnail size-thumbnail\" alt=\"\" srcset=\"https:\/\/www.cmc.mg.gov.br\/wordpress\/wp-content\/uploads\/2019\/02\/19-02-27-audienciapublica-educa\u00e7ao-fotos-samuel-junio-tomaz-9--150x150.jpg 150w, https:\/\/www.cmc.mg.gov.br\/wordpress\/wp-content\/uploads\/2019\/02\/19-02-27-audienciapublica-educa\u00e7ao-fotos-samuel-junio-tomaz-9--90x90.jpg 90w\" sizes=\"auto, (max-width: 150px) 100vw, 150px\" \/><\/a>\n\t\t\t<\/div><\/figure><figure class='gallery-item'>\n\t\t\t<div class='gallery-icon landscape'>\n\t\t\t\t<a href='https:\/\/www.cmc.mg.gov.br\/?attachment_id=13113'><img loading=\"lazy\" decoding=\"async\" width=\"150\" height=\"150\" src=\"https:\/\/www.cmc.mg.gov.br\/wordpress\/wp-content\/uploads\/2019\/02\/19-02-27-audienciapublica-educa\u00e7ao-fotos-samuel-junio-tomaz-13--150x150.jpg\" class=\"attachment-thumbnail size-thumbnail\" alt=\"\" srcset=\"https:\/\/www.cmc.mg.gov.br\/wordpress\/wp-content\/uploads\/2019\/02\/19-02-27-audienciapublica-educa\u00e7ao-fotos-samuel-junio-tomaz-13--150x150.jpg 150w, https:\/\/www.cmc.mg.gov.br\/wordpress\/wp-content\/uploads\/2019\/02\/19-02-27-audienciapublica-educa\u00e7ao-fotos-samuel-junio-tomaz-13--90x90.jpg 90w\" sizes=\"auto, (max-width: 150px) 100vw, 150px\" \/><\/a>\n\t\t\t<\/div><\/figure><figure class='gallery-item'>\n\t\t\t<div class='gallery-icon landscape'>\n\t\t\t\t<a href='https:\/\/www.cmc.mg.gov.br\/?attachment_id=13114'><img loading=\"lazy\" decoding=\"async\" width=\"150\" height=\"150\" src=\"https:\/\/www.cmc.mg.gov.br\/wordpress\/wp-content\/uploads\/2019\/02\/19-02-27-audienciapublica-educa\u00e7ao-fotos-samuel-junio-tomaz-23--150x150.jpg\" class=\"attachment-thumbnail size-thumbnail\" alt=\"\" srcset=\"https:\/\/www.cmc.mg.gov.br\/wordpress\/wp-content\/uploads\/2019\/02\/19-02-27-audienciapublica-educa\u00e7ao-fotos-samuel-junio-tomaz-23--150x150.jpg 150w, https:\/\/www.cmc.mg.gov.br\/wordpress\/wp-content\/uploads\/2019\/02\/19-02-27-audienciapublica-educa\u00e7ao-fotos-samuel-junio-tomaz-23--90x90.jpg 90w\" sizes=\"auto, (max-width: 150px) 100vw, 150px\" \/><\/a>\n\t\t\t<\/div><\/figure><figure class='gallery-item'>\n\t\t\t<div class='gallery-icon landscape'>\n\t\t\t\t<a href='https:\/\/www.cmc.mg.gov.br\/?attachment_id=13115'><img loading=\"lazy\" decoding=\"async\" width=\"150\" height=\"150\" src=\"https:\/\/www.cmc.mg.gov.br\/wordpress\/wp-content\/uploads\/2019\/02\/19-02-27-audienciapublica-educa\u00e7ao-fotos-samuel-junio-tomaz-41--150x150.jpg\" class=\"attachment-thumbnail size-thumbnail\" alt=\"\" srcset=\"https:\/\/www.cmc.mg.gov.br\/wordpress\/wp-content\/uploads\/2019\/02\/19-02-27-audienciapublica-educa\u00e7ao-fotos-samuel-junio-tomaz-41--150x150.jpg 150w, https:\/\/www.cmc.mg.gov.br\/wordpress\/wp-content\/uploads\/2019\/02\/19-02-27-audienciapublica-educa\u00e7ao-fotos-samuel-junio-tomaz-41--90x90.jpg 90w\" sizes=\"auto, (max-width: 150px) 100vw, 150px\" \/><\/a>\n\t\t\t<\/div><\/figure><figure class='gallery-item'>\n\t\t\t<div class='gallery-icon landscape'>\n\t\t\t\t<a href='https:\/\/www.cmc.mg.gov.br\/?attachment_id=13116'><img loading=\"lazy\" decoding=\"async\" width=\"150\" height=\"150\" src=\"https:\/\/www.cmc.mg.gov.br\/wordpress\/wp-content\/uploads\/2019\/02\/19-02-27-audienciapublica-educa\u00e7ao-fotos-samuel-junio-tomaz-43--150x150.jpg\" class=\"attachment-thumbnail size-thumbnail\" alt=\"\" srcset=\"https:\/\/www.cmc.mg.gov.br\/wordpress\/wp-content\/uploads\/2019\/02\/19-02-27-audienciapublica-educa\u00e7ao-fotos-samuel-junio-tomaz-43--150x150.jpg 150w, https:\/\/www.cmc.mg.gov.br\/wordpress\/wp-content\/uploads\/2019\/02\/19-02-27-audienciapublica-educa\u00e7ao-fotos-samuel-junio-tomaz-43--90x90.jpg 90w\" sizes=\"auto, (max-width: 150px) 100vw, 150px\" \/><\/a>\n\t\t\t<\/div><\/figure><figure class='gallery-item'>\n\t\t\t<div class='gallery-icon landscape'>\n\t\t\t\t<a href='https:\/\/www.cmc.mg.gov.br\/?attachment_id=13117'><img loading=\"lazy\" decoding=\"async\" width=\"150\" height=\"150\" src=\"https:\/\/www.cmc.mg.gov.br\/wordpress\/wp-content\/uploads\/2019\/02\/19-02-27-audienciapublica-educa\u00e7ao-fotos-samuel-junio-tomaz-51--150x150.jpg\" class=\"attachment-thumbnail size-thumbnail\" alt=\"\" srcset=\"https:\/\/www.cmc.mg.gov.br\/wordpress\/wp-content\/uploads\/2019\/02\/19-02-27-audienciapublica-educa\u00e7ao-fotos-samuel-junio-tomaz-51--150x150.jpg 150w, https:\/\/www.cmc.mg.gov.br\/wordpress\/wp-content\/uploads\/2019\/02\/19-02-27-audienciapublica-educa\u00e7ao-fotos-samuel-junio-tomaz-51--90x90.jpg 90w\" sizes=\"auto, (max-width: 150px) 100vw, 150px\" \/><\/a>\n\t\t\t<\/div><\/figure><figure class='gallery-item'>\n\t\t\t<div class='gallery-icon landscape'>\n\t\t\t\t<a href='https:\/\/www.cmc.mg.gov.br\/?attachment_id=13118'><img loading=\"lazy\" decoding=\"async\" width=\"150\" height=\"150\" src=\"https:\/\/www.cmc.mg.gov.br\/wordpress\/wp-content\/uploads\/2019\/02\/19-02-27-audienciapublica-educa\u00e7ao-fotos-samuel-junio-tomaz-54--150x150.jpg\" class=\"attachment-thumbnail size-thumbnail\" alt=\"\" srcset=\"https:\/\/www.cmc.mg.gov.br\/wordpress\/wp-content\/uploads\/2019\/02\/19-02-27-audienciapublica-educa\u00e7ao-fotos-samuel-junio-tomaz-54--150x150.jpg 150w, https:\/\/www.cmc.mg.gov.br\/wordpress\/wp-content\/uploads\/2019\/02\/19-02-27-audienciapublica-educa\u00e7ao-fotos-samuel-junio-tomaz-54--90x90.jpg 90w\" sizes=\"auto, (max-width: 150px) 100vw, 150px\" \/><\/a>\n\t\t\t<\/div><\/figure><figure class='gallery-item'>\n\t\t\t<div class='gallery-icon landscape'>\n\t\t\t\t<a href='https:\/\/www.cmc.mg.gov.br\/?attachment_id=13119'><img loading=\"lazy\" decoding=\"async\" width=\"150\" height=\"150\" src=\"https:\/\/www.cmc.mg.gov.br\/wordpress\/wp-content\/uploads\/2019\/02\/19-02-27-audienciapublica-educa\u00e7ao-fotos-samuel-junio-tomaz-56--150x150.jpg\" class=\"attachment-thumbnail size-thumbnail\" alt=\"\" srcset=\"https:\/\/www.cmc.mg.gov.br\/wordpress\/wp-content\/uploads\/2019\/02\/19-02-27-audienciapublica-educa\u00e7ao-fotos-samuel-junio-tomaz-56--150x150.jpg 150w, https:\/\/www.cmc.mg.gov.br\/wordpress\/wp-content\/uploads\/2019\/02\/19-02-27-audienciapublica-educa\u00e7ao-fotos-samuel-junio-tomaz-56--90x90.jpg 90w\" sizes=\"auto, (max-width: 150px) 100vw, 150px\" \/><\/a>\n\t\t\t<\/div><\/figure><figure class='gallery-item'>\n\t\t\t<div class='gallery-icon landscape'>\n\t\t\t\t<a href='https:\/\/www.cmc.mg.gov.br\/?attachment_id=13120'><img loading=\"lazy\" decoding=\"async\" width=\"150\" height=\"150\" src=\"https:\/\/www.cmc.mg.gov.br\/wordpress\/wp-content\/uploads\/2019\/02\/19-02-27-audienciapublica-educa\u00e7ao-fotos-samuel-junio-tomaz-57--150x150.jpg\" class=\"attachment-thumbnail size-thumbnail\" alt=\"\" srcset=\"https:\/\/www.cmc.mg.gov.br\/wordpress\/wp-content\/uploads\/2019\/02\/19-02-27-audienciapublica-educa\u00e7ao-fotos-samuel-junio-tomaz-57--150x150.jpg 150w, https:\/\/www.cmc.mg.gov.br\/wordpress\/wp-content\/uploads\/2019\/02\/19-02-27-audienciapublica-educa\u00e7ao-fotos-samuel-junio-tomaz-57--90x90.jpg 90w\" sizes=\"auto, (max-width: 150px) 100vw, 150px\" \/><\/a>\n\t\t\t<\/div><\/figure><figure class='gallery-item'>\n\t\t\t<div class='gallery-icon landscape'>\n\t\t\t\t<a href='https:\/\/www.cmc.mg.gov.br\/?attachment_id=13121'><img loading=\"lazy\" decoding=\"async\" width=\"150\" height=\"150\" src=\"https:\/\/www.cmc.mg.gov.br\/wordpress\/wp-content\/uploads\/2019\/02\/19-02-27-audienciapublica-educa\u00e7ao-fotos-samuel-junio-tomaz-59--150x150.jpg\" class=\"attachment-thumbnail size-thumbnail\" alt=\"\" srcset=\"https:\/\/www.cmc.mg.gov.br\/wordpress\/wp-content\/uploads\/2019\/02\/19-02-27-audienciapublica-educa\u00e7ao-fotos-samuel-junio-tomaz-59--150x150.jpg 150w, https:\/\/www.cmc.mg.gov.br\/wordpress\/wp-content\/uploads\/2019\/02\/19-02-27-audienciapublica-educa\u00e7ao-fotos-samuel-junio-tomaz-59--90x90.jpg 90w\" sizes=\"auto, (max-width: 150px) 100vw, 150px\" \/><\/a>\n\t\t\t<\/div><\/figure><figure class='gallery-item'>\n\t\t\t<div class='gallery-icon landscape'>\n\t\t\t\t<a href='https:\/\/www.cmc.mg.gov.br\/?attachment_id=13122'><img loading=\"lazy\" decoding=\"async\" width=\"150\" height=\"150\" src=\"https:\/\/www.cmc.mg.gov.br\/wordpress\/wp-content\/uploads\/2019\/02\/19-02-27-audienciapublica-educa\u00e7ao-fotos-samuel-junio-tomaz-60--150x150.jpg\" class=\"attachment-thumbnail size-thumbnail\" alt=\"\" srcset=\"https:\/\/www.cmc.mg.gov.br\/wordpress\/wp-content\/uploads\/2019\/02\/19-02-27-audienciapublica-educa\u00e7ao-fotos-samuel-junio-tomaz-60--150x150.jpg 150w, https:\/\/www.cmc.mg.gov.br\/wordpress\/wp-content\/uploads\/2019\/02\/19-02-27-audienciapublica-educa\u00e7ao-fotos-samuel-junio-tomaz-60--90x90.jpg 90w\" sizes=\"auto, (max-width: 150px) 100vw, 150px\" \/><\/a>\n\t\t\t<\/div><\/figure><figure class='gallery-item'>\n\t\t\t<div class='gallery-icon landscape'>\n\t\t\t\t<a href='https:\/\/www.cmc.mg.gov.br\/?attachment_id=13123'><img loading=\"lazy\" decoding=\"async\" width=\"150\" height=\"150\" src=\"https:\/\/www.cmc.mg.gov.br\/wordpress\/wp-content\/uploads\/2019\/02\/19-02-27-audienciapublica-educa\u00e7ao-fotos-samuel-junio-tomaz-62--150x150.jpg\" class=\"attachment-thumbnail size-thumbnail\" alt=\"\" srcset=\"https:\/\/www.cmc.mg.gov.br\/wordpress\/wp-content\/uploads\/2019\/02\/19-02-27-audienciapublica-educa\u00e7ao-fotos-samuel-junio-tomaz-62--150x150.jpg 150w, https:\/\/www.cmc.mg.gov.br\/wordpress\/wp-content\/uploads\/2019\/02\/19-02-27-audienciapublica-educa\u00e7ao-fotos-samuel-junio-tomaz-62--90x90.jpg 90w\" sizes=\"auto, (max-width: 150px) 100vw, 150px\" \/><\/a>\n\t\t\t<\/div><\/figure><figure class='gallery-item'>\n\t\t\t<div class='gallery-icon landscape'>\n\t\t\t\t<a href='https:\/\/www.cmc.mg.gov.br\/?attachment_id=13124'><img loading=\"lazy\" decoding=\"async\" width=\"150\" height=\"150\" src=\"https:\/\/www.cmc.mg.gov.br\/wordpress\/wp-content\/uploads\/2019\/02\/19-02-27-audienciapublica-educa\u00e7ao-fotos-samuel-junio-tomaz-66--150x150.jpg\" class=\"attachment-thumbnail size-thumbnail\" alt=\"\" srcset=\"https:\/\/www.cmc.mg.gov.br\/wordpress\/wp-content\/uploads\/2019\/02\/19-02-27-audienciapublica-educa\u00e7ao-fotos-samuel-junio-tomaz-66--150x150.jpg 150w, https:\/\/www.cmc.mg.gov.br\/wordpress\/wp-content\/uploads\/2019\/02\/19-02-27-audienciapublica-educa\u00e7ao-fotos-samuel-junio-tomaz-66--90x90.jpg 90w\" sizes=\"auto, (max-width: 150px) 100vw, 150px\" \/><\/a>\n\t\t\t<\/div><\/figure><figure class='gallery-item'>\n\t\t\t<div class='gallery-icon landscape'>\n\t\t\t\t<a href='https:\/\/www.cmc.mg.gov.br\/?attachment_id=13125'><img loading=\"lazy\" decoding=\"async\" width=\"150\" height=\"150\" src=\"https:\/\/www.cmc.mg.gov.br\/wordpress\/wp-content\/uploads\/2019\/02\/19-02-27-audienciapublica-educa\u00e7ao-fotos-samuel-junio-tomaz-74--150x150.jpg\" class=\"attachment-thumbnail size-thumbnail\" alt=\"\" srcset=\"https:\/\/www.cmc.mg.gov.br\/wordpress\/wp-content\/uploads\/2019\/02\/19-02-27-audienciapublica-educa\u00e7ao-fotos-samuel-junio-tomaz-74--150x150.jpg 150w, https:\/\/www.cmc.mg.gov.br\/wordpress\/wp-content\/uploads\/2019\/02\/19-02-27-audienciapublica-educa\u00e7ao-fotos-samuel-junio-tomaz-74--90x90.jpg 90w\" sizes=\"auto, (max-width: 150px) 100vw, 150px\" \/><\/a>\n\t\t\t<\/div><\/figure><figure class='gallery-item'>\n\t\t\t<div class='gallery-icon landscape'>\n\t\t\t\t<a href='https:\/\/www.cmc.mg.gov.br\/?attachment_id=13126'><img loading=\"lazy\" decoding=\"async\" width=\"150\" height=\"150\" src=\"https:\/\/www.cmc.mg.gov.br\/wordpress\/wp-content\/uploads\/2019\/02\/19-02-27-audienciapublica-educa\u00e7ao-fotos-samuel-junio-tomaz-84--150x150.jpg\" class=\"attachment-thumbnail size-thumbnail\" alt=\"\" srcset=\"https:\/\/www.cmc.mg.gov.br\/wordpress\/wp-content\/uploads\/2019\/02\/19-02-27-audienciapublica-educa\u00e7ao-fotos-samuel-junio-tomaz-84--150x150.jpg 150w, https:\/\/www.cmc.mg.gov.br\/wordpress\/wp-content\/uploads\/2019\/02\/19-02-27-audienciapublica-educa\u00e7ao-fotos-samuel-junio-tomaz-84--90x90.jpg 90w\" sizes=\"auto, (max-width: 150px) 100vw, 150px\" \/><\/a>\n\t\t\t<\/div><\/figure>\n\t\t<\/div>\n\n","protected":false},"excerpt":{"rendered":"<p>A C\u00e2mara Municipal de Contagem, por meio da Comiss\u00e3o Externa de Educa\u00e7\u00e3o, realizou, na noite desta ter\u00e7a-feira (26\/2), uma audi\u00eancia p\u00fablica para debater a Parceria P\u00fablico Privada (PPP) para a implanta\u00e7\u00e3o das Escolas em Tempo Integral no munic\u00edpio (Saiba mais). Confira as fotos:<\/p>\n","protected":false},"author":3,"featured_media":13130,"comment_status":"open","ping_status":"open","sticky":false,"template":"","format":"standard","meta":{"_exactmetrics_skip_tracking":false,"_exactmetrics_sitenote_active":false,"_exactmetrics_sitenote_note":"","_exactmetrics_sitenote_category":0,"footnotes":""},"categories":[23,32],"tags":[],"class_list":["post-13111","post","type-post","status-publish","format-standard","has-post-thumbnail","hentry","category-audiencias-publicas","category-galeria-de-fotos"],"_links":{"self":[{"href":"https:\/\/www.cmc.mg.gov.br\/index.php?rest_route=\/wp\/v2\/posts\/13111","targetHints":{"allow":["GET"]}}],"collection":[{"href":"https:\/\/www.cmc.mg.gov.br\/index.php?rest_route=\/wp\/v2\/posts"}],"about":[{"href":"https:\/\/www.cmc.mg.gov.br\/index.php?rest_route=\/wp\/v2\/types\/post"}],"author":[{"embeddable":true,"href":"https:\/\/www.cmc.mg.gov.br\/index.php?rest_route=\/wp\/v2\/users\/3"}],"replies":[{"embeddable":true,"href":"https:\/\/www.cmc.mg.gov.br\/index.php?rest_route=%2Fwp%2Fv2%2Fcomments&post=13111"}],"version-history":[{"count":2,"href":"https:\/\/www.cmc.mg.gov.br\/index.php?rest_route=\/wp\/v2\/posts\/13111\/revisions"}],"predecessor-version":[{"id":13359,"href":"https:\/\/www.cmc.mg.gov.br\/index.php?rest_route=\/wp\/v2\/posts\/13111\/revisions\/13359"}],"wp:featuredmedia":[{"embeddable":true,"href":"https:\/\/www.cmc.mg.gov.br\/index.php?rest_route=\/wp\/v2\/media\/13130"}],"wp:attachment":[{"href":"https:\/\/www.cmc.mg.gov.br\/index.php?rest_route=%2Fwp%2Fv2%2Fmedia&parent=13111"}],"wp:term":[{"taxonomy":"category","embeddable":true,"href":"https:\/\/www.cmc.mg.gov.br\/index.php?rest_route=%2Fwp%2Fv2%2Fcategories&post=13111"},{"taxonomy":"post_tag","embeddable":true,"href":"https:\/\/www.cmc.mg.gov.br\/index.php?rest_route=%2Fwp%2Fv2%2Ftags&post=13111"}],"curies":[{"name":"wp","href":"https:\/\/api.w.org\/{rel}","templated":true}]}}