
{"id":13283,"date":"2019-03-14T14:04:15","date_gmt":"2019-03-14T17:04:15","guid":{"rendered":"http:\/\/www.cmc.mg.gov.br\/?p=13283"},"modified":"2019-03-18T10:55:28","modified_gmt":"2019-03-18T13:55:28","slug":"bullying-e-abordado-em-palestras-da-escola-do-legislativo-de-contagem","status":"publish","type":"post","link":"https:\/\/www.cmc.mg.gov.br\/?p=13283","title":{"rendered":"Bullying \u00e9 abordado em palestras da Escola do Legislativo de Contagem"},"content":{"rendered":"<p style=\"text-align: justify;\">Dados da ONU: uma pesquisa realizada pelas Na\u00e7\u00f5es Unidas em 2017 com 100 mil crian\u00e7as e jovens de 18 pa\u00edses mostrou que, em m\u00e9dia, metade deles sofreu algum tipo de bullying por raz\u00f5es como apar\u00eancia f\u00edsica, g\u00eanero, orienta\u00e7\u00e3o sexual, etnia ou pa\u00eds de origem. No Brasil, esse percentual \u00e9 de 43%, taxa semelhante a outros pa\u00edses da regi\u00e3o: Argentina (47,8%), Chile (33,2%), Uruguai (36,7%) e Col\u00f4mbia (43,5%).<\/p>\n<p style=\"text-align: justify;\">Atenta a esses n\u00fameros, a Escola do Legislativo da C\u00e2mara Municipal de Contagem iniciou, nesta quinta-feira (14\/03), uma campanha contra o bullying. Ao longo do m\u00eas de mar\u00e7o, ser\u00e3o realizadas palestras em escolas do munic\u00edpio com o objetivo de conscientizar alunos, dire\u00e7\u00e3o e professores sobre o tema.<\/p>\n<p style=\"text-align: justify;\">As primeiras palestras foram na Escola Municipal Professor Geraldo Bas\u00edlio, localizada no bairro Colonial. Quatro turmas de alunos entre 10 e 14 anos escutaram das psic\u00f3logas Andrezza Mazzinghy e Bruna Guaceroni os principais aspectos da pr\u00e1tica do bullying. Houve tamb\u00e9m a participa\u00e7\u00e3o\u00a0Giane Drumond, do Container com Letras.<a href=\"http:\/\/www.cmc.mg.gov.br\/wordpress\/wp-content\/uploads\/2019\/03\/19-03-14-escola-do-legislativo-bullying-fotos-samuel-junio-tomaz-27-.jpg\"><img loading=\"lazy\" decoding=\"async\" class=\"size-medium wp-image-13287 alignright\" src=\"http:\/\/www.cmc.mg.gov.br\/wordpress\/wp-content\/uploads\/2019\/03\/19-03-14-escola-do-legislativo-bullying-fotos-samuel-junio-tomaz-27--300x200.jpg\" alt=\"\" width=\"300\" height=\"200\" srcset=\"https:\/\/www.cmc.mg.gov.br\/wordpress\/wp-content\/uploads\/2019\/03\/19-03-14-escola-do-legislativo-bullying-fotos-samuel-junio-tomaz-27--300x200.jpg 300w, https:\/\/www.cmc.mg.gov.br\/wordpress\/wp-content\/uploads\/2019\/03\/19-03-14-escola-do-legislativo-bullying-fotos-samuel-junio-tomaz-27--768x512.jpg 768w, https:\/\/www.cmc.mg.gov.br\/wordpress\/wp-content\/uploads\/2019\/03\/19-03-14-escola-do-legislativo-bullying-fotos-samuel-junio-tomaz-27--1024x683.jpg 1024w\" sizes=\"auto, (max-width: 300px) 100vw, 300px\" \/><\/a><\/p>\n<p style=\"text-align: justify;\">Na ocasi\u00e3o, as profissionais falaram sobre a origem do termo, os tipos de agress\u00f5es \u2013 verbal, moral, material, psicol\u00f3gica e f\u00edsica, as poss\u00edveis consequ\u00eancias para quem faz e para quem sofre o bullying e dicas sobre como agir diante dessas situa\u00e7\u00f5es.<\/p>\n<p style=\"text-align: justify;\">Depois das palestras, os alunos puderam fazer coment\u00e1rios e tirar d\u00favidas. Alguns arriscaram relatos pessoais sobre experi\u00eancias ruins que tiveram com as agress\u00f5es no ambiente escolar. \u201cPercebemos que nem sempre eles entendem a diferen\u00e7a entre brincadeira e bullying\u201d, observou Andrezza.<\/p>\n<p style=\"text-align: justify;\">De acordo com Bruna, a import\u00e2ncia de levar o assunto para as escolas \u00e9 a conscientiza\u00e7\u00e3o n\u00e3o s\u00f3 dos alunos, mas tamb\u00e9m dos professores e diretores. \u201cEles podem perceber e tomar atitudes antes que algo grave aconte\u00e7a. Temos visto tristes resultados da pr\u00e1tica do bullyin<a href=\"http:\/\/www.cmc.mg.gov.br\/wordpress\/wp-content\/uploads\/2019\/03\/19-03-14-escola-do-legislativo-bullying-fotos-samuel-junio-tomaz-62-.jpg\"><img loading=\"lazy\" decoding=\"async\" class=\"size-medium wp-image-13288 alignleft\" src=\"http:\/\/www.cmc.mg.gov.br\/wordpress\/wp-content\/uploads\/2019\/03\/19-03-14-escola-do-legislativo-bullying-fotos-samuel-junio-tomaz-62--300x200.jpg\" alt=\"\" width=\"300\" height=\"200\" srcset=\"https:\/\/www.cmc.mg.gov.br\/wordpress\/wp-content\/uploads\/2019\/03\/19-03-14-escola-do-legislativo-bullying-fotos-samuel-junio-tomaz-62--300x200.jpg 300w, https:\/\/www.cmc.mg.gov.br\/wordpress\/wp-content\/uploads\/2019\/03\/19-03-14-escola-do-legislativo-bullying-fotos-samuel-junio-tomaz-62--768x512.jpg 768w, https:\/\/www.cmc.mg.gov.br\/wordpress\/wp-content\/uploads\/2019\/03\/19-03-14-escola-do-legislativo-bullying-fotos-samuel-junio-tomaz-62--1024x683.jpg 1024w\" sizes=\"auto, (max-width: 300px) 100vw, 300px\" \/><\/a>g entre as crian\u00e7as e os adolescentes\u201d, disse.<\/p>\n<p style=\"text-align: justify;\">O presidente da C\u00e2mara de Contagem, vereador Daniel Carvalho (PV), esteve presente nas palestras da tarde, e explicou sobre o Legislativo e a import\u00e2ncia de abordar temas como o bullying.<\/p>\n<p style=\"text-align: justify;\">\u201cNa escola, a gente aprende portugu\u00eas e matem\u00e1tica, aprende sobre quest\u00e3o ambiental e, al\u00e9m disso, precisamos conhecer\u00a0nossos vereadores, nosso prefeito e o que eles podem fazer para os alunos, professores, pais e todos os cidad\u00e3os. O ambiente escolar, assim como a pol\u00edtica, \u00e9 o local que permite que diversos temas sejam debatidos, onde todos t\u00eam voz independente\u00a0das diferen\u00e7as. O mais importante \u00e9 que o respeito exista sempre\u201d, destacou o parlamentar.<\/p>\n<p style=\"text-align: justify;\">A pr\u00f3xima a receber a palestra da Escola do Legislativo \u00e9 a Escola Municipal Jos\u00e9 Lucas Filho, no bairro Fonte Grande, no dia 21 de mar\u00e7o. J\u00e1 no dia 28 ser\u00e1 a vez da Escola Municipal Coronel Ant\u00f4nio Augusto, que fica no bairro Bernardo Monteiro.<\/p>\n","protected":false},"excerpt":{"rendered":"<p>Dados da ONU: uma pesquisa realizada pelas Na\u00e7\u00f5es Unidas em 2017 com 100 mil crian\u00e7as e jovens de 18 pa\u00edses mostrou que, em m\u00e9dia, metade deles sofreu algum tipo de bullying por raz\u00f5es como apar\u00eancia f\u00edsica, g\u00eanero, orienta\u00e7\u00e3o sexual, etnia ou pa\u00eds de origem. No Brasil, esse percentual \u00e9 de 43%, taxa semelhante a outros &hellip; <a href=\"https:\/\/www.cmc.mg.gov.br\/?p=13283\" class=\"more-link\">Continue lendo <span class=\"screen-reader-text\">Bullying \u00e9 abordado em palestras da Escola do Legislativo de Contagem<\/span> <span class=\"meta-nav\">&rarr;<\/span><\/a><\/p>\n","protected":false},"author":2,"featured_media":13300,"comment_status":"open","ping_status":"open","sticky":false,"template":"","format":"standard","meta":{"_exactmetrics_skip_tracking":false,"_exactmetrics_sitenote_active":false,"_exactmetrics_sitenote_note":"","_exactmetrics_sitenote_category":0,"footnotes":""},"categories":[8,26,27],"tags":[],"class_list":["post-13283","post","type-post","status-publish","format-standard","has-post-thumbnail","hentry","category-camara","category-escola-do-legislativo","category-noticias"],"_links":{"self":[{"href":"https:\/\/www.cmc.mg.gov.br\/index.php?rest_route=\/wp\/v2\/posts\/13283","targetHints":{"allow":["GET"]}}],"collection":[{"href":"https:\/\/www.cmc.mg.gov.br\/index.php?rest_route=\/wp\/v2\/posts"}],"about":[{"href":"https:\/\/www.cmc.mg.gov.br\/index.php?rest_route=\/wp\/v2\/types\/post"}],"author":[{"embeddable":true,"href":"https:\/\/www.cmc.mg.gov.br\/index.php?rest_route=\/wp\/v2\/users\/2"}],"replies":[{"embeddable":true,"href":"https:\/\/www.cmc.mg.gov.br\/index.php?rest_route=%2Fwp%2Fv2%2Fcomments&post=13283"}],"version-history":[{"count":7,"href":"https:\/\/www.cmc.mg.gov.br\/index.php?rest_route=\/wp\/v2\/posts\/13283\/revisions"}],"predecessor-version":[{"id":13311,"href":"https:\/\/www.cmc.mg.gov.br\/index.php?rest_route=\/wp\/v2\/posts\/13283\/revisions\/13311"}],"wp:featuredmedia":[{"embeddable":true,"href":"https:\/\/www.cmc.mg.gov.br\/index.php?rest_route=\/wp\/v2\/media\/13300"}],"wp:attachment":[{"href":"https:\/\/www.cmc.mg.gov.br\/index.php?rest_route=%2Fwp%2Fv2%2Fmedia&parent=13283"}],"wp:term":[{"taxonomy":"category","embeddable":true,"href":"https:\/\/www.cmc.mg.gov.br\/index.php?rest_route=%2Fwp%2Fv2%2Fcategories&post=13283"},{"taxonomy":"post_tag","embeddable":true,"href":"https:\/\/www.cmc.mg.gov.br\/index.php?rest_route=%2Fwp%2Fv2%2Ftags&post=13283"}],"curies":[{"name":"wp","href":"https:\/\/api.w.org\/{rel}","templated":true}]}}