
{"id":13323,"date":"2019-03-22T12:40:29","date_gmt":"2019-03-22T15:40:29","guid":{"rendered":"http:\/\/www.cmc.mg.gov.br\/?p=13323"},"modified":"2020-08-15T11:54:29","modified_gmt":"2020-08-15T14:54:29","slug":"ouvidoria-da-camara-retoma-visitas-as-regionais","status":"publish","type":"post","link":"https:\/\/www.cmc.mg.gov.br\/?p=13323","title":{"rendered":"Ouvidoria da C\u00e2mara retoma visitas \u00e0s regionais"},"content":{"rendered":"<p style=\"text-align: justify;\">A Ouvidoria Cidad\u00e3 da C\u00e2mara Municipal de Contagem come\u00e7ou, na \u00faltima quinta-feira (21\/03), os trabalhos itinerantes pelas regionais da cidade em 2019. A primeira visita foi \u00e0 regional Petrol\u00e2ndia.<\/p>\n<p style=\"text-align: justify;\">Durante a manh\u00e3, a van da Ouvidoria ficou estacionada em frente \u00e0 Pra\u00e7a Irm\u00e3 Maria Paula. A ouvidora da C\u00e2mara, Gabriela Diniz, juntamente com sua equipe, registrou as demandas dos cidad\u00e3os da regi\u00e3o e de outras partes da cidade.<\/p>\n<p style=\"text-align: justify;\">A falta de asfalto no bairro Est\u00e2ncias Imperiais, por exemplo, foi reclamada pelas cidad\u00e3s Cleuza Silva das Merc\u00eas e Claudice Pereira da Silva, que moram no bairro. De acordo com Gabriela, essa \u00e9 a inten\u00e7\u00e3o da Ouvidoria quando sai da C\u00e2mara para buscar aproxima\u00e7\u00e3o com a popula\u00e7\u00e3o.<a href=\"http:\/\/www.cmc.mg.gov.br\/wordpress\/wp-content\/uploads\/2019\/03\/21-03-2019-ouvidoria-no-petrolandia-fotos-samuel-junio-tomaz-25-.jpg\"><img loading=\"lazy\" decoding=\"async\" class=\"size-medium wp-image-13327 alignright\" src=\"http:\/\/www.cmc.mg.gov.br\/wordpress\/wp-content\/uploads\/2019\/03\/21-03-2019-ouvidoria-no-petrolandia-fotos-samuel-junio-tomaz-25--300x200.jpg\" alt=\"\" width=\"300\" height=\"200\" srcset=\"https:\/\/www.cmc.mg.gov.br\/wordpress\/wp-content\/uploads\/2019\/03\/21-03-2019-ouvidoria-no-petrolandia-fotos-samuel-junio-tomaz-25--300x200.jpg 300w, https:\/\/www.cmc.mg.gov.br\/wordpress\/wp-content\/uploads\/2019\/03\/21-03-2019-ouvidoria-no-petrolandia-fotos-samuel-junio-tomaz-25--768x512.jpg 768w, https:\/\/www.cmc.mg.gov.br\/wordpress\/wp-content\/uploads\/2019\/03\/21-03-2019-ouvidoria-no-petrolandia-fotos-samuel-junio-tomaz-25--1024x683.jpg 1024w\" sizes=\"auto, (max-width: 300px) 100vw, 300px\" \/><\/a><\/p>\n<p style=\"text-align: justify;\">\u201cQuando a gente se disp\u00f5e a ouvir, n\u00e3o basta disponibilizar canais de atendimento por telefone, site, e-mail ou redes sociais. Estar na rua, cara a cara com as pessoas, faz toda a diferen\u00e7a e pode realmente trazer resultados para a cidade\u201d, diz. Por isso, o cronograma deste ano da Ouvidoria Cidad\u00e3 contempla as oito regionais, uma por m\u00eas, at\u00e9 novembro.<\/p>\n<p style=\"text-align: justify;\">Al\u00e9m disso, est\u00e3o previstas tr\u00eas a\u00e7\u00f5es sociais da Ouvidoria Cidad\u00e3 \u2013 maio, julho e outubro, nas regionais Industrial, Ressaca e Sede, respectivamente \u2013, eventos em que a C\u00e2mara leva servi\u00e7os de sa\u00fade, cidadania, lazer, beleza, utilidade p\u00fablica, entre outros.<\/p>\n<p style=\"text-align: justify;\">A Ouvidoria Cidad\u00e3 volta \u00e0 regional Petrol\u00e2ndia na pr\u00f3xima quinta-feira, dia 28 de mar\u00e7o, no encontro das Ruas Simon\u00e9zia e Mamor\u00e9, no bairro S\u00e3o Luiz, das 9h \u00e0s 12h.<\/p>\n<p style=\"text-align: justify;\">Confira o restante da programa\u00e7\u00e3o da Ouvidoria Cidad\u00e3 da C\u00e2mara Municipal de Contagem para 2019 (algumas datas e locais ainda ser\u00e3o confirmados e divulgados posteriormente):<\/p>\n<p style=\"text-align: justify;\"><strong>\u00a0<\/strong><\/p>\n<p style=\"text-align: justify;\"><strong>\u00a0<\/strong><strong>Abril<\/strong><\/p>\n<ul>\n<li>12\/04 &#8211; Ouvidoria Itinerante na Regional Eldorado \u2013 Parque S\u00e3o Jo\u00e3o<\/li>\n<li>13\/04 &#8211; Ouvidoria Itinerante na Regional Eldorado \u2013 Feira Eldorado<\/li>\n<li>26\/04 &#8211; Ouvidoria Itinerante na Regional Eldorado \u2013 Campo do Cruz Azul, Novo Eldorado<\/li>\n<li>27\/04 &#8211; Ouvidoria Itinerante na Regional Eldorado \u2013 Feira Eldorado<\/li>\n<\/ul>\n<p style=\"text-align: justify;\"><strong>Maio<\/strong><\/p>\n<ul style=\"text-align: justify;\">\n<li>25\/05 &#8211; A\u00e7\u00e3o Social da Ouvidoria Cidad\u00e3 na Regional Industrial<\/li>\n<\/ul>\n<p style=\"text-align: justify;\"><strong>\u00a0<\/strong><strong>Junho<\/strong><\/p>\n<ul style=\"text-align: justify;\">\n<li>Ouvidoria Itinerante na Regional Nacional<\/li>\n<\/ul>\n<p style=\"text-align: justify;\"><strong>\u00a0<\/strong><strong>Julho<\/strong><\/p>\n<ul style=\"text-align: justify;\">\n<li>06\/07 &#8211; A\u00e7\u00e3o Social da Ouvidoria Cidad\u00e3 na Regional Ressaca \u2013 Pra\u00e7a do Divino<\/li>\n<\/ul>\n<p style=\"text-align: justify;\"><strong>\u00a0<\/strong><strong>Agosto<\/strong><\/p>\n<ul style=\"text-align: justify;\">\n<li>01\/08 &#8211; Ouvidoria Itinerante na Regional Riacho<\/li>\n<li>22\/08 \u2013 Ouvidoria Itinerante na Regional Riacho<\/li>\n<\/ul>\n<p style=\"text-align: justify;\"><strong>\u00a0<\/strong><strong>Setembro<\/strong><\/p>\n<ul style=\"text-align: justify;\">\n<li>14\/09 &#8211; Ouvidoria Itinerante na Regional Vargem das Flores<\/li>\n<li>26\/09 &#8211; Ouvidoria Itinerante na Regional Vargem das Flores<\/li>\n<\/ul>\n<p style=\"text-align: justify;\"><strong>\u00a0<\/strong><strong>Outubro<\/strong><\/p>\n<ul style=\"text-align: justify;\">\n<li>26\/10 &#8211; A\u00e7\u00e3o Social da Ouvidoria Cidad\u00e3 na Regional Sede \u2013 Pra\u00e7a do L\u00facio de Abreu<\/li>\n<\/ul>\n<p style=\"text-align: justify;\"><strong>\u00a0<\/strong><strong>Novembro<\/strong><\/p>\n<ul style=\"text-align: justify;\">\n<li>09\/11 &#8211; Ouvidoria Itinerante na Regional Eldorado \u2013 Feira Eldorado<\/li>\n<li>23\/11 &#8211; Ouvidoria Itinerante na Regional Eldorado \u2013 Feira Eldorado<\/li>\n<\/ul>\n","protected":false},"excerpt":{"rendered":"<p>A Ouvidoria Cidad\u00e3 da C\u00e2mara Municipal de Contagem come\u00e7ou, na \u00faltima quinta-feira (21\/03), os trabalhos itinerantes pelas regionais da cidade em 2019. A primeira visita foi \u00e0 regional Petrol\u00e2ndia. Durante a manh\u00e3, a van da Ouvidoria ficou estacionada em frente \u00e0 Pra\u00e7a Irm\u00e3 Maria Paula. A ouvidora da C\u00e2mara, Gabriela Diniz, juntamente com sua equipe, &hellip; <a href=\"https:\/\/www.cmc.mg.gov.br\/?p=13323\" class=\"more-link\">Continue lendo <span class=\"screen-reader-text\">Ouvidoria da C\u00e2mara retoma visitas \u00e0s regionais<\/span> <span class=\"meta-nav\">&rarr;<\/span><\/a><\/p>\n","protected":false},"author":2,"featured_media":13325,"comment_status":"open","ping_status":"open","sticky":false,"template":"","format":"standard","meta":{"_exactmetrics_skip_tracking":false,"_exactmetrics_sitenote_active":false,"_exactmetrics_sitenote_note":"","_exactmetrics_sitenote_category":0,"footnotes":""},"categories":[8,27,187,212],"tags":[],"class_list":["post-13323","post","type-post","status-publish","format-standard","has-post-thumbnail","hentry","category-camara","category-noticias","category-ouvidoria","category-servicos"],"_links":{"self":[{"href":"https:\/\/www.cmc.mg.gov.br\/index.php?rest_route=\/wp\/v2\/posts\/13323","targetHints":{"allow":["GET"]}}],"collection":[{"href":"https:\/\/www.cmc.mg.gov.br\/index.php?rest_route=\/wp\/v2\/posts"}],"about":[{"href":"https:\/\/www.cmc.mg.gov.br\/index.php?rest_route=\/wp\/v2\/types\/post"}],"author":[{"embeddable":true,"href":"https:\/\/www.cmc.mg.gov.br\/index.php?rest_route=\/wp\/v2\/users\/2"}],"replies":[{"embeddable":true,"href":"https:\/\/www.cmc.mg.gov.br\/index.php?rest_route=%2Fwp%2Fv2%2Fcomments&post=13323"}],"version-history":[{"count":2,"href":"https:\/\/www.cmc.mg.gov.br\/index.php?rest_route=\/wp\/v2\/posts\/13323\/revisions"}],"predecessor-version":[{"id":13328,"href":"https:\/\/www.cmc.mg.gov.br\/index.php?rest_route=\/wp\/v2\/posts\/13323\/revisions\/13328"}],"wp:featuredmedia":[{"embeddable":true,"href":"https:\/\/www.cmc.mg.gov.br\/index.php?rest_route=\/wp\/v2\/media\/13325"}],"wp:attachment":[{"href":"https:\/\/www.cmc.mg.gov.br\/index.php?rest_route=%2Fwp%2Fv2%2Fmedia&parent=13323"}],"wp:term":[{"taxonomy":"category","embeddable":true,"href":"https:\/\/www.cmc.mg.gov.br\/index.php?rest_route=%2Fwp%2Fv2%2Fcategories&post=13323"},{"taxonomy":"post_tag","embeddable":true,"href":"https:\/\/www.cmc.mg.gov.br\/index.php?rest_route=%2Fwp%2Fv2%2Ftags&post=13323"}],"curies":[{"name":"wp","href":"https:\/\/api.w.org\/{rel}","templated":true}]}}