
{"id":13360,"date":"2019-03-14T12:57:37","date_gmt":"2019-03-14T15:57:37","guid":{"rendered":"http:\/\/www.cmc.mg.gov.br\/?p=13360"},"modified":"2019-03-27T15:03:58","modified_gmt":"2019-03-27T18:03:58","slug":"ciclo-de-palestras-sobre-bullying-escola-municipal-professor-geraldo-basilio","status":"publish","type":"post","link":"https:\/\/www.cmc.mg.gov.br\/?p=13360","title":{"rendered":"Ciclo de palestras sobre Bullying &#8211; Escola Municipal Professor Geraldo Bas\u00edlio"},"content":{"rendered":"<p style=\"text-align: justify;\">A Escola do Legislativo da C\u00e2mara Municipal de Contagem realizou, ao longo do m\u00eas de mar\u00e7o, uma campanha contra o bullying. Foram realizadas palestras em escolas do munic\u00edpio com o objetivo de conscientizar alunos, dire\u00e7\u00e3o e professores sobre o tema. As palestras contaram com a participa\u00e7\u00e3o do Container com Letras e das psic\u00f3logas\u00a0Andrezza Mazzinghy e Bruna Guaceroni.<\/p>\n<div id='gallery-1' class='gallery galleryid-13360 gallery-columns-3 gallery-size-thumbnail'><figure class='gallery-item'>\n\t\t\t<div class='gallery-icon landscape'>\n\t\t\t\t<a href='https:\/\/www.cmc.mg.gov.br\/?attachment_id=13361'><img loading=\"lazy\" decoding=\"async\" width=\"150\" height=\"150\" src=\"https:\/\/www.cmc.mg.gov.br\/wordpress\/wp-content\/uploads\/2019\/03\/19-03-14-escola-do-legislativo-bullying-fotos-samuel-junio-tomaz-8--150x150.jpg\" class=\"attachment-thumbnail size-thumbnail\" alt=\"\" srcset=\"https:\/\/www.cmc.mg.gov.br\/wordpress\/wp-content\/uploads\/2019\/03\/19-03-14-escola-do-legislativo-bullying-fotos-samuel-junio-tomaz-8--150x150.jpg 150w, https:\/\/www.cmc.mg.gov.br\/wordpress\/wp-content\/uploads\/2019\/03\/19-03-14-escola-do-legislativo-bullying-fotos-samuel-junio-tomaz-8--90x90.jpg 90w\" sizes=\"auto, (max-width: 150px) 100vw, 150px\" \/><\/a>\n\t\t\t<\/div><\/figure><figure class='gallery-item'>\n\t\t\t<div class='gallery-icon landscape'>\n\t\t\t\t<a href='https:\/\/www.cmc.mg.gov.br\/?attachment_id=13362'><img loading=\"lazy\" decoding=\"async\" width=\"150\" height=\"150\" src=\"https:\/\/www.cmc.mg.gov.br\/wordpress\/wp-content\/uploads\/2019\/03\/19-03-14-escola-do-legislativo-bullying-fotos-samuel-junio-tomaz-9--150x150.jpg\" class=\"attachment-thumbnail size-thumbnail\" alt=\"\" srcset=\"https:\/\/www.cmc.mg.gov.br\/wordpress\/wp-content\/uploads\/2019\/03\/19-03-14-escola-do-legislativo-bullying-fotos-samuel-junio-tomaz-9--150x150.jpg 150w, https:\/\/www.cmc.mg.gov.br\/wordpress\/wp-content\/uploads\/2019\/03\/19-03-14-escola-do-legislativo-bullying-fotos-samuel-junio-tomaz-9--90x90.jpg 90w\" sizes=\"auto, (max-width: 150px) 100vw, 150px\" \/><\/a>\n\t\t\t<\/div><\/figure><figure class='gallery-item'>\n\t\t\t<div class='gallery-icon landscape'>\n\t\t\t\t<a href='https:\/\/www.cmc.mg.gov.br\/?attachment_id=13363'><img loading=\"lazy\" decoding=\"async\" width=\"150\" height=\"150\" src=\"https:\/\/www.cmc.mg.gov.br\/wordpress\/wp-content\/uploads\/2019\/03\/19-03-14-escola-do-legislativo-bullying-fotos-samuel-junio-tomaz-10--150x150.jpg\" class=\"attachment-thumbnail size-thumbnail\" alt=\"\" srcset=\"https:\/\/www.cmc.mg.gov.br\/wordpress\/wp-content\/uploads\/2019\/03\/19-03-14-escola-do-legislativo-bullying-fotos-samuel-junio-tomaz-10--150x150.jpg 150w, https:\/\/www.cmc.mg.gov.br\/wordpress\/wp-content\/uploads\/2019\/03\/19-03-14-escola-do-legislativo-bullying-fotos-samuel-junio-tomaz-10--90x90.jpg 90w\" sizes=\"auto, (max-width: 150px) 100vw, 150px\" \/><\/a>\n\t\t\t<\/div><\/figure><figure class='gallery-item'>\n\t\t\t<div class='gallery-icon landscape'>\n\t\t\t\t<a href='https:\/\/www.cmc.mg.gov.br\/?attachment_id=13364'><img loading=\"lazy\" decoding=\"async\" width=\"150\" height=\"150\" src=\"https:\/\/www.cmc.mg.gov.br\/wordpress\/wp-content\/uploads\/2019\/03\/19-03-14-escola-do-legislativo-bullying-fotos-samuel-junio-tomaz-12--150x150.jpg\" class=\"attachment-thumbnail size-thumbnail\" alt=\"\" srcset=\"https:\/\/www.cmc.mg.gov.br\/wordpress\/wp-content\/uploads\/2019\/03\/19-03-14-escola-do-legislativo-bullying-fotos-samuel-junio-tomaz-12--150x150.jpg 150w, https:\/\/www.cmc.mg.gov.br\/wordpress\/wp-content\/uploads\/2019\/03\/19-03-14-escola-do-legislativo-bullying-fotos-samuel-junio-tomaz-12--90x90.jpg 90w\" sizes=\"auto, (max-width: 150px) 100vw, 150px\" \/><\/a>\n\t\t\t<\/div><\/figure><figure class='gallery-item'>\n\t\t\t<div class='gallery-icon landscape'>\n\t\t\t\t<a href='https:\/\/www.cmc.mg.gov.br\/?attachment_id=13365'><img loading=\"lazy\" decoding=\"async\" width=\"150\" height=\"150\" src=\"https:\/\/www.cmc.mg.gov.br\/wordpress\/wp-content\/uploads\/2019\/03\/19-03-14-escola-do-legislativo-bullying-fotos-samuel-junio-tomaz-17-1-1-150x150.jpg\" class=\"attachment-thumbnail size-thumbnail\" alt=\"\" srcset=\"https:\/\/www.cmc.mg.gov.br\/wordpress\/wp-content\/uploads\/2019\/03\/19-03-14-escola-do-legislativo-bullying-fotos-samuel-junio-tomaz-17-1-1-150x150.jpg 150w, https:\/\/www.cmc.mg.gov.br\/wordpress\/wp-content\/uploads\/2019\/03\/19-03-14-escola-do-legislativo-bullying-fotos-samuel-junio-tomaz-17-1-1-90x90.jpg 90w\" sizes=\"auto, (max-width: 150px) 100vw, 150px\" \/><\/a>\n\t\t\t<\/div><\/figure><figure class='gallery-item'>\n\t\t\t<div class='gallery-icon landscape'>\n\t\t\t\t<a href='https:\/\/www.cmc.mg.gov.br\/?attachment_id=13366'><img loading=\"lazy\" decoding=\"async\" width=\"150\" height=\"150\" src=\"https:\/\/www.cmc.mg.gov.br\/wordpress\/wp-content\/uploads\/2019\/03\/19-03-14-escola-do-legislativo-bullying-fotos-samuel-junio-tomaz-25--150x150.jpg\" class=\"attachment-thumbnail size-thumbnail\" alt=\"\" srcset=\"https:\/\/www.cmc.mg.gov.br\/wordpress\/wp-content\/uploads\/2019\/03\/19-03-14-escola-do-legislativo-bullying-fotos-samuel-junio-tomaz-25--150x150.jpg 150w, https:\/\/www.cmc.mg.gov.br\/wordpress\/wp-content\/uploads\/2019\/03\/19-03-14-escola-do-legislativo-bullying-fotos-samuel-junio-tomaz-25--90x90.jpg 90w\" sizes=\"auto, (max-width: 150px) 100vw, 150px\" \/><\/a>\n\t\t\t<\/div><\/figure><figure class='gallery-item'>\n\t\t\t<div class='gallery-icon landscape'>\n\t\t\t\t<a href='https:\/\/www.cmc.mg.gov.br\/?attachment_id=13367'><img loading=\"lazy\" decoding=\"async\" width=\"150\" height=\"150\" src=\"https:\/\/www.cmc.mg.gov.br\/wordpress\/wp-content\/uploads\/2019\/03\/19-03-14-escola-do-legislativo-bullying-fotos-samuel-junio-tomaz-26--150x150.jpg\" class=\"attachment-thumbnail size-thumbnail\" alt=\"\" srcset=\"https:\/\/www.cmc.mg.gov.br\/wordpress\/wp-content\/uploads\/2019\/03\/19-03-14-escola-do-legislativo-bullying-fotos-samuel-junio-tomaz-26--150x150.jpg 150w, https:\/\/www.cmc.mg.gov.br\/wordpress\/wp-content\/uploads\/2019\/03\/19-03-14-escola-do-legislativo-bullying-fotos-samuel-junio-tomaz-26--90x90.jpg 90w\" sizes=\"auto, (max-width: 150px) 100vw, 150px\" \/><\/a>\n\t\t\t<\/div><\/figure><figure class='gallery-item'>\n\t\t\t<div class='gallery-icon landscape'>\n\t\t\t\t<a href='https:\/\/www.cmc.mg.gov.br\/?attachment_id=13368'><img loading=\"lazy\" decoding=\"async\" width=\"150\" height=\"150\" src=\"https:\/\/www.cmc.mg.gov.br\/wordpress\/wp-content\/uploads\/2019\/03\/19-03-14-escola-do-legislativo-bullying-fotos-samuel-junio-tomaz-27-1-1-150x150.jpg\" class=\"attachment-thumbnail size-thumbnail\" alt=\"\" srcset=\"https:\/\/www.cmc.mg.gov.br\/wordpress\/wp-content\/uploads\/2019\/03\/19-03-14-escola-do-legislativo-bullying-fotos-samuel-junio-tomaz-27-1-1-150x150.jpg 150w, https:\/\/www.cmc.mg.gov.br\/wordpress\/wp-content\/uploads\/2019\/03\/19-03-14-escola-do-legislativo-bullying-fotos-samuel-junio-tomaz-27-1-1-90x90.jpg 90w\" sizes=\"auto, (max-width: 150px) 100vw, 150px\" \/><\/a>\n\t\t\t<\/div><\/figure><figure class='gallery-item'>\n\t\t\t<div class='gallery-icon landscape'>\n\t\t\t\t<a href='https:\/\/www.cmc.mg.gov.br\/?attachment_id=13369'><img loading=\"lazy\" decoding=\"async\" width=\"150\" height=\"150\" src=\"https:\/\/www.cmc.mg.gov.br\/wordpress\/wp-content\/uploads\/2019\/03\/19-03-14-escola-do-legislativo-bullying-fotos-samuel-junio-tomaz-28--150x150.jpg\" class=\"attachment-thumbnail size-thumbnail\" alt=\"\" srcset=\"https:\/\/www.cmc.mg.gov.br\/wordpress\/wp-content\/uploads\/2019\/03\/19-03-14-escola-do-legislativo-bullying-fotos-samuel-junio-tomaz-28--150x150.jpg 150w, https:\/\/www.cmc.mg.gov.br\/wordpress\/wp-content\/uploads\/2019\/03\/19-03-14-escola-do-legislativo-bullying-fotos-samuel-junio-tomaz-28--90x90.jpg 90w\" sizes=\"auto, (max-width: 150px) 100vw, 150px\" \/><\/a>\n\t\t\t<\/div><\/figure><figure class='gallery-item'>\n\t\t\t<div class='gallery-icon landscape'>\n\t\t\t\t<a href='https:\/\/www.cmc.mg.gov.br\/?attachment_id=13370'><img loading=\"lazy\" decoding=\"async\" width=\"150\" height=\"150\" src=\"https:\/\/www.cmc.mg.gov.br\/wordpress\/wp-content\/uploads\/2019\/03\/19-03-14-escola-do-legislativo-bullying-fotos-samuel-junio-tomaz-31--150x150.jpg\" class=\"attachment-thumbnail size-thumbnail\" alt=\"\" srcset=\"https:\/\/www.cmc.mg.gov.br\/wordpress\/wp-content\/uploads\/2019\/03\/19-03-14-escola-do-legislativo-bullying-fotos-samuel-junio-tomaz-31--150x150.jpg 150w, https:\/\/www.cmc.mg.gov.br\/wordpress\/wp-content\/uploads\/2019\/03\/19-03-14-escola-do-legislativo-bullying-fotos-samuel-junio-tomaz-31--90x90.jpg 90w\" sizes=\"auto, (max-width: 150px) 100vw, 150px\" \/><\/a>\n\t\t\t<\/div><\/figure><figure class='gallery-item'>\n\t\t\t<div class='gallery-icon landscape'>\n\t\t\t\t<a href='https:\/\/www.cmc.mg.gov.br\/?attachment_id=13371'><img loading=\"lazy\" decoding=\"async\" width=\"150\" height=\"150\" src=\"https:\/\/www.cmc.mg.gov.br\/wordpress\/wp-content\/uploads\/2019\/03\/19-03-14-escola-do-legislativo-bullying-fotos-samuel-junio-tomaz-36--150x150.jpg\" class=\"attachment-thumbnail size-thumbnail\" alt=\"\" srcset=\"https:\/\/www.cmc.mg.gov.br\/wordpress\/wp-content\/uploads\/2019\/03\/19-03-14-escola-do-legislativo-bullying-fotos-samuel-junio-tomaz-36--150x150.jpg 150w, https:\/\/www.cmc.mg.gov.br\/wordpress\/wp-content\/uploads\/2019\/03\/19-03-14-escola-do-legislativo-bullying-fotos-samuel-junio-tomaz-36--90x90.jpg 90w\" sizes=\"auto, (max-width: 150px) 100vw, 150px\" \/><\/a>\n\t\t\t<\/div><\/figure><figure class='gallery-item'>\n\t\t\t<div class='gallery-icon landscape'>\n\t\t\t\t<a href='https:\/\/www.cmc.mg.gov.br\/?attachment_id=13372'><img loading=\"lazy\" decoding=\"async\" width=\"150\" height=\"150\" src=\"https:\/\/www.cmc.mg.gov.br\/wordpress\/wp-content\/uploads\/2019\/03\/19-03-14-escola-do-legislativo-bullying-fotos-samuel-junio-tomaz-43--150x150.jpg\" class=\"attachment-thumbnail size-thumbnail\" alt=\"\" srcset=\"https:\/\/www.cmc.mg.gov.br\/wordpress\/wp-content\/uploads\/2019\/03\/19-03-14-escola-do-legislativo-bullying-fotos-samuel-junio-tomaz-43--150x150.jpg 150w, https:\/\/www.cmc.mg.gov.br\/wordpress\/wp-content\/uploads\/2019\/03\/19-03-14-escola-do-legislativo-bullying-fotos-samuel-junio-tomaz-43--90x90.jpg 90w\" sizes=\"auto, (max-width: 150px) 100vw, 150px\" \/><\/a>\n\t\t\t<\/div><\/figure><figure class='gallery-item'>\n\t\t\t<div class='gallery-icon landscape'>\n\t\t\t\t<a href='https:\/\/www.cmc.mg.gov.br\/?attachment_id=13373'><img loading=\"lazy\" decoding=\"async\" width=\"150\" height=\"150\" src=\"https:\/\/www.cmc.mg.gov.br\/wordpress\/wp-content\/uploads\/2019\/03\/19-03-14-escola-do-legislativo-bullying-fotos-samuel-junio-tomaz-45--150x150.jpg\" class=\"attachment-thumbnail size-thumbnail\" alt=\"\" srcset=\"https:\/\/www.cmc.mg.gov.br\/wordpress\/wp-content\/uploads\/2019\/03\/19-03-14-escola-do-legislativo-bullying-fotos-samuel-junio-tomaz-45--150x150.jpg 150w, https:\/\/www.cmc.mg.gov.br\/wordpress\/wp-content\/uploads\/2019\/03\/19-03-14-escola-do-legislativo-bullying-fotos-samuel-junio-tomaz-45--90x90.jpg 90w\" sizes=\"auto, (max-width: 150px) 100vw, 150px\" \/><\/a>\n\t\t\t<\/div><\/figure><figure class='gallery-item'>\n\t\t\t<div class='gallery-icon landscape'>\n\t\t\t\t<a href='https:\/\/www.cmc.mg.gov.br\/?attachment_id=13374'><img loading=\"lazy\" decoding=\"async\" width=\"150\" height=\"150\" src=\"https:\/\/www.cmc.mg.gov.br\/wordpress\/wp-content\/uploads\/2019\/03\/19-03-14-escola-do-legislativo-bullying-fotos-samuel-junio-tomaz-46--150x150.jpg\" class=\"attachment-thumbnail size-thumbnail\" alt=\"\" srcset=\"https:\/\/www.cmc.mg.gov.br\/wordpress\/wp-content\/uploads\/2019\/03\/19-03-14-escola-do-legislativo-bullying-fotos-samuel-junio-tomaz-46--150x150.jpg 150w, https:\/\/www.cmc.mg.gov.br\/wordpress\/wp-content\/uploads\/2019\/03\/19-03-14-escola-do-legislativo-bullying-fotos-samuel-junio-tomaz-46--90x90.jpg 90w\" sizes=\"auto, (max-width: 150px) 100vw, 150px\" \/><\/a>\n\t\t\t<\/div><\/figure><figure class='gallery-item'>\n\t\t\t<div class='gallery-icon landscape'>\n\t\t\t\t<a href='https:\/\/www.cmc.mg.gov.br\/?attachment_id=13375'><img loading=\"lazy\" decoding=\"async\" width=\"150\" height=\"150\" src=\"https:\/\/www.cmc.mg.gov.br\/wordpress\/wp-content\/uploads\/2019\/03\/19-03-14-escola-do-legislativo-bullying-fotos-samuel-junio-tomaz-49--150x150.jpg\" class=\"attachment-thumbnail size-thumbnail\" alt=\"\" srcset=\"https:\/\/www.cmc.mg.gov.br\/wordpress\/wp-content\/uploads\/2019\/03\/19-03-14-escola-do-legislativo-bullying-fotos-samuel-junio-tomaz-49--150x150.jpg 150w, https:\/\/www.cmc.mg.gov.br\/wordpress\/wp-content\/uploads\/2019\/03\/19-03-14-escola-do-legislativo-bullying-fotos-samuel-junio-tomaz-49--90x90.jpg 90w\" sizes=\"auto, (max-width: 150px) 100vw, 150px\" \/><\/a>\n\t\t\t<\/div><\/figure><figure class='gallery-item'>\n\t\t\t<div class='gallery-icon landscape'>\n\t\t\t\t<a href='https:\/\/www.cmc.mg.gov.br\/?attachment_id=13376'><img loading=\"lazy\" decoding=\"async\" width=\"150\" height=\"150\" src=\"https:\/\/www.cmc.mg.gov.br\/wordpress\/wp-content\/uploads\/2019\/03\/19-03-14-escola-do-legislativo-bullying-fotos-samuel-junio-tomaz-58--150x150.jpg\" class=\"attachment-thumbnail size-thumbnail\" alt=\"\" srcset=\"https:\/\/www.cmc.mg.gov.br\/wordpress\/wp-content\/uploads\/2019\/03\/19-03-14-escola-do-legislativo-bullying-fotos-samuel-junio-tomaz-58--150x150.jpg 150w, https:\/\/www.cmc.mg.gov.br\/wordpress\/wp-content\/uploads\/2019\/03\/19-03-14-escola-do-legislativo-bullying-fotos-samuel-junio-tomaz-58--90x90.jpg 90w\" sizes=\"auto, (max-width: 150px) 100vw, 150px\" \/><\/a>\n\t\t\t<\/div><\/figure><figure class='gallery-item'>\n\t\t\t<div class='gallery-icon landscape'>\n\t\t\t\t<a href='https:\/\/www.cmc.mg.gov.br\/?attachment_id=13377'><img loading=\"lazy\" decoding=\"async\" width=\"150\" height=\"150\" src=\"https:\/\/www.cmc.mg.gov.br\/wordpress\/wp-content\/uploads\/2019\/03\/19-03-14-escola-do-legislativo-bullying-fotos-samuel-junio-tomaz-62-1-1-150x150.jpg\" class=\"attachment-thumbnail size-thumbnail\" alt=\"\" srcset=\"https:\/\/www.cmc.mg.gov.br\/wordpress\/wp-content\/uploads\/2019\/03\/19-03-14-escola-do-legislativo-bullying-fotos-samuel-junio-tomaz-62-1-1-150x150.jpg 150w, https:\/\/www.cmc.mg.gov.br\/wordpress\/wp-content\/uploads\/2019\/03\/19-03-14-escola-do-legislativo-bullying-fotos-samuel-junio-tomaz-62-1-1-90x90.jpg 90w\" sizes=\"auto, (max-width: 150px) 100vw, 150px\" \/><\/a>\n\t\t\t<\/div><\/figure><figure class='gallery-item'>\n\t\t\t<div class='gallery-icon landscape'>\n\t\t\t\t<a href='https:\/\/www.cmc.mg.gov.br\/?attachment_id=13378'><img loading=\"lazy\" decoding=\"async\" width=\"150\" height=\"150\" src=\"https:\/\/www.cmc.mg.gov.br\/wordpress\/wp-content\/uploads\/2019\/03\/19-03-14-escola-do-legislativo-bullying-fotos-samuel-junio-tomaz-64--150x150.jpg\" class=\"attachment-thumbnail size-thumbnail\" alt=\"\" srcset=\"https:\/\/www.cmc.mg.gov.br\/wordpress\/wp-content\/uploads\/2019\/03\/19-03-14-escola-do-legislativo-bullying-fotos-samuel-junio-tomaz-64--150x150.jpg 150w, https:\/\/www.cmc.mg.gov.br\/wordpress\/wp-content\/uploads\/2019\/03\/19-03-14-escola-do-legislativo-bullying-fotos-samuel-junio-tomaz-64--90x90.jpg 90w\" sizes=\"auto, (max-width: 150px) 100vw, 150px\" \/><\/a>\n\t\t\t<\/div><\/figure><figure class='gallery-item'>\n\t\t\t<div class='gallery-icon landscape'>\n\t\t\t\t<a href='https:\/\/www.cmc.mg.gov.br\/?attachment_id=13379'><img loading=\"lazy\" decoding=\"async\" width=\"150\" height=\"150\" src=\"https:\/\/www.cmc.mg.gov.br\/wordpress\/wp-content\/uploads\/2019\/03\/19-03-14-escola-do-legislativo-bullying-fotos-samuel-junio-tomaz-67--150x150.jpg\" class=\"attachment-thumbnail size-thumbnail\" alt=\"\" srcset=\"https:\/\/www.cmc.mg.gov.br\/wordpress\/wp-content\/uploads\/2019\/03\/19-03-14-escola-do-legislativo-bullying-fotos-samuel-junio-tomaz-67--150x150.jpg 150w, https:\/\/www.cmc.mg.gov.br\/wordpress\/wp-content\/uploads\/2019\/03\/19-03-14-escola-do-legislativo-bullying-fotos-samuel-junio-tomaz-67--90x90.jpg 90w\" sizes=\"auto, (max-width: 150px) 100vw, 150px\" \/><\/a>\n\t\t\t<\/div><\/figure><figure class='gallery-item'>\n\t\t\t<div class='gallery-icon landscape'>\n\t\t\t\t<a href='https:\/\/www.cmc.mg.gov.br\/?attachment_id=13380'><img loading=\"lazy\" decoding=\"async\" width=\"150\" height=\"150\" src=\"https:\/\/www.cmc.mg.gov.br\/wordpress\/wp-content\/uploads\/2019\/03\/19-03-14-escola-do-legislativo-bullying-fotos-samuel-junio-tomaz-69--150x150.jpg\" class=\"attachment-thumbnail size-thumbnail\" alt=\"\" srcset=\"https:\/\/www.cmc.mg.gov.br\/wordpress\/wp-content\/uploads\/2019\/03\/19-03-14-escola-do-legislativo-bullying-fotos-samuel-junio-tomaz-69--150x150.jpg 150w, https:\/\/www.cmc.mg.gov.br\/wordpress\/wp-content\/uploads\/2019\/03\/19-03-14-escola-do-legislativo-bullying-fotos-samuel-junio-tomaz-69--90x90.jpg 90w\" sizes=\"auto, (max-width: 150px) 100vw, 150px\" \/><\/a>\n\t\t\t<\/div><\/figure><figure class='gallery-item'>\n\t\t\t<div class='gallery-icon landscape'>\n\t\t\t\t<a href='https:\/\/www.cmc.mg.gov.br\/?attachment_id=13381'><img loading=\"lazy\" decoding=\"async\" width=\"150\" height=\"150\" src=\"https:\/\/www.cmc.mg.gov.br\/wordpress\/wp-content\/uploads\/2019\/03\/19-03-14-escola-do-legislativo-bullying-fotos-samuel-junio-tomaz-70--150x150.jpg\" class=\"attachment-thumbnail size-thumbnail\" alt=\"\" srcset=\"https:\/\/www.cmc.mg.gov.br\/wordpress\/wp-content\/uploads\/2019\/03\/19-03-14-escola-do-legislativo-bullying-fotos-samuel-junio-tomaz-70--150x150.jpg 150w, https:\/\/www.cmc.mg.gov.br\/wordpress\/wp-content\/uploads\/2019\/03\/19-03-14-escola-do-legislativo-bullying-fotos-samuel-junio-tomaz-70--90x90.jpg 90w\" sizes=\"auto, (max-width: 150px) 100vw, 150px\" \/><\/a>\n\t\t\t<\/div><\/figure><figure class='gallery-item'>\n\t\t\t<div class='gallery-icon landscape'>\n\t\t\t\t<a href='https:\/\/www.cmc.mg.gov.br\/?attachment_id=13382'><img loading=\"lazy\" decoding=\"async\" width=\"150\" height=\"150\" src=\"https:\/\/www.cmc.mg.gov.br\/wordpress\/wp-content\/uploads\/2019\/03\/19-03-14-escola-do-legislativo-bullying-fotos-samuel-junio-tomaz-71--150x150.jpg\" class=\"attachment-thumbnail size-thumbnail\" alt=\"\" srcset=\"https:\/\/www.cmc.mg.gov.br\/wordpress\/wp-content\/uploads\/2019\/03\/19-03-14-escola-do-legislativo-bullying-fotos-samuel-junio-tomaz-71--150x150.jpg 150w, https:\/\/www.cmc.mg.gov.br\/wordpress\/wp-content\/uploads\/2019\/03\/19-03-14-escola-do-legislativo-bullying-fotos-samuel-junio-tomaz-71--90x90.jpg 90w\" sizes=\"auto, (max-width: 150px) 100vw, 150px\" \/><\/a>\n\t\t\t<\/div><\/figure><figure class='gallery-item'>\n\t\t\t<div class='gallery-icon landscape'>\n\t\t\t\t<a href='https:\/\/www.cmc.mg.gov.br\/?attachment_id=13383'><img loading=\"lazy\" decoding=\"async\" width=\"150\" height=\"150\" src=\"https:\/\/www.cmc.mg.gov.br\/wordpress\/wp-content\/uploads\/2019\/03\/19-03-14-escola-do-legislativo-bullying-fotos-samuel-junio-tomaz-86--150x150.jpg\" class=\"attachment-thumbnail size-thumbnail\" alt=\"\" srcset=\"https:\/\/www.cmc.mg.gov.br\/wordpress\/wp-content\/uploads\/2019\/03\/19-03-14-escola-do-legislativo-bullying-fotos-samuel-junio-tomaz-86--150x150.jpg 150w, https:\/\/www.cmc.mg.gov.br\/wordpress\/wp-content\/uploads\/2019\/03\/19-03-14-escola-do-legislativo-bullying-fotos-samuel-junio-tomaz-86--90x90.jpg 90w\" sizes=\"auto, (max-width: 150px) 100vw, 150px\" \/><\/a>\n\t\t\t<\/div><\/figure><figure class='gallery-item'>\n\t\t\t<div class='gallery-icon landscape'>\n\t\t\t\t<a href='https:\/\/www.cmc.mg.gov.br\/?attachment_id=13384'><img loading=\"lazy\" decoding=\"async\" width=\"150\" height=\"150\" src=\"https:\/\/www.cmc.mg.gov.br\/wordpress\/wp-content\/uploads\/2019\/03\/19-03-14-escola-do-legislativo-bullying-fotos-samuel-junio-tomaz-89--150x150.jpg\" class=\"attachment-thumbnail size-thumbnail\" alt=\"\" srcset=\"https:\/\/www.cmc.mg.gov.br\/wordpress\/wp-content\/uploads\/2019\/03\/19-03-14-escola-do-legislativo-bullying-fotos-samuel-junio-tomaz-89--150x150.jpg 150w, https:\/\/www.cmc.mg.gov.br\/wordpress\/wp-content\/uploads\/2019\/03\/19-03-14-escola-do-legislativo-bullying-fotos-samuel-junio-tomaz-89--90x90.jpg 90w\" sizes=\"auto, (max-width: 150px) 100vw, 150px\" \/><\/a>\n\t\t\t<\/div><\/figure><figure class='gallery-item'>\n\t\t\t<div class='gallery-icon landscape'>\n\t\t\t\t<a href='https:\/\/www.cmc.mg.gov.br\/?attachment_id=13385'><img loading=\"lazy\" decoding=\"async\" width=\"150\" height=\"150\" src=\"https:\/\/www.cmc.mg.gov.br\/wordpress\/wp-content\/uploads\/2019\/03\/19-03-14-escola-do-legislativo-bullying-fotos-samuel-junio-tomaz-94--150x150.jpg\" class=\"attachment-thumbnail size-thumbnail\" alt=\"\" srcset=\"https:\/\/www.cmc.mg.gov.br\/wordpress\/wp-content\/uploads\/2019\/03\/19-03-14-escola-do-legislativo-bullying-fotos-samuel-junio-tomaz-94--150x150.jpg 150w, https:\/\/www.cmc.mg.gov.br\/wordpress\/wp-content\/uploads\/2019\/03\/19-03-14-escola-do-legislativo-bullying-fotos-samuel-junio-tomaz-94--90x90.jpg 90w\" sizes=\"auto, (max-width: 150px) 100vw, 150px\" \/><\/a>\n\t\t\t<\/div><\/figure><figure class='gallery-item'>\n\t\t\t<div class='gallery-icon landscape'>\n\t\t\t\t<a href='https:\/\/www.cmc.mg.gov.br\/?attachment_id=13386'><img loading=\"lazy\" decoding=\"async\" width=\"150\" height=\"150\" src=\"https:\/\/www.cmc.mg.gov.br\/wordpress\/wp-content\/uploads\/2019\/03\/19-03-14-escola-do-legislativo-bullying-fotos-samuel-junio-tomaz-101--150x150.jpg\" class=\"attachment-thumbnail size-thumbnail\" alt=\"\" srcset=\"https:\/\/www.cmc.mg.gov.br\/wordpress\/wp-content\/uploads\/2019\/03\/19-03-14-escola-do-legislativo-bullying-fotos-samuel-junio-tomaz-101--150x150.jpg 150w, https:\/\/www.cmc.mg.gov.br\/wordpress\/wp-content\/uploads\/2019\/03\/19-03-14-escola-do-legislativo-bullying-fotos-samuel-junio-tomaz-101--90x90.jpg 90w\" sizes=\"auto, (max-width: 150px) 100vw, 150px\" \/><\/a>\n\t\t\t<\/div><\/figure><figure class='gallery-item'>\n\t\t\t<div class='gallery-icon landscape'>\n\t\t\t\t<a href='https:\/\/www.cmc.mg.gov.br\/?attachment_id=13387'><img loading=\"lazy\" decoding=\"async\" width=\"150\" height=\"150\" src=\"https:\/\/www.cmc.mg.gov.br\/wordpress\/wp-content\/uploads\/2019\/03\/19-03-14-escola-do-legislativo-bullying-fotos-samuel-junio-tomaz-106--150x150.jpg\" class=\"attachment-thumbnail size-thumbnail\" alt=\"\" srcset=\"https:\/\/www.cmc.mg.gov.br\/wordpress\/wp-content\/uploads\/2019\/03\/19-03-14-escola-do-legislativo-bullying-fotos-samuel-junio-tomaz-106--150x150.jpg 150w, https:\/\/www.cmc.mg.gov.br\/wordpress\/wp-content\/uploads\/2019\/03\/19-03-14-escola-do-legislativo-bullying-fotos-samuel-junio-tomaz-106--90x90.jpg 90w\" sizes=\"auto, (max-width: 150px) 100vw, 150px\" \/><\/a>\n\t\t\t<\/div><\/figure><figure class='gallery-item'>\n\t\t\t<div class='gallery-icon landscape'>\n\t\t\t\t<a href='https:\/\/www.cmc.mg.gov.br\/?attachment_id=13388'><img loading=\"lazy\" decoding=\"async\" width=\"150\" height=\"150\" src=\"https:\/\/www.cmc.mg.gov.br\/wordpress\/wp-content\/uploads\/2019\/03\/19-03-14-escola-do-legislativo-bullying-fotos-samuel-junio-tomaz-112--150x150.jpg\" class=\"attachment-thumbnail size-thumbnail\" alt=\"\" srcset=\"https:\/\/www.cmc.mg.gov.br\/wordpress\/wp-content\/uploads\/2019\/03\/19-03-14-escola-do-legislativo-bullying-fotos-samuel-junio-tomaz-112--150x150.jpg 150w, https:\/\/www.cmc.mg.gov.br\/wordpress\/wp-content\/uploads\/2019\/03\/19-03-14-escola-do-legislativo-bullying-fotos-samuel-junio-tomaz-112--90x90.jpg 90w\" sizes=\"auto, (max-width: 150px) 100vw, 150px\" \/><\/a>\n\t\t\t<\/div><\/figure><figure class='gallery-item'>\n\t\t\t<div class='gallery-icon landscape'>\n\t\t\t\t<a href='https:\/\/www.cmc.mg.gov.br\/?attachment_id=13389'><img loading=\"lazy\" decoding=\"async\" width=\"150\" height=\"150\" src=\"https:\/\/www.cmc.mg.gov.br\/wordpress\/wp-content\/uploads\/2019\/03\/19-03-14-escola-do-legislativo-bullying-fotos-samuel-junio-tomaz-120--150x150.jpg\" class=\"attachment-thumbnail size-thumbnail\" alt=\"\" srcset=\"https:\/\/www.cmc.mg.gov.br\/wordpress\/wp-content\/uploads\/2019\/03\/19-03-14-escola-do-legislativo-bullying-fotos-samuel-junio-tomaz-120--150x150.jpg 150w, https:\/\/www.cmc.mg.gov.br\/wordpress\/wp-content\/uploads\/2019\/03\/19-03-14-escola-do-legislativo-bullying-fotos-samuel-junio-tomaz-120--90x90.jpg 90w\" sizes=\"auto, (max-width: 150px) 100vw, 150px\" \/><\/a>\n\t\t\t<\/div><\/figure><figure class='gallery-item'>\n\t\t\t<div class='gallery-icon landscape'>\n\t\t\t\t<a href='https:\/\/www.cmc.mg.gov.br\/?attachment_id=13390'><img loading=\"lazy\" decoding=\"async\" width=\"150\" height=\"150\" src=\"https:\/\/www.cmc.mg.gov.br\/wordpress\/wp-content\/uploads\/2019\/03\/19-03-14-escola-do-legislativo-bullying-fotos-samuel-junio-tomaz-125--150x150.jpg\" class=\"attachment-thumbnail size-thumbnail\" alt=\"\" srcset=\"https:\/\/www.cmc.mg.gov.br\/wordpress\/wp-content\/uploads\/2019\/03\/19-03-14-escola-do-legislativo-bullying-fotos-samuel-junio-tomaz-125--150x150.jpg 150w, https:\/\/www.cmc.mg.gov.br\/wordpress\/wp-content\/uploads\/2019\/03\/19-03-14-escola-do-legislativo-bullying-fotos-samuel-junio-tomaz-125--90x90.jpg 90w\" sizes=\"auto, (max-width: 150px) 100vw, 150px\" \/><\/a>\n\t\t\t<\/div><\/figure><figure class='gallery-item'>\n\t\t\t<div class='gallery-icon landscape'>\n\t\t\t\t<a href='https:\/\/www.cmc.mg.gov.br\/?attachment_id=13422'><img loading=\"lazy\" decoding=\"async\" width=\"150\" height=\"150\" src=\"https:\/\/www.cmc.mg.gov.br\/wordpress\/wp-content\/uploads\/2019\/03\/19-03-14-escola-do-legislativo-bullying-fotos-samuel-junio-tomaz-78-9-Copy-150x150.jpg\" class=\"attachment-thumbnail size-thumbnail\" alt=\"\" srcset=\"https:\/\/www.cmc.mg.gov.br\/wordpress\/wp-content\/uploads\/2019\/03\/19-03-14-escola-do-legislativo-bullying-fotos-samuel-junio-tomaz-78-9-Copy-150x150.jpg 150w, https:\/\/www.cmc.mg.gov.br\/wordpress\/wp-content\/uploads\/2019\/03\/19-03-14-escola-do-legislativo-bullying-fotos-samuel-junio-tomaz-78-9-Copy-90x90.jpg 90w\" sizes=\"auto, (max-width: 150px) 100vw, 150px\" \/><\/a>\n\t\t\t<\/div><\/figure><figure class='gallery-item'>\n\t\t\t<div class='gallery-icon landscape'>\n\t\t\t\t<a href='https:\/\/www.cmc.mg.gov.br\/?attachment_id=13423'><img loading=\"lazy\" decoding=\"async\" width=\"150\" height=\"150\" src=\"https:\/\/www.cmc.mg.gov.br\/wordpress\/wp-content\/uploads\/2019\/03\/19-03-14-escola-do-legislativo-bullying-fotos-samuel-junio-tomaz-78-15-Copy-150x150.jpg\" class=\"attachment-thumbnail size-thumbnail\" alt=\"\" srcset=\"https:\/\/www.cmc.mg.gov.br\/wordpress\/wp-content\/uploads\/2019\/03\/19-03-14-escola-do-legislativo-bullying-fotos-samuel-junio-tomaz-78-15-Copy-150x150.jpg 150w, https:\/\/www.cmc.mg.gov.br\/wordpress\/wp-content\/uploads\/2019\/03\/19-03-14-escola-do-legislativo-bullying-fotos-samuel-junio-tomaz-78-15-Copy-90x90.jpg 90w\" sizes=\"auto, (max-width: 150px) 100vw, 150px\" \/><\/a>\n\t\t\t<\/div><\/figure><figure class='gallery-item'>\n\t\t\t<div class='gallery-icon landscape'>\n\t\t\t\t<a href='https:\/\/www.cmc.mg.gov.br\/?attachment_id=13424'><img loading=\"lazy\" decoding=\"async\" width=\"150\" height=\"150\" src=\"https:\/\/www.cmc.mg.gov.br\/wordpress\/wp-content\/uploads\/2019\/03\/19-03-14-escola-do-legislativo-bullying-fotos-samuel-junio-tomaz-78-19-Copy-150x150.jpg\" class=\"attachment-thumbnail size-thumbnail\" alt=\"\" srcset=\"https:\/\/www.cmc.mg.gov.br\/wordpress\/wp-content\/uploads\/2019\/03\/19-03-14-escola-do-legislativo-bullying-fotos-samuel-junio-tomaz-78-19-Copy-150x150.jpg 150w, https:\/\/www.cmc.mg.gov.br\/wordpress\/wp-content\/uploads\/2019\/03\/19-03-14-escola-do-legislativo-bullying-fotos-samuel-junio-tomaz-78-19-Copy-90x90.jpg 90w\" sizes=\"auto, (max-width: 150px) 100vw, 150px\" \/><\/a>\n\t\t\t<\/div><\/figure><figure class='gallery-item'>\n\t\t\t<div class='gallery-icon landscape'>\n\t\t\t\t<a href='https:\/\/www.cmc.mg.gov.br\/?attachment_id=13425'><img loading=\"lazy\" decoding=\"async\" width=\"150\" height=\"150\" src=\"https:\/\/www.cmc.mg.gov.br\/wordpress\/wp-content\/uploads\/2019\/03\/19-03-14-escola-do-legislativo-bullying-fotos-samuel-junio-tomaz-78-21-Copy-150x150.jpg\" class=\"attachment-thumbnail size-thumbnail\" alt=\"\" srcset=\"https:\/\/www.cmc.mg.gov.br\/wordpress\/wp-content\/uploads\/2019\/03\/19-03-14-escola-do-legislativo-bullying-fotos-samuel-junio-tomaz-78-21-Copy-150x150.jpg 150w, https:\/\/www.cmc.mg.gov.br\/wordpress\/wp-content\/uploads\/2019\/03\/19-03-14-escola-do-legislativo-bullying-fotos-samuel-junio-tomaz-78-21-Copy-90x90.jpg 90w\" sizes=\"auto, (max-width: 150px) 100vw, 150px\" \/><\/a>\n\t\t\t<\/div><\/figure><figure class='gallery-item'>\n\t\t\t<div class='gallery-icon landscape'>\n\t\t\t\t<a href='https:\/\/www.cmc.mg.gov.br\/?attachment_id=13426'><img loading=\"lazy\" decoding=\"async\" width=\"150\" height=\"150\" src=\"https:\/\/www.cmc.mg.gov.br\/wordpress\/wp-content\/uploads\/2019\/03\/19-03-14-escola-do-legislativo-bullying-fotos-samuel-junio-tomaz-78-25-Copy-150x150.jpg\" class=\"attachment-thumbnail size-thumbnail\" alt=\"\" srcset=\"https:\/\/www.cmc.mg.gov.br\/wordpress\/wp-content\/uploads\/2019\/03\/19-03-14-escola-do-legislativo-bullying-fotos-samuel-junio-tomaz-78-25-Copy-150x150.jpg 150w, https:\/\/www.cmc.mg.gov.br\/wordpress\/wp-content\/uploads\/2019\/03\/19-03-14-escola-do-legislativo-bullying-fotos-samuel-junio-tomaz-78-25-Copy-90x90.jpg 90w\" sizes=\"auto, (max-width: 150px) 100vw, 150px\" \/><\/a>\n\t\t\t<\/div><\/figure><figure class='gallery-item'>\n\t\t\t<div class='gallery-icon landscape'>\n\t\t\t\t<a href='https:\/\/www.cmc.mg.gov.br\/?attachment_id=13427'><img loading=\"lazy\" decoding=\"async\" width=\"150\" height=\"150\" src=\"https:\/\/www.cmc.mg.gov.br\/wordpress\/wp-content\/uploads\/2019\/03\/19-03-14-escola-do-legislativo-bullying-fotos-samuel-junio-tomaz-78-30-Copy-C\u00f3pia-150x150.jpg\" class=\"attachment-thumbnail size-thumbnail\" alt=\"\" srcset=\"https:\/\/www.cmc.mg.gov.br\/wordpress\/wp-content\/uploads\/2019\/03\/19-03-14-escola-do-legislativo-bullying-fotos-samuel-junio-tomaz-78-30-Copy-C\u00f3pia-150x150.jpg 150w, https:\/\/www.cmc.mg.gov.br\/wordpress\/wp-content\/uploads\/2019\/03\/19-03-14-escola-do-legislativo-bullying-fotos-samuel-junio-tomaz-78-30-Copy-C\u00f3pia-90x90.jpg 90w\" sizes=\"auto, (max-width: 150px) 100vw, 150px\" \/><\/a>\n\t\t\t<\/div><\/figure><figure class='gallery-item'>\n\t\t\t<div class='gallery-icon landscape'>\n\t\t\t\t<a href='https:\/\/www.cmc.mg.gov.br\/?attachment_id=13428'><img loading=\"lazy\" decoding=\"async\" width=\"150\" height=\"150\" src=\"https:\/\/www.cmc.mg.gov.br\/wordpress\/wp-content\/uploads\/2019\/03\/19-03-14-escola-do-legislativo-bullying-fotos-samuel-junio-tomaz-78-69-Copy-C\u00f3pia-150x150.jpg\" class=\"attachment-thumbnail size-thumbnail\" alt=\"\" srcset=\"https:\/\/www.cmc.mg.gov.br\/wordpress\/wp-content\/uploads\/2019\/03\/19-03-14-escola-do-legislativo-bullying-fotos-samuel-junio-tomaz-78-69-Copy-C\u00f3pia-150x150.jpg 150w, https:\/\/www.cmc.mg.gov.br\/wordpress\/wp-content\/uploads\/2019\/03\/19-03-14-escola-do-legislativo-bullying-fotos-samuel-junio-tomaz-78-69-Copy-C\u00f3pia-90x90.jpg 90w\" sizes=\"auto, (max-width: 150px) 100vw, 150px\" \/><\/a>\n\t\t\t<\/div><\/figure><figure class='gallery-item'>\n\t\t\t<div class='gallery-icon landscape'>\n\t\t\t\t<a href='https:\/\/www.cmc.mg.gov.br\/?attachment_id=13429'><img loading=\"lazy\" decoding=\"async\" width=\"150\" height=\"150\" src=\"https:\/\/www.cmc.mg.gov.br\/wordpress\/wp-content\/uploads\/2019\/03\/19-03-14-escola-do-legislativo-bullying-fotos-samuel-junio-tomaz-78-9-Copy-C\u00f3pia-150x150.jpg\" class=\"attachment-thumbnail size-thumbnail\" alt=\"\" srcset=\"https:\/\/www.cmc.mg.gov.br\/wordpress\/wp-content\/uploads\/2019\/03\/19-03-14-escola-do-legislativo-bullying-fotos-samuel-junio-tomaz-78-9-Copy-C\u00f3pia-150x150.jpg 150w, https:\/\/www.cmc.mg.gov.br\/wordpress\/wp-content\/uploads\/2019\/03\/19-03-14-escola-do-legislativo-bullying-fotos-samuel-junio-tomaz-78-9-Copy-C\u00f3pia-90x90.jpg 90w\" sizes=\"auto, (max-width: 150px) 100vw, 150px\" \/><\/a>\n\t\t\t<\/div><\/figure><figure class='gallery-item'>\n\t\t\t<div class='gallery-icon landscape'>\n\t\t\t\t<a href='https:\/\/www.cmc.mg.gov.br\/?attachment_id=13430'><img loading=\"lazy\" decoding=\"async\" width=\"150\" height=\"150\" src=\"https:\/\/www.cmc.mg.gov.br\/wordpress\/wp-content\/uploads\/2019\/03\/19-03-14-escola-do-legislativo-bullying-fotos-samuel-junio-tomaz-78-15-Copy-C\u00f3pia-150x150.jpg\" class=\"attachment-thumbnail size-thumbnail\" alt=\"\" srcset=\"https:\/\/www.cmc.mg.gov.br\/wordpress\/wp-content\/uploads\/2019\/03\/19-03-14-escola-do-legislativo-bullying-fotos-samuel-junio-tomaz-78-15-Copy-C\u00f3pia-150x150.jpg 150w, https:\/\/www.cmc.mg.gov.br\/wordpress\/wp-content\/uploads\/2019\/03\/19-03-14-escola-do-legislativo-bullying-fotos-samuel-junio-tomaz-78-15-Copy-C\u00f3pia-90x90.jpg 90w\" sizes=\"auto, (max-width: 150px) 100vw, 150px\" \/><\/a>\n\t\t\t<\/div><\/figure>\n\t\t<\/div>\n\n<p>&nbsp;<\/p>\n","protected":false},"excerpt":{"rendered":"<p>A Escola do Legislativo da C\u00e2mara Municipal de Contagem realizou, ao longo do m\u00eas de mar\u00e7o, uma campanha contra o bullying. Foram realizadas palestras em escolas do munic\u00edpio com o objetivo de conscientizar alunos, dire\u00e7\u00e3o e professores sobre o tema. As palestras contaram com a participa\u00e7\u00e3o do Container com Letras e das psic\u00f3logas\u00a0Andrezza Mazzinghy e &hellip; <a href=\"https:\/\/www.cmc.mg.gov.br\/?p=13360\" class=\"more-link\">Continue lendo <span class=\"screen-reader-text\">Ciclo de palestras sobre Bullying &#8211; Escola Municipal Professor Geraldo Bas\u00edlio<\/span> <span class=\"meta-nav\">&rarr;<\/span><\/a><\/p>\n","protected":false},"author":2,"featured_media":0,"comment_status":"open","ping_status":"open","sticky":false,"template":"","format":"standard","meta":{"_exactmetrics_skip_tracking":false,"_exactmetrics_sitenote_active":false,"_exactmetrics_sitenote_note":"","_exactmetrics_sitenote_category":0,"footnotes":""},"categories":[8,26,24,32],"tags":[],"class_list":["post-13360","post","type-post","status-publish","format-standard","hentry","category-camara","category-escola-do-legislativo","category-eventos-institucionais","category-galeria-de-fotos"],"_links":{"self":[{"href":"https:\/\/www.cmc.mg.gov.br\/index.php?rest_route=\/wp\/v2\/posts\/13360","targetHints":{"allow":["GET"]}}],"collection":[{"href":"https:\/\/www.cmc.mg.gov.br\/index.php?rest_route=\/wp\/v2\/posts"}],"about":[{"href":"https:\/\/www.cmc.mg.gov.br\/index.php?rest_route=\/wp\/v2\/types\/post"}],"author":[{"embeddable":true,"href":"https:\/\/www.cmc.mg.gov.br\/index.php?rest_route=\/wp\/v2\/users\/2"}],"replies":[{"embeddable":true,"href":"https:\/\/www.cmc.mg.gov.br\/index.php?rest_route=%2Fwp%2Fv2%2Fcomments&post=13360"}],"version-history":[{"count":2,"href":"https:\/\/www.cmc.mg.gov.br\/index.php?rest_route=\/wp\/v2\/posts\/13360\/revisions"}],"predecessor-version":[{"id":13431,"href":"https:\/\/www.cmc.mg.gov.br\/index.php?rest_route=\/wp\/v2\/posts\/13360\/revisions\/13431"}],"wp:attachment":[{"href":"https:\/\/www.cmc.mg.gov.br\/index.php?rest_route=%2Fwp%2Fv2%2Fmedia&parent=13360"}],"wp:term":[{"taxonomy":"category","embeddable":true,"href":"https:\/\/www.cmc.mg.gov.br\/index.php?rest_route=%2Fwp%2Fv2%2Fcategories&post=13360"},{"taxonomy":"post_tag","embeddable":true,"href":"https:\/\/www.cmc.mg.gov.br\/index.php?rest_route=%2Fwp%2Fv2%2Ftags&post=13360"}],"curies":[{"name":"wp","href":"https:\/\/api.w.org\/{rel}","templated":true}]}}