
{"id":13724,"date":"2019-04-17T14:01:12","date_gmt":"2019-04-17T17:01:12","guid":{"rendered":"http:\/\/www.cmc.mg.gov.br\/?p=13724"},"modified":"2019-04-17T14:37:29","modified_gmt":"2019-04-17T17:37:29","slug":"camara-se-envolve-na-busca-de-solucao-para-camelodromo-do-eldorado","status":"publish","type":"post","link":"https:\/\/www.cmc.mg.gov.br\/?p=13724","title":{"rendered":"C\u00e2mara se envolve na busca de solu\u00e7\u00e3o para Camel\u00f3dromo do Eldorado"},"content":{"rendered":"<p style=\"text-align: justify;\">Os comerciantes do Camel\u00f3dromo do Eldorado, popularmente conhecido como &#8220;Feirinha do Paraguai&#8221;, estiveram na C\u00e2mara Municipal de Contagem nesta ter\u00e7a-feira (16\/04) durante a plen\u00e1ria, buscando o apoio dos vereadores para permanecerem no mesmo local que trabalham desde a d\u00e9cada de 1990, na rua Portugal, pr\u00f3ximo \u00e0 avenida Jo\u00e3o C\u00e9sar de Oliveira.<\/p>\n<p style=\"text-align: justify;\">A manifesta\u00e7\u00e3o foi motivada pela resolu\u00e7\u00e3o da Prefeitura de Contagem, de retirar a feira daquele local a fim de realizar obras de mobilidade urbana e revitaliza\u00e7\u00e3o urban\u00edstica, com a constru\u00e7\u00e3o de um boulevard no local. Segundo os feirantes, a iniciativa afetaria o trabalho de cerca de mil pessoas e a \u00fanica alternativa oferecida, com a mudan\u00e7a de local, geraria alto custo para eles.<\/p>\n<p style=\"text-align: justify;\">O presidente da C\u00e2mara, vereador Daniel Carvalho (PV), abriu espa\u00e7o para os feirantes na Tribuna Livre representados pelo expositor Jeferson Pereira dos Reis, que relatou a posi\u00e7\u00e3o do grupo, sobre as dificuldades em deixar o local de trabalho de tantos anos e ainda pagar taxas altas para ocupar outro espa\u00e7o. Os vereadores deram seu apoio \u00e0 causa, destacando que a \u201cFeirinha do Paraguai\u201d representa patrim\u00f4nio cultural do munic\u00edpio e op\u00e7\u00e3o de lazer para a popula\u00e7\u00e3o, al\u00e9m de importante fonte de renda para as fam\u00edlias que ali trabalham.<\/p>\n<p style=\"text-align: justify;\"><a href=\"http:\/\/www.cmc.mg.gov.br\/wordpress\/wp-content\/uploads\/2019\/04\/19-04-16-10a-Plen\u00e1ria-Fotos-samuel-junio-tomaz-53.jpg\"><img loading=\"lazy\" decoding=\"async\" class=\"alignright size-medium wp-image-13728\" src=\"http:\/\/www.cmc.mg.gov.br\/wordpress\/wp-content\/uploads\/2019\/04\/19-04-16-10a-Plen\u00e1ria-Fotos-samuel-junio-tomaz-53-300x185.jpg\" alt=\"\" width=\"300\" height=\"185\" srcset=\"https:\/\/www.cmc.mg.gov.br\/wordpress\/wp-content\/uploads\/2019\/04\/19-04-16-10a-Plen\u00e1ria-Fotos-samuel-junio-tomaz-53-300x185.jpg 300w, https:\/\/www.cmc.mg.gov.br\/wordpress\/wp-content\/uploads\/2019\/04\/19-04-16-10a-Plen\u00e1ria-Fotos-samuel-junio-tomaz-53-768x473.jpg 768w, https:\/\/www.cmc.mg.gov.br\/wordpress\/wp-content\/uploads\/2019\/04\/19-04-16-10a-Plen\u00e1ria-Fotos-samuel-junio-tomaz-53-1024x631.jpg 1024w, https:\/\/www.cmc.mg.gov.br\/wordpress\/wp-content\/uploads\/2019\/04\/19-04-16-10a-Plen\u00e1ria-Fotos-samuel-junio-tomaz-53.jpg 2031w\" sizes=\"auto, (max-width: 300px) 100vw, 300px\" \/><\/a>Ap\u00f3s as manifesta\u00e7\u00f5es, Daniel Carvalho solicitou que fosse realizada, no mesmo dia, reuni\u00e3o na presid\u00eancia da C\u00e2mara, entre os vereadores, um grupo de feirantes, al\u00e9m de representantes do governo municipal para buscarem uma solu\u00e7\u00e3o para o impasse. \u201cCreio que vamos sair dessa discuss\u00e3o com pontos positivos, assim como aconteceu quando a C\u00e2mara se envolveu no debate relacionado \u00e0 Feira de Artesanato do Eldorado\u201d, afirmou.<\/p>\n<p style=\"text-align: justify;\"><strong>Entendimentos<\/strong><\/p>\n<p style=\"text-align: justify;\">Em um segundo momento, o grupo de feirantes se reuniu com o presidente da C\u00e2mara, Daniel Carvalho, e com o secret\u00e1rio Municipal de Desenvolvimento Urbano, Ivayr Soalheiro. Os vereadores Alessandro Henrique, Alex Chiodi, Arnaldo de Oliveira, Capit\u00e3o Fontes, Caxic\u00f3, Daniel do Irineu, Dr. Rubens Campos, Edgard Guedes, Gl\u00f3ria da Aposentadoria, Jair Tropical, Teteco e Z\u00e9 Ant\u00f4nio tamb\u00e9m participaram da agenda.<\/p>\n<p style=\"text-align: justify;\">Na oportunidade, os expositores apresentaram novamente as dificuldades e foram enf\u00e1ticos ao deixar claro que a vontade dos feirantes \u00e9 permanecer no local. Dispostos ao di\u00e1logo, eles contaram que algumas propostas j\u00e1 foram apresentadas \u00e0 Prefeitura de Contagem, por\u00e9m n\u00e3o aceitas.<\/p>\n<p style=\"text-align: justify;\">\u201cO nosso desejo \u00e9 permanecer no espa\u00e7o que estamos hoje. Entretanto, n\u00e3o queremos gerar gastos para o munic\u00edpio de forma alguma. Ent\u00e3o, assumimos o compromisso de revitalizar nosso espa\u00e7o para que o local continue sendo reconhecido do ponto de vista cultural e tur\u00edstico, contribuindo com o desenvolvimento econ\u00f4mico do munic\u00edpio\u201d, afirma o expositor Alexandre Magno de Paula.<\/p>\n<p style=\"text-align: justify;\"><a href=\"http:\/\/www.cmc.mg.gov.br\/wordpress\/wp-content\/uploads\/2019\/04\/19-04-16-reuniao-com-camelodromo-18.jpg\"><img loading=\"lazy\" decoding=\"async\" class=\"size-medium wp-image-13730 alignleft\" src=\"http:\/\/www.cmc.mg.gov.br\/wordpress\/wp-content\/uploads\/2019\/04\/19-04-16-reuniao-com-camelodromo-18-300x183.jpg\" alt=\"\" width=\"300\" height=\"183\" srcset=\"https:\/\/www.cmc.mg.gov.br\/wordpress\/wp-content\/uploads\/2019\/04\/19-04-16-reuniao-com-camelodromo-18-300x183.jpg 300w, https:\/\/www.cmc.mg.gov.br\/wordpress\/wp-content\/uploads\/2019\/04\/19-04-16-reuniao-com-camelodromo-18-768x468.jpg 768w, https:\/\/www.cmc.mg.gov.br\/wordpress\/wp-content\/uploads\/2019\/04\/19-04-16-reuniao-com-camelodromo-18-1024x624.jpg 1024w\" sizes=\"auto, (max-width: 300px) 100vw, 300px\" \/><\/a>Manifestando apoio \u00e0 causa, os vereadores reconheceram a import\u00e2ncia cultural e econ\u00f4mica da feirinha e defenderam a perman\u00eancia no local.\u00a0Eles destacaram, ainda, que n\u00e3o h\u00e1 uma ordem de despejo para que o grupo saia do espa\u00e7o atualmente ocupado, logo, entendem que a retirada da feira n\u00e3o \u00e9 uma a\u00e7\u00e3o necess\u00e1ria. Por fim, eles se comprometeram a participar das pr\u00f3ximas conversas com o Executivo e se colocaram \u00e0 disposi\u00e7\u00e3o dos feirantes.<\/p>\n<p style=\"text-align: justify;\">Garantindo solu\u00e7\u00f5es que atendam \u00e0s duas partes, o secret\u00e1rio Ivayr Soalheiro, que assume a demanda nessa ocasi\u00e3o, afirma que precisa conhecer detalhadamente\u00a0 todo o processo que envolve a feira e identificar as possibilidades cab\u00edveis para solucionar o problema dos expositores. Para isso, Soalheiro solicitou um prazo para realizar um estudo t\u00e9cnico e jur\u00eddico de todas as a\u00e7\u00f5es at\u00e9 o momento, incluindo o projeto de constru\u00e7\u00e3o do boulevard.<\/p>\n<p style=\"text-align: justify;\">Para iniciar nova conversa, ficou agendada uma reuni\u00e3o para a pr\u00f3xima semana, com o objetivo de j\u00e1 apresentar propostas concretas. Uma comiss\u00e3o de vereadores ir\u00e1 acompanhar o encontro.\u00a0\u201cVamos selecionar os vereadores para acompanhar de perto essa demanda para que o assunto continue sendo debatido pela Casa. Nosso papel \u00e9 intermediar, fiscalizar e cobrar do Executivo uma solu\u00e7\u00e3o que traga benef\u00edcios para a cidade de Contagem e tamb\u00e9m para o com\u00e9rcio local\u201d, concluiu o presidente Daniel Carvalho.<\/p>\n<p style=\"text-align: right;\">* Por Nat\u00e1lia Rosa e Leandro Perch\u00e9<\/p>\n","protected":false},"excerpt":{"rendered":"<p>Os comerciantes do Camel\u00f3dromo do Eldorado, popularmente conhecido como &#8220;Feirinha do Paraguai&#8221;, estiveram na C\u00e2mara Municipal de Contagem nesta ter\u00e7a-feira (16\/04) durante a plen\u00e1ria, buscando o apoio dos vereadores para permanecerem no mesmo local que trabalham desde a d\u00e9cada de 1990, na rua Portugal, pr\u00f3ximo \u00e0 avenida Jo\u00e3o C\u00e9sar de Oliveira. A manifesta\u00e7\u00e3o foi motivada &hellip; <a href=\"https:\/\/www.cmc.mg.gov.br\/?p=13724\" class=\"more-link\">Continue lendo <span class=\"screen-reader-text\">C\u00e2mara se envolve na busca de solu\u00e7\u00e3o para Camel\u00f3dromo do Eldorado<\/span> <span class=\"meta-nav\">&rarr;<\/span><\/a><\/p>\n","protected":false},"author":3,"featured_media":13727,"comment_status":"open","ping_status":"open","sticky":false,"template":"","format":"standard","meta":{"_exactmetrics_skip_tracking":false,"_exactmetrics_sitenote_active":false,"_exactmetrics_sitenote_note":"","_exactmetrics_sitenote_category":0,"footnotes":""},"categories":[27],"tags":[226,225],"class_list":["post-13724","post","type-post","status-publish","format-standard","has-post-thumbnail","hentry","category-noticias","tag-camelodromo-do-eldorado","tag-feirinha-do-paraguai"],"_links":{"self":[{"href":"https:\/\/www.cmc.mg.gov.br\/index.php?rest_route=\/wp\/v2\/posts\/13724","targetHints":{"allow":["GET"]}}],"collection":[{"href":"https:\/\/www.cmc.mg.gov.br\/index.php?rest_route=\/wp\/v2\/posts"}],"about":[{"href":"https:\/\/www.cmc.mg.gov.br\/index.php?rest_route=\/wp\/v2\/types\/post"}],"author":[{"embeddable":true,"href":"https:\/\/www.cmc.mg.gov.br\/index.php?rest_route=\/wp\/v2\/users\/3"}],"replies":[{"embeddable":true,"href":"https:\/\/www.cmc.mg.gov.br\/index.php?rest_route=%2Fwp%2Fv2%2Fcomments&post=13724"}],"version-history":[{"count":4,"href":"https:\/\/www.cmc.mg.gov.br\/index.php?rest_route=\/wp\/v2\/posts\/13724\/revisions"}],"predecessor-version":[{"id":13732,"href":"https:\/\/www.cmc.mg.gov.br\/index.php?rest_route=\/wp\/v2\/posts\/13724\/revisions\/13732"}],"wp:featuredmedia":[{"embeddable":true,"href":"https:\/\/www.cmc.mg.gov.br\/index.php?rest_route=\/wp\/v2\/media\/13727"}],"wp:attachment":[{"href":"https:\/\/www.cmc.mg.gov.br\/index.php?rest_route=%2Fwp%2Fv2%2Fmedia&parent=13724"}],"wp:term":[{"taxonomy":"category","embeddable":true,"href":"https:\/\/www.cmc.mg.gov.br\/index.php?rest_route=%2Fwp%2Fv2%2Fcategories&post=13724"},{"taxonomy":"post_tag","embeddable":true,"href":"https:\/\/www.cmc.mg.gov.br\/index.php?rest_route=%2Fwp%2Fv2%2Ftags&post=13724"}],"curies":[{"name":"wp","href":"https:\/\/api.w.org\/{rel}","templated":true}]}}