
{"id":14069,"date":"2019-05-20T18:00:34","date_gmt":"2019-05-20T21:00:34","guid":{"rendered":"http:\/\/www.cmc.mg.gov.br\/?p=14069"},"modified":"2019-06-26T18:21:04","modified_gmt":"2019-06-26T21:21:04","slug":"14069","status":"publish","type":"post","link":"https:\/\/www.cmc.mg.gov.br\/?p=14069","title":{"rendered":"Preg\u00e3o Presencial n\u00ba 02\/2019 &#8211; Servi\u00e7os de Telefonia"},"content":{"rendered":"<p style=\"text-align: center;\"><strong>AVISO DE LICITA\u00c7\u00c3O<\/strong><\/p>\n<p style=\"text-align: justify;\">C\u00e2mara Municipal de Contagem \u2013 <strong>Preg\u00e3o Presencial n\u00ba 02\/2019 \u2013 Processo n\u00ba 22\/2019<\/strong>, torna p\u00fablico, para conhecimento dos interessados, que far\u00e1 realizar licita\u00e7\u00e3o na modalidade preg\u00e3o presencial, a partir das 14h00m do dia <strong>31 (trinta e um) de maio de 2019<\/strong>, em sua sede, na Pra\u00e7a S\u00e3o Gon\u00e7alo, n\u00ba 18, Centro de Contagem\/MG, tendo por objeto a Contrata\u00e7\u00e3o de empresa para presta\u00e7\u00e3o de Servi\u00e7os de Telefonia Fixa, Telefonia M\u00f3vel, Link Dedicado de Internet e Firewall UTM para a C\u00e2mara Municipal de Contagem. O texto integral do edital (contendo todas as informa\u00e7\u00f5es sobre o certame) encontra-se \u00e0 disposi\u00e7\u00e3o dos interessados no site <a href=\"http:\/\/www.cmc.mg.gov.br\">http:\/\/www.cmc.mg.gov.br<\/a> e pelo e-mail <a href=\"mailto:compras@cmc.mg.gov.br\">compras@cmc.mg.gov.br<\/a> \u2013 Comiss\u00e3o Permanente de Licita\u00e7\u00e3o, telefone: (31)3198-5141 e (31)3359-8700, no hor\u00e1rio de 09h00m as 18h00m, de segunda a sexta-feira, onde poder\u00e3o ser obtidos esclarecimentos adicionais. \u00c9rica Pereira de Souza \u2013 Pregoeira.<\/p>\n<ul>\n<li><a href=\"http:\/\/www.cmc.mg.gov.br\/wordpress\/wp-content\/uploads\/2019\/05\/EDITAL_PREGAO_02-2019_telefonia-.pdf\">EDITAL PREG\u00c3O 02-2019<\/a> &#8211; 20\/05\/2019<\/li>\n<li><a href=\"http:\/\/www.cmc.mg.gov.br\/wordpress\/wp-content\/uploads\/2019\/05\/PEDIDO-DE-IMPUGNACAO-1.pdf\">PEDIDO DE IMPUGNA\u00c7\u00c3O 01 PP 02-2019<\/a> &#8211; 28\/05\/2019<\/li>\n<li><a href=\"http:\/\/www.cmc.mg.gov.br\/wordpress\/wp-content\/uploads\/2019\/05\/RESPOSTA-A-IMPUGNACAO-PP-02-2019-_1_.pdf\">RESPOSTA A IMPUGNA\u00c7\u00c3O 01 PP 02-2019<\/a>\u00a0&#8211; 28\/05\/2019<\/li>\n<li><a href=\"http:\/\/www.cmc.mg.gov.br\/wordpress\/wp-content\/uploads\/2019\/05\/AVISO-DE-SUSPENS\u00c3O-PP-02-2019.pdf\">AVISO DE SUSPENS\u00c3O PP 02-2019<\/a>\u00a0&#8211; 29\/05\/2019<\/li>\n<li><a href=\"http:\/\/www.cmc.mg.gov.br\/wordpress\/wp-content\/uploads\/2019\/05\/EDITAL-PREG\u00c3O-02-2019-telefonia-RETIFICADO-04-06.pdf\">EDITAL PREG\u00c3O 02-2019 telefonia RETIFICADO 04-06<\/a>\u00a0&#8211; 06\/06\/2019<\/li>\n<li><a href=\"http:\/\/www.cmc.mg.gov.br\/wordpress\/wp-content\/uploads\/2019\/05\/Questionamentos-PP-02-2019-C\u00e2mara-Municipal-de-Contagem-1.pdf\">Questionamentos PP 02-2019 &#8211; C\u00e2mara Municipal de Contagem<\/a>&#8211; 14\/06\/2019<\/li>\n<li><a href=\"http:\/\/www.cmc.mg.gov.br\/wordpress\/wp-content\/uploads\/2019\/05\/IMPUGNACAO-CLARO-13-06-19.pdf\">IMPUGNACAO CLARO 13-06-19<\/a>\u00a0&#8211; 14\/06\/2019<\/li>\n<li><a href=\"http:\/\/www.cmc.mg.gov.br\/wordpress\/wp-content\/uploads\/2019\/05\/RESPOSTA-A-ESCLARECIMENTO-PP-02-2019-Edital-Retificado.pdf\">RESPOSTA A ESCLARECIMENTO PP 02-2019 &#8211; Edital Retificado<\/a>\u00a0&#8211; 14\/06\/2019<\/li>\n<li><a href=\"http:\/\/www.cmc.mg.gov.br\/wordpress\/wp-content\/uploads\/2019\/05\/RESPOSTA-A-IMPUGNACAO-PP-02-2019-claro-1.pdf\">RESPOSTA A IMPUGNACAO PP 02-2019 claro<\/a>\u00a0&#8211; 14\/06\/2019<\/li>\n<li><a href=\"http:\/\/www.cmc.mg.gov.br\/wordpress\/wp-content\/uploads\/2019\/05\/PEDIDO-ESCLARECIMENTO-TELEFONICA.pdf\">PEDIDO ESCLARECIMENTO TELEFONICA<\/a>\u00a0&#8211; 14\/06\/2019<\/li>\n<li><a href=\"http:\/\/www.cmc.mg.gov.br\/wordpress\/wp-content\/uploads\/2019\/05\/RESPOSTA-A-ESCLARECIMENTO-IMPUGNACAO-PP-02-2019-TELFONICA.pdf\">RESPOSTA A ESCLARECIMENTO &#8211; IMPUGNACAO PP 02-2019 TELFONICA<\/a>\u00a0&#8211; 14\/06\/2019<\/li>\n<li><a href=\"http:\/\/www.cmc.mg.gov.br\/wordpress\/wp-content\/uploads\/2019\/05\/CM-DE-Contagem-Questionamento-2.pdf\">CM DE Contagem &#8211; Questionamento 2<\/a>\u00a0-14\/06\/2019<\/li>\n<li><a href=\"http:\/\/www.cmc.mg.gov.br\/wordpress\/wp-content\/uploads\/2019\/05\/RESPOSTA-A-ESCLARECIMENTO-PP-02-2019-oi.pdf\">RESPOSTA A ESCLARECIMENTO PP 02-2019 &#8211; oi<\/a>\u00a0-14\/06\/2019<\/li>\n<li><a href=\"http:\/\/www.cmc.mg.gov.br\/wordpress\/wp-content\/uploads\/2019\/05\/IMPUGNACAO-ALGAR-17-06-19.pdf\">IMPUGNACAO ALGAR-17-06-19<\/a>\u00a0&#8211; 17\/06\/2019<\/li>\n<li><a href=\"http:\/\/www.cmc.mg.gov.br\/wordpress\/wp-content\/uploads\/2019\/05\/RESPOSTA-A-IMPUGNACAO-PP-02-2019-ALGAR.pdf\">RESPOSTA A IMPUGNACAO PP 02-2019 ALGAR<\/a>\u00a0&#8211; 17\/06\/2019<\/li>\n<li><a href=\"http:\/\/www.cmc.mg.gov.br\/wordpress\/wp-content\/uploads\/2019\/05\/ATA-PP-02-2019.pdf\" target=\"_blank\" rel=\"noopener\">ATA PP 02-2019<\/a>\u00a0&#8211; 24\/06\/2019.<\/li>\n<li><a href=\"http:\/\/www.cmc.mg.gov.br\/wordpress\/wp-content\/uploads\/2019\/05\/ATA-PP-02-2019-2.pdf\">ATA PP 02-2019 2<\/a>\u00a0&#8211; 26\/06\/2019.<\/li>\n<\/ul>\n<p>&nbsp;<\/p>\n","protected":false},"excerpt":{"rendered":"<p>AVISO DE LICITA\u00c7\u00c3O C\u00e2mara Municipal de Contagem \u2013 Preg\u00e3o Presencial n\u00ba 02\/2019 \u2013 Processo n\u00ba 22\/2019, torna p\u00fablico, para conhecimento dos interessados, que far\u00e1 realizar licita\u00e7\u00e3o na modalidade preg\u00e3o presencial, a partir das 14h00m do dia 31 (trinta e um) de maio de 2019, em sua sede, na Pra\u00e7a S\u00e3o Gon\u00e7alo, n\u00ba 18, Centro de &hellip; <a href=\"https:\/\/www.cmc.mg.gov.br\/?p=14069\" class=\"more-link\">Continue lendo <span class=\"screen-reader-text\">Preg\u00e3o Presencial n\u00ba 02\/2019 &#8211; Servi\u00e7os de Telefonia<\/span> <span class=\"meta-nav\">&rarr;<\/span><\/a><\/p>\n","protected":false},"author":1,"featured_media":0,"comment_status":"open","ping_status":"open","sticky":false,"template":"","format":"standard","meta":{"_exactmetrics_skip_tracking":false,"_exactmetrics_sitenote_active":false,"_exactmetrics_sitenote_note":"","_exactmetrics_sitenote_category":0,"footnotes":""},"categories":[21],"tags":[],"class_list":["post-14069","post","type-post","status-publish","format-standard","hentry","category-licitacoes"],"_links":{"self":[{"href":"https:\/\/www.cmc.mg.gov.br\/index.php?rest_route=\/wp\/v2\/posts\/14069","targetHints":{"allow":["GET"]}}],"collection":[{"href":"https:\/\/www.cmc.mg.gov.br\/index.php?rest_route=\/wp\/v2\/posts"}],"about":[{"href":"https:\/\/www.cmc.mg.gov.br\/index.php?rest_route=\/wp\/v2\/types\/post"}],"author":[{"embeddable":true,"href":"https:\/\/www.cmc.mg.gov.br\/index.php?rest_route=\/wp\/v2\/users\/1"}],"replies":[{"embeddable":true,"href":"https:\/\/www.cmc.mg.gov.br\/index.php?rest_route=%2Fwp%2Fv2%2Fcomments&post=14069"}],"version-history":[{"count":12,"href":"https:\/\/www.cmc.mg.gov.br\/index.php?rest_route=\/wp\/v2\/posts\/14069\/revisions"}],"predecessor-version":[{"id":14662,"href":"https:\/\/www.cmc.mg.gov.br\/index.php?rest_route=\/wp\/v2\/posts\/14069\/revisions\/14662"}],"wp:attachment":[{"href":"https:\/\/www.cmc.mg.gov.br\/index.php?rest_route=%2Fwp%2Fv2%2Fmedia&parent=14069"}],"wp:term":[{"taxonomy":"category","embeddable":true,"href":"https:\/\/www.cmc.mg.gov.br\/index.php?rest_route=%2Fwp%2Fv2%2Fcategories&post=14069"},{"taxonomy":"post_tag","embeddable":true,"href":"https:\/\/www.cmc.mg.gov.br\/index.php?rest_route=%2Fwp%2Fv2%2Ftags&post=14069"}],"curies":[{"name":"wp","href":"https:\/\/api.w.org\/{rel}","templated":true}]}}