
{"id":14170,"date":"2019-05-27T14:42:59","date_gmt":"2019-05-27T17:42:59","guid":{"rendered":"http:\/\/www.cmc.mg.gov.br\/?p=14170"},"modified":"2020-08-17T16:03:25","modified_gmt":"2020-08-17T19:03:25","slug":"regional-industrial-recebe-acao-social-da-ouvidoria-da-camara","status":"publish","type":"post","link":"https:\/\/www.cmc.mg.gov.br\/?p=14170","title":{"rendered":"Regional Industrial recebe a\u00e7\u00e3o social da Ouvidoria da C\u00e2mara"},"content":{"rendered":"<p style=\"text-align: justify;\">O Centro Social Urbano (CSU) do bairro Amazonas &#8211; Regional Industrial, ficou repleto de pessoas na manh\u00e3 do \u00faltimo s\u00e1bado (25\/05). Isso porque a Ouvidoria Cidad\u00e3 da C\u00e2mara Municipal de Contagem promoveu no local mais uma edi\u00e7\u00e3o da sua a\u00e7\u00e3o social, que vem rodando as regionais da cidade desde 2017.<\/p>\n<p style=\"text-align: justify;\">Quem passou pelo local pode aproveitar uma s\u00e9rie de servi\u00e7os oferecidos pelos parceiros do evento: emiss\u00e3o de carteira de identidade e do cart\u00e3o \u00d3timo, cadastro no Bolsa Fam\u00edlia, servi\u00e7os do Sine, orienta\u00e7\u00e3o nutricional, ajuste e limpeza de \u00f3culos, orienta\u00e7\u00e3o jur\u00eddica e do Procon, doa\u00e7\u00e3o de mudas, ado\u00e7\u00e3o de animais, espa\u00e7o kids, apresenta\u00e7\u00f5es culturais e outros.<\/p>\n<p style=\"text-align: justify;\">Os vereadores Vin\u00edcius Faria (PCdoB), Caxic\u00f3 (PPS) e Pastor Itamar (PRB), al\u00e9m do presidente da C\u00e2mara, vereador Daniel Carvalho (PV), estiveram presentes durante todo o evento, oportunidade em que andaram e conversaram com a popula\u00e7\u00e3o.<a href=\"http:\/\/www.cmc.mg.gov.br\/wordpress\/wp-content\/uploads\/2019\/05\/19-05-25_ouvidoria_industrial_samuel_junio_tomaz-154.jpg\"><img loading=\"lazy\" decoding=\"async\" class=\"size-medium wp-image-14175 alignright\" src=\"http:\/\/www.cmc.mg.gov.br\/wordpress\/wp-content\/uploads\/2019\/05\/19-05-25_ouvidoria_industrial_samuel_junio_tomaz-154-300x200.jpg\" alt=\"\" width=\"300\" height=\"200\" srcset=\"https:\/\/www.cmc.mg.gov.br\/wordpress\/wp-content\/uploads\/2019\/05\/19-05-25_ouvidoria_industrial_samuel_junio_tomaz-154-300x200.jpg 300w, https:\/\/www.cmc.mg.gov.br\/wordpress\/wp-content\/uploads\/2019\/05\/19-05-25_ouvidoria_industrial_samuel_junio_tomaz-154-768x512.jpg 768w, https:\/\/www.cmc.mg.gov.br\/wordpress\/wp-content\/uploads\/2019\/05\/19-05-25_ouvidoria_industrial_samuel_junio_tomaz-154-1024x683.jpg 1024w, https:\/\/www.cmc.mg.gov.br\/wordpress\/wp-content\/uploads\/2019\/05\/19-05-25_ouvidoria_industrial_samuel_junio_tomaz-154.jpg 1200w\" sizes=\"auto, (max-width: 300px) 100vw, 300px\" \/><\/a><\/p>\n<p style=\"text-align: justify;\">Outra presen\u00e7a foi a do administrador regional do Industrial, o ex-vereador Beto Diniz, que parabenizou a C\u00e2mara pela iniciativa e se colocou novamente \u00e0 disposi\u00e7\u00e3o caso a Ouvidoria volte a realizar eventos na regi\u00e3o.<\/p>\n<p style=\"text-align: justify;\">A equipe da Ouvidoria da C\u00e2mara ficou respons\u00e1vel por recolher as reclama\u00e7\u00f5es, sugest\u00f5es e d\u00favidas da popula\u00e7\u00e3o sobre os servi\u00e7os p\u00fablicos da cidade e sobre o trabalho dos vereadores. De acordo com a ouvidora do Legislativo, Gabriela Diniz, as dezenas de demandas foram sobre assuntos diversos, mas a maior parte foi sobre a Sa\u00fade.<\/p>\n<p style=\"text-align: justify;\">\u201cRecebemos muitas reclama\u00e7\u00f5es de falta de m\u00e9dico em UBS e de demora na marca\u00e7\u00e3o de consultas especializadas\u201d, explicou. Outras demandas recolhidas pela Ouvidoria foram sobre seguran\u00e7a, tr\u00e2nsito e tamb\u00e9m pedidos de emprego, que foram encaminhados para o Sine, presente no evento.<\/p>\n<p style=\"text-align: justify;\">De acordo com Daniel Carvalho, mais do que oferecer lazer e servi\u00e7os, a Ouvidoria Cidad\u00e3 quer aproximar a C\u00e2mara da popula\u00e7\u00e3o. \u201cNem todo mundo tem condi\u00e7\u00f5es de ir \u00e0 C\u00e2mara, mas n\u00f3s tamb\u00e9m queremos ouvir esse cidad\u00e3o. \u00c9 por isso que estamos aqui, para ouvir e para contribuir efetivamente para uma cidade melhor\u201d, disse.<\/p>\n<p style=\"text-align: justify;\">O senhor Adelardo dos Santos, por exemplo, aprovou a ideia. Ele, que nunca foi \u00e0 C\u00e2mara, foi atendido pela Ouvidoria e conseguiu registrar sua reclama\u00e7\u00e3o sobre uma cobran\u00e7a indevida do IPTU residencial. \u201cAproveitei e medi minha press\u00e3o, t\u00e1 igual de gente nova (risos) \u201d. Rosilene Soares passava pelo local com seus dois filhos quando percebeu a movimenta\u00e7\u00e3o. Satisfeita, ela conseguiu do Procon as orienta\u00e7\u00f5es que buscava. \u201cMe \u2018quebrou um galho\u2019 n\u00e3o ter que ir l\u00e1 no Eldorado\u201d, disse.<\/p>\n<p style=\"text-align: justify;\"><strong>Outras a\u00e7\u00f5es da Ouvidoria<\/strong><\/p>\n<p style=\"text-align: justify;\">A Ouvidoria Cidad\u00e3 vai realizar outras duas grandes a\u00e7\u00f5es sociais na cidade este ano, uma em julho, na Regional Ressaca, outra em outubro, na Regional Sede. No entanto, as visitas da van da Ouvidoria \u00e0s demais regionais continuam mensalmente. As datas e locais ser\u00e3o divulgadas posteriormente nas redes sociais da C\u00e2mara e no site <a href=\"http:\/\/www.cmc.mg.gov.br\">www.cmc.mg.gov.br<\/a>.<\/p>\n<p style=\"text-align: justify;\"><strong>Fale com a Ouvidoria<\/strong><\/p>\n<ul>\n<li style=\"text-align: justify;\">Disque Ouvidoria: (31) 3359-8702<\/li>\n<li style=\"text-align: justify;\">Email: ouvidoria@cmc.mg.gov.br<\/li>\n<li style=\"text-align: justify;\">Carta Postal: Endere\u00e7ar \u00e0 C\u00e2mara Municipal de Contagem\/Ouvidoria \u2013 Pra\u00e7a S\u00e3o Gon\u00e7alo, n\u00ba 18, Centro \u2013 Contagem\/MG, Cep: 32.017-170<\/li>\n<li style=\"text-align: justify;\">Pessoalmente, na C\u00e2mara Municipal de Contagem<\/li>\n<\/ul>\n<p>&nbsp;<\/p>\n<ul>\n<li><em><a href=\"http:\/\/www.cmc.mg.gov.br\/?p=14178\" target=\"_blank\" rel=\"noopener noreferrer\">Clique aqui e veja a galeria de fotos do evento<\/a>.<\/em><\/li>\n<\/ul>\n<p>&nbsp;<\/p>\n","protected":false},"excerpt":{"rendered":"<p>O Centro Social Urbano (CSU) do bairro Amazonas &#8211; Regional Industrial, ficou repleto de pessoas na manh\u00e3 do \u00faltimo s\u00e1bado (25\/05). Isso porque a Ouvidoria Cidad\u00e3 da C\u00e2mara Municipal de Contagem promoveu no local mais uma edi\u00e7\u00e3o da sua a\u00e7\u00e3o social, que vem rodando as regionais da cidade desde 2017. Quem passou pelo local pode &hellip; <a href=\"https:\/\/www.cmc.mg.gov.br\/?p=14170\" class=\"more-link\">Continue lendo <span class=\"screen-reader-text\">Regional Industrial recebe a\u00e7\u00e3o social da Ouvidoria da C\u00e2mara<\/span> <span class=\"meta-nav\">&rarr;<\/span><\/a><\/p>\n","protected":false},"author":2,"featured_media":14174,"comment_status":"open","ping_status":"open","sticky":false,"template":"","format":"standard","meta":{"_exactmetrics_skip_tracking":false,"_exactmetrics_sitenote_active":false,"_exactmetrics_sitenote_note":"","_exactmetrics_sitenote_category":0,"footnotes":""},"categories":[8,11,27,187],"tags":[],"class_list":["post-14170","post","type-post","status-publish","format-standard","has-post-thumbnail","hentry","category-camara","category-eventos","category-noticias","category-ouvidoria"],"_links":{"self":[{"href":"https:\/\/www.cmc.mg.gov.br\/index.php?rest_route=\/wp\/v2\/posts\/14170","targetHints":{"allow":["GET"]}}],"collection":[{"href":"https:\/\/www.cmc.mg.gov.br\/index.php?rest_route=\/wp\/v2\/posts"}],"about":[{"href":"https:\/\/www.cmc.mg.gov.br\/index.php?rest_route=\/wp\/v2\/types\/post"}],"author":[{"embeddable":true,"href":"https:\/\/www.cmc.mg.gov.br\/index.php?rest_route=\/wp\/v2\/users\/2"}],"replies":[{"embeddable":true,"href":"https:\/\/www.cmc.mg.gov.br\/index.php?rest_route=%2Fwp%2Fv2%2Fcomments&post=14170"}],"version-history":[{"count":6,"href":"https:\/\/www.cmc.mg.gov.br\/index.php?rest_route=\/wp\/v2\/posts\/14170\/revisions"}],"predecessor-version":[{"id":17502,"href":"https:\/\/www.cmc.mg.gov.br\/index.php?rest_route=\/wp\/v2\/posts\/14170\/revisions\/17502"}],"wp:featuredmedia":[{"embeddable":true,"href":"https:\/\/www.cmc.mg.gov.br\/index.php?rest_route=\/wp\/v2\/media\/14174"}],"wp:attachment":[{"href":"https:\/\/www.cmc.mg.gov.br\/index.php?rest_route=%2Fwp%2Fv2%2Fmedia&parent=14170"}],"wp:term":[{"taxonomy":"category","embeddable":true,"href":"https:\/\/www.cmc.mg.gov.br\/index.php?rest_route=%2Fwp%2Fv2%2Fcategories&post=14170"},{"taxonomy":"post_tag","embeddable":true,"href":"https:\/\/www.cmc.mg.gov.br\/index.php?rest_route=%2Fwp%2Fv2%2Ftags&post=14170"}],"curies":[{"name":"wp","href":"https:\/\/api.w.org\/{rel}","templated":true}]}}