
{"id":14442,"date":"2019-06-12T17:13:34","date_gmt":"2019-06-12T20:13:34","guid":{"rendered":"http:\/\/www.cmc.mg.gov.br\/?p=14442"},"modified":"2019-07-01T13:40:51","modified_gmt":"2019-07-01T16:40:51","slug":"pregao-presencial-04-2019-fornecimento-de-aparelhos-de-ar-condicionado-e-prestacao-de-servicos","status":"publish","type":"post","link":"https:\/\/www.cmc.mg.gov.br\/?p=14442","title":{"rendered":"Preg\u00e3o presencial 04\/2019 &#8211; fornecimento de aparelhos de ar condicionado e presta\u00e7\u00e3o de servi\u00e7os"},"content":{"rendered":"<p style=\"text-align: justify;\">C\u00e2mara Municipal de Contagem. Preg\u00e3o presencial 04\/2019, processo n\u00ba 30\/2019, torna p\u00fablico, para conhecimento dos interessados, que far\u00e1 realizar, licita\u00e7\u00e3o na modalidade Preg\u00e3o Presencial, a partir das 14h00min horas do dia <strong>28 (vinte e oito) de junho de 2019<\/strong>, em sua sede, na Pra\u00e7a S\u00e3o Gon\u00e7alo, n\u00ba 18, tendo por objeto a contrata\u00e7\u00e3o de microempresa (ME) ou empresa de pequeno porte (EPP) ou equiparadas para fornecimento de aparelhos de ar condicionado e presta\u00e7\u00e3o de servi\u00e7os de realoca\u00e7\u00e3o e instala\u00e7\u00e3o com fornecimento de todos os materiais e m\u00e3o-de-obra necess\u00e1rios, para este legislativo municipal. O texto integral do edital (contendo todas as informa\u00e7\u00f5es sobre o certame) encontra-se \u00e0 disposi\u00e7\u00e3o dos interessados no site: http:\/\/www.cmc.mg.gov.br e pelo e-mail <a href=\"mailto:compras@cmc.mg.gov.br\">compras@cmc.mg.gov.br<\/a> &#8211; Comiss\u00e3o Permanente de Licita\u00e7\u00e3o, telefone: (31) 3198-5141 e (31) 3198-5117, no hor\u00e1rio de 09h00min as 18h00min horas, de segunda a sexta-feira, onde poder\u00e3o ser obtidos esclarecimentos adicionais.<\/p>\n<p style=\"text-align: justify;\">\u00c9rica Pereira de Souza &#8211; Pregoeira.<\/p>\n<ul>\n<li><a href=\"http:\/\/www.cmc.mg.gov.br\/wordpress\/wp-content\/uploads\/2019\/06\/EDITAL-PREG\u00c3O-04-19.pdf\" target=\"_blank\" rel=\"noopener\">EDITAL PREG\u00c3O 04-19<\/a>\u00a0&#8211; 12\/06\/2019.<\/li>\n<li><a href=\"http:\/\/www.cmc.mg.gov.br\/wordpress\/wp-content\/uploads\/2019\/06\/RESPOSTA-A-ESCLARECIMENTO-PP-042019.pdf\">RESPOSTA A ESCLARECIMENTO PP 042019<\/a>\u00a0&#8211; 25\/06\/2019.<\/li>\n<li><a href=\"http:\/\/www.cmc.mg.gov.br\/wordpress\/wp-content\/uploads\/2019\/06\/RESPOSTA-A-ESCLARECIMENTO-PP-042019-2.pdf\">RESPOSTA A ESCLARECIMENTO PP 042019 &#8211; 2<\/a>\u00a0&#8211; 25\/06\/2019.<\/li>\n<li><a href=\"http:\/\/www.cmc.mg.gov.br\/wordpress\/wp-content\/uploads\/2019\/06\/RESPOSTA-A-ESCLARECIMENTO-PP-042019-3.pdf\">RESPOSTA A ESCLARECIMENTO PP 042019 &#8211; 3<\/a>\u00a0&#8211; 27\/06\/2019.<\/li>\n<li><a href=\"http:\/\/www.cmc.mg.gov.br\/wordpress\/wp-content\/uploads\/2019\/06\/ATA-PP-04-2019.pdf\">ATA PP 04-2019<\/a>\u00a0&#8211; 01\/07\/2019.<\/li>\n<\/ul>\n","protected":false},"excerpt":{"rendered":"<p>C\u00e2mara Municipal de Contagem. Preg\u00e3o presencial 04\/2019, processo n\u00ba 30\/2019, torna p\u00fablico, para conhecimento dos interessados, que far\u00e1 realizar, licita\u00e7\u00e3o na modalidade Preg\u00e3o Presencial, a partir das 14h00min horas do dia 28 (vinte e oito) de junho de 2019, em sua sede, na Pra\u00e7a S\u00e3o Gon\u00e7alo, n\u00ba 18, tendo por objeto a contrata\u00e7\u00e3o de microempresa &hellip; <a href=\"https:\/\/www.cmc.mg.gov.br\/?p=14442\" class=\"more-link\">Continue lendo <span class=\"screen-reader-text\">Preg\u00e3o presencial 04\/2019 &#8211; fornecimento de aparelhos de ar condicionado e presta\u00e7\u00e3o de servi\u00e7os<\/span> <span class=\"meta-nav\">&rarr;<\/span><\/a><\/p>\n","protected":false},"author":3,"featured_media":0,"comment_status":"open","ping_status":"open","sticky":false,"template":"","format":"standard","meta":{"_exactmetrics_skip_tracking":false,"_exactmetrics_sitenote_active":false,"_exactmetrics_sitenote_note":"","_exactmetrics_sitenote_category":0,"footnotes":""},"categories":[21],"tags":[],"class_list":["post-14442","post","type-post","status-publish","format-standard","hentry","category-licitacoes"],"_links":{"self":[{"href":"https:\/\/www.cmc.mg.gov.br\/index.php?rest_route=\/wp\/v2\/posts\/14442","targetHints":{"allow":["GET"]}}],"collection":[{"href":"https:\/\/www.cmc.mg.gov.br\/index.php?rest_route=\/wp\/v2\/posts"}],"about":[{"href":"https:\/\/www.cmc.mg.gov.br\/index.php?rest_route=\/wp\/v2\/types\/post"}],"author":[{"embeddable":true,"href":"https:\/\/www.cmc.mg.gov.br\/index.php?rest_route=\/wp\/v2\/users\/3"}],"replies":[{"embeddable":true,"href":"https:\/\/www.cmc.mg.gov.br\/index.php?rest_route=%2Fwp%2Fv2%2Fcomments&post=14442"}],"version-history":[{"count":6,"href":"https:\/\/www.cmc.mg.gov.br\/index.php?rest_route=\/wp\/v2\/posts\/14442\/revisions"}],"predecessor-version":[{"id":14763,"href":"https:\/\/www.cmc.mg.gov.br\/index.php?rest_route=\/wp\/v2\/posts\/14442\/revisions\/14763"}],"wp:attachment":[{"href":"https:\/\/www.cmc.mg.gov.br\/index.php?rest_route=%2Fwp%2Fv2%2Fmedia&parent=14442"}],"wp:term":[{"taxonomy":"category","embeddable":true,"href":"https:\/\/www.cmc.mg.gov.br\/index.php?rest_route=%2Fwp%2Fv2%2Fcategories&post=14442"},{"taxonomy":"post_tag","embeddable":true,"href":"https:\/\/www.cmc.mg.gov.br\/index.php?rest_route=%2Fwp%2Fv2%2Ftags&post=14442"}],"curies":[{"name":"wp","href":"https:\/\/api.w.org\/{rel}","templated":true}]}}