
{"id":14785,"date":"2019-07-03T15:15:37","date_gmt":"2019-07-03T18:15:37","guid":{"rendered":"http:\/\/www.cmc.mg.gov.br\/?p=14785"},"modified":"2020-08-15T11:37:21","modified_gmt":"2020-08-15T14:37:21","slug":"ouvidoria-cidada-recolhe-as-demandas-da-regiao-do-riacho","status":"publish","type":"post","link":"https:\/\/www.cmc.mg.gov.br\/?p=14785","title":{"rendered":"Ouvidoria Cidad\u00e3 recolhe as demandas da regi\u00e3o do Riacho"},"content":{"rendered":"<p style=\"text-align: justify;\">A pra\u00e7a Presidente Carlos Luz, no bairro Riacho das Pedras, recebeu na manh\u00e3 desta quarta-feira (03\/07) a van da Ouvidoria Cidad\u00e3 da C\u00e2mara Municipal de Contagem. Al\u00e9m dos funcion\u00e1rios da Ouvidoria, que anotavam as reclama\u00e7\u00f5es, sugest\u00f5es e tiravam d\u00favidas das pessoas que passavam pelo local, uma enfermeira da UBS Novo Riacho fazia a aferi\u00e7\u00e3o de press\u00e3o arterial.<\/p>\n<p style=\"text-align: justify;\">Das reclama\u00e7\u00f5es recebidas e registradas pela equipe, a que tem sido mais impactante para o bairro, segundo o morador \u00cdtalo Henrique Ferreira, \u00e9 uma obra p\u00fablic<a href=\"http:\/\/www.cmc.mg.gov.br\/wordpress\/wp-content\/uploads\/2019\/07\/19-07-03-Ouvidoria-no-Riacho-fotos-Samuel-Junio-Tomaz-5-.jpg\"><img loading=\"lazy\" decoding=\"async\" class=\"size-medium wp-image-14790 alignright\" src=\"http:\/\/www.cmc.mg.gov.br\/wordpress\/wp-content\/uploads\/2019\/07\/19-07-03-Ouvidoria-no-Riacho-fotos-Samuel-Junio-Tomaz-5--300x225.jpg\" alt=\"\" width=\"300\" height=\"225\" srcset=\"https:\/\/www.cmc.mg.gov.br\/wordpress\/wp-content\/uploads\/2019\/07\/19-07-03-Ouvidoria-no-Riacho-fotos-Samuel-Junio-Tomaz-5--300x225.jpg 300w, https:\/\/www.cmc.mg.gov.br\/wordpress\/wp-content\/uploads\/2019\/07\/19-07-03-Ouvidoria-no-Riacho-fotos-Samuel-Junio-Tomaz-5--768x576.jpg 768w, https:\/\/www.cmc.mg.gov.br\/wordpress\/wp-content\/uploads\/2019\/07\/19-07-03-Ouvidoria-no-Riacho-fotos-Samuel-Junio-Tomaz-5--1024x768.jpg 1024w\" sizes=\"auto, (max-width: 300px) 100vw, 300px\" \/><\/a>a inacabada na Avenida Firmo de Matos.<\/p>\n<p style=\"text-align: justify;\">Trata-se de uma interven\u00e7\u00e3o de conten\u00e7\u00e3o de cheias que foi iniciada pelo Estado em 2015 e que desde janeiro deste ano encontra-se completamente parada. A situa\u00e7\u00e3o, como relatou \u00cdtalo, tem trazido transtornos para os moradores do entorno, como focos de dengue e animais pe\u00e7onhentos.<\/p>\n<p style=\"text-align: justify;\">A rotat\u00f3ria no final da Rua Rio Comprido, pr\u00f3ximo \u00e0 antiga f\u00e1brica de colch\u00f5es, tamb\u00e9m tem causado grandes congestionamentos em hor\u00e1rio de pico, de acordo com Carlos Eduardo Medeiros. Ele diz que todos os dias se forma um grande engarrafamento no local, que parece ter sido \u201cimprovisado\u201d.<\/p>\n<p style=\"text-align: justify;\">Todas as demandas s\u00e3o repassadas aos \u00f3rg\u00e3os competentes, como Transcon e secretaria de Obras, nos casos espec\u00edficos citados. Conforme explica a Ouvidora da C\u00e2mara, Gabriela Diniz, todas as demandas s\u00e3o registradas em um sistema da Ouvidoria \u2013 o <a href=\"http:\/\/www.cmc.mg.gov.br\/?p=14798\" target=\"_blank\" rel=\"noopener noreferrer\">e-OUV<\/a>. \u201cPor meio de um n\u00famero de protocolo que o reclamante recebe, ele pode acompanhar o andamento da sua contesta\u00e7\u00e3o\u201d, explica.<\/p>\n<p style=\"text-align: justify;\">A pr\u00f3xima Ouvidoria ser\u00e1 na sexta-feira, 19 de julho, na Pra\u00e7a Mar\u00edlia de Dirceu, no bairro Inconfidentes.<\/p>\n","protected":false},"excerpt":{"rendered":"<p>A pra\u00e7a Presidente Carlos Luz, no bairro Riacho das Pedras, recebeu na manh\u00e3 desta quarta-feira (03\/07) a van da Ouvidoria Cidad\u00e3 da C\u00e2mara Municipal de Contagem. Al\u00e9m dos funcion\u00e1rios da Ouvidoria, que anotavam as reclama\u00e7\u00f5es, sugest\u00f5es e tiravam d\u00favidas das pessoas que passavam pelo local, uma enfermeira da UBS Novo Riacho fazia a aferi\u00e7\u00e3o de &hellip; <a href=\"https:\/\/www.cmc.mg.gov.br\/?p=14785\" class=\"more-link\">Continue lendo <span class=\"screen-reader-text\">Ouvidoria Cidad\u00e3 recolhe as demandas da regi\u00e3o do Riacho<\/span> <span class=\"meta-nav\">&rarr;<\/span><\/a><\/p>\n","protected":false},"author":2,"featured_media":14789,"comment_status":"open","ping_status":"open","sticky":false,"template":"","format":"standard","meta":{"_exactmetrics_skip_tracking":false,"_exactmetrics_sitenote_active":false,"_exactmetrics_sitenote_note":"","_exactmetrics_sitenote_category":0,"footnotes":""},"categories":[8,27,187,212],"tags":[],"class_list":["post-14785","post","type-post","status-publish","format-standard","has-post-thumbnail","hentry","category-camara","category-noticias","category-ouvidoria","category-servicos"],"_links":{"self":[{"href":"https:\/\/www.cmc.mg.gov.br\/index.php?rest_route=\/wp\/v2\/posts\/14785","targetHints":{"allow":["GET"]}}],"collection":[{"href":"https:\/\/www.cmc.mg.gov.br\/index.php?rest_route=\/wp\/v2\/posts"}],"about":[{"href":"https:\/\/www.cmc.mg.gov.br\/index.php?rest_route=\/wp\/v2\/types\/post"}],"author":[{"embeddable":true,"href":"https:\/\/www.cmc.mg.gov.br\/index.php?rest_route=\/wp\/v2\/users\/2"}],"replies":[{"embeddable":true,"href":"https:\/\/www.cmc.mg.gov.br\/index.php?rest_route=%2Fwp%2Fv2%2Fcomments&post=14785"}],"version-history":[{"count":4,"href":"https:\/\/www.cmc.mg.gov.br\/index.php?rest_route=\/wp\/v2\/posts\/14785\/revisions"}],"predecessor-version":[{"id":17470,"href":"https:\/\/www.cmc.mg.gov.br\/index.php?rest_route=\/wp\/v2\/posts\/14785\/revisions\/17470"}],"wp:featuredmedia":[{"embeddable":true,"href":"https:\/\/www.cmc.mg.gov.br\/index.php?rest_route=\/wp\/v2\/media\/14789"}],"wp:attachment":[{"href":"https:\/\/www.cmc.mg.gov.br\/index.php?rest_route=%2Fwp%2Fv2%2Fmedia&parent=14785"}],"wp:term":[{"taxonomy":"category","embeddable":true,"href":"https:\/\/www.cmc.mg.gov.br\/index.php?rest_route=%2Fwp%2Fv2%2Fcategories&post=14785"},{"taxonomy":"post_tag","embeddable":true,"href":"https:\/\/www.cmc.mg.gov.br\/index.php?rest_route=%2Fwp%2Fv2%2Ftags&post=14785"}],"curies":[{"name":"wp","href":"https:\/\/api.w.org\/{rel}","templated":true}]}}