
{"id":14812,"date":"2019-07-04T16:46:28","date_gmt":"2019-07-04T19:46:28","guid":{"rendered":"http:\/\/www.cmc.mg.gov.br\/?p=14812"},"modified":"2020-08-15T11:37:10","modified_gmt":"2020-08-15T14:37:10","slug":"escola-do-legislativo-inicia-ciclo-de-palestras-sobre-os-riscos-do-uso-do-cerol","status":"publish","type":"post","link":"https:\/\/www.cmc.mg.gov.br\/?p=14812","title":{"rendered":"Escola do Legislativo inicia ciclo de palestras sobre os riscos do uso do cerol"},"content":{"rendered":"<p style=\"text-align: justify;\">O vento do m\u00eas de junho vem acompanhado de pipas e papagaios. A chegada das f\u00e9rias escolares, em julho, traz mais adeptos para a brincadeira que deixa o c\u00e9u mais colorido. No entanto, caso a atividade n\u00e3o seja realizada com total responsabilidade, pode se transformar num grande problema.<\/p>\n<p style=\"text-align: justify;\">Pensando nisso, a Escola do Legislativo da C\u00e2mara Municipal de Contagem e a Guarda Civil de Contagem iniciaram, nesta quinta-feira (04\/07), um ciclo de palestras de conscientiza\u00e7\u00e3o sobre o uso de cerol e linha chilena. A atividade retoma a campanha realizada pela C\u00e2mara em 2018, intitulada &#8220;Pipa com cerol e linha chilena: corte essa ideia, antes que ela corte outras vidas\u201d.<\/p>\n<p style=\"text-align: justify;\">Cerca de 200 alunos, dos 7\u00ba ao 9\u00ba ano da Escola Municipal Carlos Drummond de Andrade, no bairro Riacho das Pedras, foram os primeiros a participar das a\u00e7\u00f5es de preven\u00e7\u00e3o, em duas rodadas de palestras preparadas pelo chefe de turma da Guarda Civil de Contagem, CHT Assis.<\/p>\n<p style=\"text-align: justify;\">De forma bem descontra\u00edda e did\u00e1tica, as leis relacionadas \u00e0 proibi\u00e7\u00e3o do uso de linhas cortantes foram apresentadas, bem como as s\u00e9rias consequ\u00eancias para quem infringe as regras, incluindo multa, apreens\u00e3o do material, condu\u00e7\u00e3o \u00e0 delegacia e responsabiliza\u00e7\u00e3o dos pais ou outros respons\u00e1veis.<\/p>\n<p style=\"text-align: justify;\">Com o objetivo de mostrar a realidade do uso das linhas cortantes, imagens de v\u00edtimas atingidas pelo cerol e\/ou linha chilena complementaram a apresenta\u00e7\u00e3o, trazendo espanto aos alunos. Animais e aeronaves prejudicadas pelas linhas tamb\u00e9m foram lembradas.<\/p>\n<p style=\"text-align: justify;\">&#8220;Essa campanha de conscientiza\u00e7\u00e3o \u00e9 muito importante,\u00a0 tendo em vista que os jovens, muitas vezes, n\u00e3o medem as consequ\u00eancias de seus atos. O uso do cerol \u00e9 uma coisa muito complicada, pois pode realmente ceifar vidas, n\u00e3o s\u00f3 de motociclistas, mas de pedestres, de animais, pode causar problemas em ve\u00edculos e aeronaves. Por isso, a Guarda est\u00e1 envolvida nesta campanha com a C\u00e2mara Municipal, com o objetivo de mostrar que os jovens podem fazer a diferen\u00e7a nesse sentido&#8221;, destacou o palestrante.<\/p>\n<p style=\"text-align: justify;\">Por fim, foi apresentado um v\u00eddeo com reportagem sobre ocorr\u00eancias relacionadas ao uso de linhas cortantes em Contagem e as a\u00e7\u00f5es da C\u00e2mara e da Guarda Municipal para coibir a pr\u00e1tica. E os estudantes puderam esclarecer suas d\u00favidas sobre o tema.<\/p>\n<p style=\"text-align: justify;\">\u00a0\u201cVoc\u00ea n\u00e3o tem duas chances para viver, como nos jogos de v\u00eddeo games. Ent\u00e3o, vamos agir de forma consciente. Empinar pipas e papagaios exige responsabilidade\u201d, concluiu Assis.<\/p>\n<p style=\"text-align: justify;\"><strong>Pr\u00f3ximas atividades<\/strong><\/p>\n<p style=\"text-align: justify;\">Dando sequ\u00eancia \u00e0 campanha, a Escola do Legislativo e a Guarda Civil de Contagem estar\u00e3o, no pr\u00f3ximo dia 10, na Escola Municipal Isabel Nascimento Mattos, no Petrol\u00e2ndia; e, no dia 12, na Escola Municipal Ren\u00e9 Chateaubriand Domingues, no Novo Riacho.<\/p>\n<p style=\"text-align: right;\">\u00a0* Por Nat\u00e1lia Rosa e Leandro Perch\u00e9<\/p>\n<div id='gallery-1' class='gallery galleryid-14812 gallery-columns-6 gallery-size-thumbnail'><figure class='gallery-item'>\n\t\t\t<div class='gallery-icon landscape'>\n\t\t\t\t<a href='https:\/\/www.cmc.mg.gov.br\/?attachment_id=14893'><img loading=\"lazy\" decoding=\"async\" width=\"150\" height=\"150\" src=\"https:\/\/www.cmc.mg.gov.br\/wordpress\/wp-content\/uploads\/2019\/07\/19-07-04-escolacarlosdrummond-foto-leandro-perche-4-150x150.jpg\" class=\"attachment-thumbnail size-thumbnail\" alt=\"\" srcset=\"https:\/\/www.cmc.mg.gov.br\/wordpress\/wp-content\/uploads\/2019\/07\/19-07-04-escolacarlosdrummond-foto-leandro-perche-4-150x150.jpg 150w, https:\/\/www.cmc.mg.gov.br\/wordpress\/wp-content\/uploads\/2019\/07\/19-07-04-escolacarlosdrummond-foto-leandro-perche-4-90x90.jpg 90w\" sizes=\"auto, (max-width: 150px) 100vw, 150px\" \/><\/a>\n\t\t\t<\/div><\/figure><figure class='gallery-item'>\n\t\t\t<div class='gallery-icon landscape'>\n\t\t\t\t<a href='https:\/\/www.cmc.mg.gov.br\/?attachment_id=14894'><img loading=\"lazy\" decoding=\"async\" width=\"150\" height=\"150\" src=\"https:\/\/www.cmc.mg.gov.br\/wordpress\/wp-content\/uploads\/2019\/07\/19-07-04-escolacarlosdrummond-foto-leandro-perche-5-150x150.jpg\" class=\"attachment-thumbnail size-thumbnail\" alt=\"\" srcset=\"https:\/\/www.cmc.mg.gov.br\/wordpress\/wp-content\/uploads\/2019\/07\/19-07-04-escolacarlosdrummond-foto-leandro-perche-5-150x150.jpg 150w, https:\/\/www.cmc.mg.gov.br\/wordpress\/wp-content\/uploads\/2019\/07\/19-07-04-escolacarlosdrummond-foto-leandro-perche-5-90x90.jpg 90w\" sizes=\"auto, (max-width: 150px) 100vw, 150px\" \/><\/a>\n\t\t\t<\/div><\/figure><figure class='gallery-item'>\n\t\t\t<div class='gallery-icon landscape'>\n\t\t\t\t<a href='https:\/\/www.cmc.mg.gov.br\/?attachment_id=14895'><img loading=\"lazy\" decoding=\"async\" width=\"150\" height=\"150\" src=\"https:\/\/www.cmc.mg.gov.br\/wordpress\/wp-content\/uploads\/2019\/07\/19-07-04-escolacarlosdrummond-foto-leandro-perche-9-150x150.jpg\" class=\"attachment-thumbnail size-thumbnail\" alt=\"\" srcset=\"https:\/\/www.cmc.mg.gov.br\/wordpress\/wp-content\/uploads\/2019\/07\/19-07-04-escolacarlosdrummond-foto-leandro-perche-9-150x150.jpg 150w, https:\/\/www.cmc.mg.gov.br\/wordpress\/wp-content\/uploads\/2019\/07\/19-07-04-escolacarlosdrummond-foto-leandro-perche-9-90x90.jpg 90w\" sizes=\"auto, (max-width: 150px) 100vw, 150px\" \/><\/a>\n\t\t\t<\/div><\/figure><figure class='gallery-item'>\n\t\t\t<div class='gallery-icon landscape'>\n\t\t\t\t<a href='https:\/\/www.cmc.mg.gov.br\/?attachment_id=14896'><img loading=\"lazy\" decoding=\"async\" width=\"150\" height=\"150\" src=\"https:\/\/www.cmc.mg.gov.br\/wordpress\/wp-content\/uploads\/2019\/07\/19-07-04-escolacarlosdrummond-foto-leandro-perche-13-150x150.jpg\" class=\"attachment-thumbnail size-thumbnail\" alt=\"\" srcset=\"https:\/\/www.cmc.mg.gov.br\/wordpress\/wp-content\/uploads\/2019\/07\/19-07-04-escolacarlosdrummond-foto-leandro-perche-13-150x150.jpg 150w, https:\/\/www.cmc.mg.gov.br\/wordpress\/wp-content\/uploads\/2019\/07\/19-07-04-escolacarlosdrummond-foto-leandro-perche-13-90x90.jpg 90w\" sizes=\"auto, (max-width: 150px) 100vw, 150px\" \/><\/a>\n\t\t\t<\/div><\/figure><figure class='gallery-item'>\n\t\t\t<div class='gallery-icon landscape'>\n\t\t\t\t<a href='https:\/\/www.cmc.mg.gov.br\/?attachment_id=14897'><img loading=\"lazy\" decoding=\"async\" width=\"150\" height=\"150\" src=\"https:\/\/www.cmc.mg.gov.br\/wordpress\/wp-content\/uploads\/2019\/07\/19-07-04-escolacarlosdrummond-foto-leandro-perche-15-150x150.jpg\" class=\"attachment-thumbnail size-thumbnail\" alt=\"\" srcset=\"https:\/\/www.cmc.mg.gov.br\/wordpress\/wp-content\/uploads\/2019\/07\/19-07-04-escolacarlosdrummond-foto-leandro-perche-15-150x150.jpg 150w, https:\/\/www.cmc.mg.gov.br\/wordpress\/wp-content\/uploads\/2019\/07\/19-07-04-escolacarlosdrummond-foto-leandro-perche-15-90x90.jpg 90w\" sizes=\"auto, (max-width: 150px) 100vw, 150px\" \/><\/a>\n\t\t\t<\/div><\/figure><figure class='gallery-item'>\n\t\t\t<div class='gallery-icon landscape'>\n\t\t\t\t<a href='https:\/\/www.cmc.mg.gov.br\/?attachment_id=14898'><img loading=\"lazy\" decoding=\"async\" width=\"150\" height=\"150\" src=\"https:\/\/www.cmc.mg.gov.br\/wordpress\/wp-content\/uploads\/2019\/07\/19-07-04-escolacarlosdrummond-foto-leandro-perche-18-150x150.jpg\" class=\"attachment-thumbnail size-thumbnail\" alt=\"\" srcset=\"https:\/\/www.cmc.mg.gov.br\/wordpress\/wp-content\/uploads\/2019\/07\/19-07-04-escolacarlosdrummond-foto-leandro-perche-18-150x150.jpg 150w, https:\/\/www.cmc.mg.gov.br\/wordpress\/wp-content\/uploads\/2019\/07\/19-07-04-escolacarlosdrummond-foto-leandro-perche-18-90x90.jpg 90w\" sizes=\"auto, (max-width: 150px) 100vw, 150px\" \/><\/a>\n\t\t\t<\/div><\/figure><figure class='gallery-item'>\n\t\t\t<div class='gallery-icon landscape'>\n\t\t\t\t<a href='https:\/\/www.cmc.mg.gov.br\/?attachment_id=14899'><img loading=\"lazy\" decoding=\"async\" width=\"150\" height=\"150\" src=\"https:\/\/www.cmc.mg.gov.br\/wordpress\/wp-content\/uploads\/2019\/07\/19-07-04-escolacarlosdrummond-foto-leandro-perche-23-150x150.jpg\" class=\"attachment-thumbnail size-thumbnail\" alt=\"\" srcset=\"https:\/\/www.cmc.mg.gov.br\/wordpress\/wp-content\/uploads\/2019\/07\/19-07-04-escolacarlosdrummond-foto-leandro-perche-23-150x150.jpg 150w, https:\/\/www.cmc.mg.gov.br\/wordpress\/wp-content\/uploads\/2019\/07\/19-07-04-escolacarlosdrummond-foto-leandro-perche-23-90x90.jpg 90w\" sizes=\"auto, (max-width: 150px) 100vw, 150px\" \/><\/a>\n\t\t\t<\/div><\/figure><figure class='gallery-item'>\n\t\t\t<div class='gallery-icon landscape'>\n\t\t\t\t<a href='https:\/\/www.cmc.mg.gov.br\/?attachment_id=14900'><img loading=\"lazy\" decoding=\"async\" width=\"150\" height=\"150\" src=\"https:\/\/www.cmc.mg.gov.br\/wordpress\/wp-content\/uploads\/2019\/07\/19-07-04-escolacarlosdrummond-foto-leandro-perche-25-150x150.jpg\" class=\"attachment-thumbnail size-thumbnail\" alt=\"\" srcset=\"https:\/\/www.cmc.mg.gov.br\/wordpress\/wp-content\/uploads\/2019\/07\/19-07-04-escolacarlosdrummond-foto-leandro-perche-25-150x150.jpg 150w, https:\/\/www.cmc.mg.gov.br\/wordpress\/wp-content\/uploads\/2019\/07\/19-07-04-escolacarlosdrummond-foto-leandro-perche-25-90x90.jpg 90w\" sizes=\"auto, (max-width: 150px) 100vw, 150px\" \/><\/a>\n\t\t\t<\/div><\/figure><figure class='gallery-item'>\n\t\t\t<div class='gallery-icon landscape'>\n\t\t\t\t<a href='https:\/\/www.cmc.mg.gov.br\/?attachment_id=14901'><img loading=\"lazy\" decoding=\"async\" width=\"150\" height=\"150\" src=\"https:\/\/www.cmc.mg.gov.br\/wordpress\/wp-content\/uploads\/2019\/07\/19-07-04-escolacarlosdrummond-foto-leandro-perche-30-150x150.jpg\" class=\"attachment-thumbnail size-thumbnail\" alt=\"\" srcset=\"https:\/\/www.cmc.mg.gov.br\/wordpress\/wp-content\/uploads\/2019\/07\/19-07-04-escolacarlosdrummond-foto-leandro-perche-30-150x150.jpg 150w, https:\/\/www.cmc.mg.gov.br\/wordpress\/wp-content\/uploads\/2019\/07\/19-07-04-escolacarlosdrummond-foto-leandro-perche-30-90x90.jpg 90w\" sizes=\"auto, (max-width: 150px) 100vw, 150px\" \/><\/a>\n\t\t\t<\/div><\/figure><figure class='gallery-item'>\n\t\t\t<div class='gallery-icon landscape'>\n\t\t\t\t<a href='https:\/\/www.cmc.mg.gov.br\/?attachment_id=14902'><img loading=\"lazy\" decoding=\"async\" width=\"150\" height=\"150\" src=\"https:\/\/www.cmc.mg.gov.br\/wordpress\/wp-content\/uploads\/2019\/07\/19-07-04-escolacarlosdrummond-foto-leandro-perche-35-150x150.jpg\" class=\"attachment-thumbnail size-thumbnail\" alt=\"\" srcset=\"https:\/\/www.cmc.mg.gov.br\/wordpress\/wp-content\/uploads\/2019\/07\/19-07-04-escolacarlosdrummond-foto-leandro-perche-35-150x150.jpg 150w, https:\/\/www.cmc.mg.gov.br\/wordpress\/wp-content\/uploads\/2019\/07\/19-07-04-escolacarlosdrummond-foto-leandro-perche-35-90x90.jpg 90w\" sizes=\"auto, (max-width: 150px) 100vw, 150px\" \/><\/a>\n\t\t\t<\/div><\/figure><figure class='gallery-item'>\n\t\t\t<div class='gallery-icon landscape'>\n\t\t\t\t<a href='https:\/\/www.cmc.mg.gov.br\/?attachment_id=14903'><img loading=\"lazy\" decoding=\"async\" width=\"150\" height=\"150\" src=\"https:\/\/www.cmc.mg.gov.br\/wordpress\/wp-content\/uploads\/2019\/07\/19-07-04-escolacarlosdrummond-foto-leandro-perche-37-150x150.jpg\" class=\"attachment-thumbnail size-thumbnail\" alt=\"\" srcset=\"https:\/\/www.cmc.mg.gov.br\/wordpress\/wp-content\/uploads\/2019\/07\/19-07-04-escolacarlosdrummond-foto-leandro-perche-37-150x150.jpg 150w, https:\/\/www.cmc.mg.gov.br\/wordpress\/wp-content\/uploads\/2019\/07\/19-07-04-escolacarlosdrummond-foto-leandro-perche-37-90x90.jpg 90w\" sizes=\"auto, (max-width: 150px) 100vw, 150px\" \/><\/a>\n\t\t\t<\/div><\/figure><figure class='gallery-item'>\n\t\t\t<div class='gallery-icon landscape'>\n\t\t\t\t<a href='https:\/\/www.cmc.mg.gov.br\/?attachment_id=14904'><img loading=\"lazy\" decoding=\"async\" width=\"150\" height=\"150\" src=\"https:\/\/www.cmc.mg.gov.br\/wordpress\/wp-content\/uploads\/2019\/07\/19-07-04-escolacarlosdrummond-foto-leandro-perche-38-150x150.jpg\" class=\"attachment-thumbnail size-thumbnail\" alt=\"\" srcset=\"https:\/\/www.cmc.mg.gov.br\/wordpress\/wp-content\/uploads\/2019\/07\/19-07-04-escolacarlosdrummond-foto-leandro-perche-38-150x150.jpg 150w, https:\/\/www.cmc.mg.gov.br\/wordpress\/wp-content\/uploads\/2019\/07\/19-07-04-escolacarlosdrummond-foto-leandro-perche-38-90x90.jpg 90w\" sizes=\"auto, (max-width: 150px) 100vw, 150px\" \/><\/a>\n\t\t\t<\/div><\/figure><figure class='gallery-item'>\n\t\t\t<div class='gallery-icon landscape'>\n\t\t\t\t<a href='https:\/\/www.cmc.mg.gov.br\/?attachment_id=14905'><img loading=\"lazy\" decoding=\"async\" width=\"150\" height=\"150\" src=\"https:\/\/www.cmc.mg.gov.br\/wordpress\/wp-content\/uploads\/2019\/07\/19-07-04-escolacarlosdrummond-foto-leandro-perche-39-150x150.jpg\" class=\"attachment-thumbnail size-thumbnail\" alt=\"\" srcset=\"https:\/\/www.cmc.mg.gov.br\/wordpress\/wp-content\/uploads\/2019\/07\/19-07-04-escolacarlosdrummond-foto-leandro-perche-39-150x150.jpg 150w, https:\/\/www.cmc.mg.gov.br\/wordpress\/wp-content\/uploads\/2019\/07\/19-07-04-escolacarlosdrummond-foto-leandro-perche-39-90x90.jpg 90w\" sizes=\"auto, (max-width: 150px) 100vw, 150px\" \/><\/a>\n\t\t\t<\/div><\/figure><figure class='gallery-item'>\n\t\t\t<div class='gallery-icon landscape'>\n\t\t\t\t<a href='https:\/\/www.cmc.mg.gov.br\/?attachment_id=14906'><img loading=\"lazy\" decoding=\"async\" width=\"150\" height=\"150\" src=\"https:\/\/www.cmc.mg.gov.br\/wordpress\/wp-content\/uploads\/2019\/07\/19-07-04-escolacarlosdrummond-foto-leandro-perche-41-150x150.jpg\" class=\"attachment-thumbnail size-thumbnail\" alt=\"\" srcset=\"https:\/\/www.cmc.mg.gov.br\/wordpress\/wp-content\/uploads\/2019\/07\/19-07-04-escolacarlosdrummond-foto-leandro-perche-41-150x150.jpg 150w, https:\/\/www.cmc.mg.gov.br\/wordpress\/wp-content\/uploads\/2019\/07\/19-07-04-escolacarlosdrummond-foto-leandro-perche-41-90x90.jpg 90w\" sizes=\"auto, (max-width: 150px) 100vw, 150px\" \/><\/a>\n\t\t\t<\/div><\/figure><figure class='gallery-item'>\n\t\t\t<div class='gallery-icon landscape'>\n\t\t\t\t<a href='https:\/\/www.cmc.mg.gov.br\/?attachment_id=14907'><img loading=\"lazy\" decoding=\"async\" width=\"150\" height=\"150\" src=\"https:\/\/www.cmc.mg.gov.br\/wordpress\/wp-content\/uploads\/2019\/07\/19-07-04-escolacarlosdrummond-foto-leandro-perche-42-150x150.jpg\" class=\"attachment-thumbnail size-thumbnail\" alt=\"\" srcset=\"https:\/\/www.cmc.mg.gov.br\/wordpress\/wp-content\/uploads\/2019\/07\/19-07-04-escolacarlosdrummond-foto-leandro-perche-42-150x150.jpg 150w, https:\/\/www.cmc.mg.gov.br\/wordpress\/wp-content\/uploads\/2019\/07\/19-07-04-escolacarlosdrummond-foto-leandro-perche-42-90x90.jpg 90w\" sizes=\"auto, (max-width: 150px) 100vw, 150px\" \/><\/a>\n\t\t\t<\/div><\/figure><figure class='gallery-item'>\n\t\t\t<div class='gallery-icon landscape'>\n\t\t\t\t<a href='https:\/\/www.cmc.mg.gov.br\/?attachment_id=14908'><img loading=\"lazy\" decoding=\"async\" width=\"150\" height=\"150\" src=\"https:\/\/www.cmc.mg.gov.br\/wordpress\/wp-content\/uploads\/2019\/07\/19-07-04-escolacarlosdrummond-foto-leandro-perche-51-150x150.jpg\" class=\"attachment-thumbnail size-thumbnail\" alt=\"\" srcset=\"https:\/\/www.cmc.mg.gov.br\/wordpress\/wp-content\/uploads\/2019\/07\/19-07-04-escolacarlosdrummond-foto-leandro-perche-51-150x150.jpg 150w, https:\/\/www.cmc.mg.gov.br\/wordpress\/wp-content\/uploads\/2019\/07\/19-07-04-escolacarlosdrummond-foto-leandro-perche-51-90x90.jpg 90w\" sizes=\"auto, (max-width: 150px) 100vw, 150px\" \/><\/a>\n\t\t\t<\/div><\/figure><figure class='gallery-item'>\n\t\t\t<div class='gallery-icon landscape'>\n\t\t\t\t<a href='https:\/\/www.cmc.mg.gov.br\/?attachment_id=14909'><img loading=\"lazy\" decoding=\"async\" width=\"150\" height=\"150\" src=\"https:\/\/www.cmc.mg.gov.br\/wordpress\/wp-content\/uploads\/2019\/07\/19-07-04-escolacarlosdrummond-foto-leandro-perche-52-150x150.jpg\" class=\"attachment-thumbnail size-thumbnail\" alt=\"\" srcset=\"https:\/\/www.cmc.mg.gov.br\/wordpress\/wp-content\/uploads\/2019\/07\/19-07-04-escolacarlosdrummond-foto-leandro-perche-52-150x150.jpg 150w, https:\/\/www.cmc.mg.gov.br\/wordpress\/wp-content\/uploads\/2019\/07\/19-07-04-escolacarlosdrummond-foto-leandro-perche-52-90x90.jpg 90w\" sizes=\"auto, (max-width: 150px) 100vw, 150px\" \/><\/a>\n\t\t\t<\/div><\/figure><figure class='gallery-item'>\n\t\t\t<div class='gallery-icon landscape'>\n\t\t\t\t<a href='https:\/\/www.cmc.mg.gov.br\/?attachment_id=14910'><img loading=\"lazy\" decoding=\"async\" width=\"150\" height=\"150\" src=\"https:\/\/www.cmc.mg.gov.br\/wordpress\/wp-content\/uploads\/2019\/07\/19-07-04-escolacarlosdrummond-foto-leandro-perche-56-150x150.jpg\" class=\"attachment-thumbnail size-thumbnail\" alt=\"\" srcset=\"https:\/\/www.cmc.mg.gov.br\/wordpress\/wp-content\/uploads\/2019\/07\/19-07-04-escolacarlosdrummond-foto-leandro-perche-56-150x150.jpg 150w, https:\/\/www.cmc.mg.gov.br\/wordpress\/wp-content\/uploads\/2019\/07\/19-07-04-escolacarlosdrummond-foto-leandro-perche-56-90x90.jpg 90w\" sizes=\"auto, (max-width: 150px) 100vw, 150px\" \/><\/a>\n\t\t\t<\/div><\/figure>\n\t\t<\/div>\n\n","protected":false},"excerpt":{"rendered":"<p>O vento do m\u00eas de junho vem acompanhado de pipas e papagaios. A chegada das f\u00e9rias escolares, em julho, traz mais adeptos para a brincadeira que deixa o c\u00e9u mais colorido. No entanto, caso a atividade n\u00e3o seja realizada com total responsabilidade, pode se transformar num grande problema. Pensando nisso, a Escola do Legislativo da &hellip; <a href=\"https:\/\/www.cmc.mg.gov.br\/?p=14812\" class=\"more-link\">Continue lendo <span class=\"screen-reader-text\">Escola do Legislativo inicia ciclo de palestras sobre os riscos do uso do cerol<\/span> <span class=\"meta-nav\">&rarr;<\/span><\/a><\/p>\n","protected":false},"author":3,"featured_media":14814,"comment_status":"open","ping_status":"open","sticky":false,"template":"","format":"standard","meta":{"_exactmetrics_skip_tracking":false,"_exactmetrics_sitenote_active":false,"_exactmetrics_sitenote_note":"","_exactmetrics_sitenote_category":0,"footnotes":""},"categories":[27],"tags":[],"class_list":["post-14812","post","type-post","status-publish","format-standard","has-post-thumbnail","hentry","category-noticias"],"_links":{"self":[{"href":"https:\/\/www.cmc.mg.gov.br\/index.php?rest_route=\/wp\/v2\/posts\/14812","targetHints":{"allow":["GET"]}}],"collection":[{"href":"https:\/\/www.cmc.mg.gov.br\/index.php?rest_route=\/wp\/v2\/posts"}],"about":[{"href":"https:\/\/www.cmc.mg.gov.br\/index.php?rest_route=\/wp\/v2\/types\/post"}],"author":[{"embeddable":true,"href":"https:\/\/www.cmc.mg.gov.br\/index.php?rest_route=\/wp\/v2\/users\/3"}],"replies":[{"embeddable":true,"href":"https:\/\/www.cmc.mg.gov.br\/index.php?rest_route=%2Fwp%2Fv2%2Fcomments&post=14812"}],"version-history":[{"count":5,"href":"https:\/\/www.cmc.mg.gov.br\/index.php?rest_route=\/wp\/v2\/posts\/14812\/revisions"}],"predecessor-version":[{"id":14911,"href":"https:\/\/www.cmc.mg.gov.br\/index.php?rest_route=\/wp\/v2\/posts\/14812\/revisions\/14911"}],"wp:featuredmedia":[{"embeddable":true,"href":"https:\/\/www.cmc.mg.gov.br\/index.php?rest_route=\/wp\/v2\/media\/14814"}],"wp:attachment":[{"href":"https:\/\/www.cmc.mg.gov.br\/index.php?rest_route=%2Fwp%2Fv2%2Fmedia&parent=14812"}],"wp:term":[{"taxonomy":"category","embeddable":true,"href":"https:\/\/www.cmc.mg.gov.br\/index.php?rest_route=%2Fwp%2Fv2%2Fcategories&post=14812"},{"taxonomy":"post_tag","embeddable":true,"href":"https:\/\/www.cmc.mg.gov.br\/index.php?rest_route=%2Fwp%2Fv2%2Ftags&post=14812"}],"curies":[{"name":"wp","href":"https:\/\/api.w.org\/{rel}","templated":true}]}}