
{"id":15203,"date":"2019-08-21T15:32:04","date_gmt":"2019-08-21T18:32:04","guid":{"rendered":"http:\/\/www.cmc.mg.gov.br\/?p=15203"},"modified":"2019-08-21T15:33:53","modified_gmt":"2019-08-21T18:33:53","slug":"camara-defende-a-permanencia-do-camelodromo-do-eldorado","status":"publish","type":"post","link":"https:\/\/www.cmc.mg.gov.br\/?p=15203","title":{"rendered":"C\u00e2mara defende a perman\u00eancia do Camel\u00f3dromo do Eldorado"},"content":{"rendered":"<p style=\"text-align: justify;\">\u201cPra\u00e7a n\u00e3o, trabalho sim\u201d. Essa frase, entoada por mais de 250 pessoas, marcou a 25\u00aa reuni\u00e3o ordin\u00e1ria da C\u00e2mara, realizada na \u00faltima ter\u00e7a-feira (20\/08). Eram os comerciantes do camel\u00f3dromo do Eldorado, que permaneceu fechado durante toda a manh\u00e3, em sinal de protesto. Na C\u00e2mara, eles buscavam apoio dos vereadores e da popula\u00e7\u00e3o para a situa\u00e7\u00e3o pela qual eles t\u00eam passado desde o come\u00e7o do ano.<\/p>\n<p style=\"text-align: justify;\">Segundo o porta-voz da Associa\u00e7\u00e3o do Camel\u00f3dromo, Jeferson Pereira dos Reis, em janeiro eles receberam da Prefeitura uma notifica\u00e7\u00e3o informal sobre a desocupa\u00e7\u00e3o do local em que h\u00e1 30 anos est\u00e3o instalados \u2013 espa\u00e7o da conflu\u00eancia da rua Portugal e avenida Jo\u00e3o C\u00e9sar de Oliveira, no cora\u00e7\u00e3o do Eldorado.<\/p>\n<p style=\"text-align: justify;\">No lugar, a Prefeitura pretende executar um projeto de mobilidade urbana e de revitaliza\u00e7\u00e3o urban\u00edstica. \u201cN\u00f3s somos a favor do desenvolvimento da cidade, mas desamparar 500 fam\u00edlias que tiram dali o seu sustento nos parece uma atitude injusta, de vaidade pol\u00edtica\u201d, questionou Jeferson.<\/p>\n<p style=\"text-align: justify;\">Em abril, os feirantes j\u00e1 haviam ocupado as galerias da C\u00e2mara, ocasi\u00e3o em que puderam, inclusive, fazer o uso da Tribuna Livre. O retorno deles, agora, \u00e9 resultado do in\u00edcio da tramita\u00e7\u00e3o no Legislativo do <a href=\"http:\/\/legislativo.cmc.mg.gov.br:8080\/sapl\/generico\/materia_pesquisar_proc?incluir=0&amp;existe_ocorrencia=0&amp;total_materias=%3CShared.DC.ZRDB.Results.Results+instance+at+0x7fcb4976ea28%3E&amp;lst_tip_materia=1&amp;txt_numero=018&amp;txt_ano=2019&amp;txt_npc=&amp;txt_num_protocolo=&amp;dt_apres=&amp;dt_apres2=&amp;dt_public=&amp;dt_public2=&amp;dt_votac=&amp;dt_votac2=&amp;hdn_txt_autor=&amp;hdn_cod_autor=&amp;lst_tip_autor=&amp;lst_cod_partido=&amp;txt_relator=&amp;txt_assunto=&amp;rad_tramitando=&amp;lst_localizacao=&amp;lst_status=&amp;rd_ordenacao=1&amp;rd_ordem_td=1&amp;chk_coautor=&amp;btn_materia_pesquisar=Pesquisar\" target=\"_blank\" rel=\"noopener\">Projeto de Lei n\u00ba 018\/2019<\/a>, do Poder Executivo, que \u201cInstitui a Opera\u00e7\u00e3o Urbana Simplificada do plano de Inclus\u00e3o Produtiva de Camel\u00f4s\u201d.<\/p>\n<p style=\"text-align: justify;\">Dentre outras coisas, o projeto pretende apresentar uma alternativa de formaliza\u00e7\u00e3o e inclus\u00e3o social dos comerciantes do Camel\u00f3dromo. Na pr\u00e1tica, o objetivo seria realocar os comerciantes da feira em shoppings populares do munic\u00edpio, o que geraria, segundo a associa\u00e7\u00e3o, um alto custo para eles.<a href=\"http:\/\/www.cmc.mg.gov.br\/wordpress\/wp-content\/uploads\/2019\/08\/IMG_0238-Copy.jpg\"><img loading=\"lazy\" decoding=\"async\" class=\"size-medium wp-image-15205 alignleft\" src=\"http:\/\/www.cmc.mg.gov.br\/wordpress\/wp-content\/uploads\/2019\/08\/IMG_0238-Copy-300x200.jpg\" alt=\"\" width=\"300\" height=\"200\" srcset=\"https:\/\/www.cmc.mg.gov.br\/wordpress\/wp-content\/uploads\/2019\/08\/IMG_0238-Copy-300x200.jpg 300w, https:\/\/www.cmc.mg.gov.br\/wordpress\/wp-content\/uploads\/2019\/08\/IMG_0238-Copy-768x512.jpg 768w, https:\/\/www.cmc.mg.gov.br\/wordpress\/wp-content\/uploads\/2019\/08\/IMG_0238-Copy.jpg 1024w\" sizes=\"auto, (max-width: 300px) 100vw, 300px\" \/><\/a><\/p>\n<p style=\"text-align: justify;\">\u201cO problema \u00e9 que a l\u00f3gica desses shoppings populares \u00e9 de moderniza\u00e7\u00e3o. J\u00e1 o perfil da nossa feira \u00e9 tradicional, mais pr\u00f3xima do povo. E o vendedor de cadar\u00e7os, o cara que conserta sombrinha, os senhores de 60 e 70 anos que est\u00e3o h\u00e1 30 anos no Camel\u00f3dromo e n\u00e3o conseguem come\u00e7ar um novo empreendimento? N\u00e3o h\u00e1 lugar para eles nesses shoppings, n\u00e3o s\u00e3o atividades que interessam a esses locais privados. Muita gente vai se perder no meio do caminho dessa mudan\u00e7a\u201d, lamenta Jeferson.<\/p>\n<p style=\"text-align: justify;\"><strong>Apoio dos vereadores<\/strong><\/p>\n<p style=\"text-align: justify;\">A Casa se manifestou, assim como em abril, a favor dos comerciantes. O vereador Capit\u00e3o Fontes (MDB), que acompanha a discuss\u00e3o desde o in\u00edcio, analisou a situa\u00e7\u00e3o, a princ\u00edpio, sob a \u00f3tica econ\u00f4mica. \u2018Estamos num pa\u00eds com 13 milh\u00f5es de desempregados e uma atitude precipitada e impensada da administra\u00e7\u00e3o municipal pode aumentar essa estat\u00edstica\u201d, disse, propondo uma grande audi\u00eancia p\u00fablica para a discuss\u00e3o do assunto.<\/p>\n<p style=\"text-align: justify;\">Outros vereadores, na sequ\u00eancia, concordaram com Fontes e engrossaram o coro dos defensores do Camel\u00f3dromo. Alex Chiodi, por exemplo, lembrou<a href=\"http:\/\/www.cmc.mg.gov.br\/wordpress\/wp-content\/uploads\/2019\/08\/IMG_0170-Copy.jpg\"><img loading=\"lazy\" decoding=\"async\" class=\"size-medium wp-image-15206 alignright\" src=\"http:\/\/www.cmc.mg.gov.br\/wordpress\/wp-content\/uploads\/2019\/08\/IMG_0170-Copy-300x200.jpg\" alt=\"\" width=\"300\" height=\"200\" srcset=\"https:\/\/www.cmc.mg.gov.br\/wordpress\/wp-content\/uploads\/2019\/08\/IMG_0170-Copy-300x200.jpg 300w, https:\/\/www.cmc.mg.gov.br\/wordpress\/wp-content\/uploads\/2019\/08\/IMG_0170-Copy-768x512.jpg 768w, https:\/\/www.cmc.mg.gov.br\/wordpress\/wp-content\/uploads\/2019\/08\/IMG_0170-Copy.jpg 1024w\" sizes=\"auto, (max-width: 300px) 100vw, 300px\" \/><\/a> que Contagem tem pontos hist\u00f3ricos abandonados \u2013 Casa de Cacos, Cineteatro Municipal, esta\u00e7\u00e3o ferrovi\u00e1ria do Bela Vista, e n\u00e3o \u00e9 poss\u00edvel que a cidade perderia mais uma refer\u00eancia cultural, que \u00e9 o Camel\u00f3dromo. \u201cCaso o governo insista com o projeto, acredito que os 21 vereadores votar\u00e3o contra\u201d.<\/p>\n<p style=\"text-align: justify;\">Daniel do Irineu, por sua vez, questionou as in\u00fameras reuni\u00f5es j\u00e1 acontecidas entre a Secretaria Municipal de Desenvolvimento Urbano \u2013 que cuida do assunto \u2013 e os feirantes. \u201cEles marcam uma reuni\u00e3o para marcar outra reuni\u00e3o, n\u00e3o faz sentido\u201d.<\/p>\n<p style=\"text-align: justify;\">Ele leu tamb\u00e9m a <a href=\"http:\/\/www.contagem.mg.gov.br\/?legislacao=481340\" target=\"_blank\" rel=\"noopener\">Lei Municipal n\u00ba3389\/2000<\/a>, que concede, de maneira definitiva, o espa\u00e7o do cal\u00e7ad\u00e3o (onde hoje est\u00e3o os camel\u00f4s) para a instala\u00e7\u00e3o de barracas para uso do comercio informal \u2013 camel\u00f3dromo. \u201cPor isso, no novo projeto vou apresentar uma emenda, resguardando esse lugar\u201d, disse.<\/p>\n<p style=\"text-align: justify;\">Finalizando, o presidente da C\u00e2mara, vereador Daniel Carvalho (PV), tranquilizou os manifestantes. Al\u00e9m de ceder o espa\u00e7o da Tribuna Livre do m\u00eas de setembro para os comerciantes, se comprometeu em n\u00e3o dar prosseguimento na tramita\u00e7\u00e3o do projeto na Casa antes de uma ampla discuss\u00e3o. \u00a0J\u00e1 o l\u00edder de Governo, vereador Teteco (MDB) afirmou que ser\u00e1 poss\u00edvel encontrar uma sa\u00edda justa para a situa\u00e7\u00e3o.<\/p>\n<p style=\"text-align: justify;\">As manifesta\u00e7\u00f5es do Legislativo agradaram os presentes. \u201cO apoio que os vereadores nos deram hoje foi muito importante para que cada associado v\u00e1 para casa mais tranquilo, sabendo que pode contar com o Legislativo de Contagem\u201d concluiu o porta-voz da associa\u00e7\u00e3o.<\/p>\n","protected":false},"excerpt":{"rendered":"<p>\u201cPra\u00e7a n\u00e3o, trabalho sim\u201d. Essa frase, entoada por mais de 250 pessoas, marcou a 25\u00aa reuni\u00e3o ordin\u00e1ria da C\u00e2mara, realizada na \u00faltima ter\u00e7a-feira (20\/08). Eram os comerciantes do camel\u00f3dromo do Eldorado, que permaneceu fechado durante toda a manh\u00e3, em sinal de protesto. Na C\u00e2mara, eles buscavam apoio dos vereadores e da popula\u00e7\u00e3o para a situa\u00e7\u00e3o &hellip; <a href=\"https:\/\/www.cmc.mg.gov.br\/?p=15203\" class=\"more-link\">Continue lendo <span class=\"screen-reader-text\">C\u00e2mara defende a perman\u00eancia do Camel\u00f3dromo do Eldorado<\/span> <span class=\"meta-nav\">&rarr;<\/span><\/a><\/p>\n","protected":false},"author":2,"featured_media":15204,"comment_status":"open","ping_status":"open","sticky":false,"template":"","format":"standard","meta":{"_exactmetrics_skip_tracking":false,"_exactmetrics_sitenote_active":false,"_exactmetrics_sitenote_note":"","_exactmetrics_sitenote_category":0,"footnotes":""},"categories":[8,27,18,7],"tags":[],"class_list":["post-15203","post","type-post","status-publish","format-standard","has-post-thumbnail","hentry","category-camara","category-noticias","category-plenario","category-vereadores"],"_links":{"self":[{"href":"https:\/\/www.cmc.mg.gov.br\/index.php?rest_route=\/wp\/v2\/posts\/15203","targetHints":{"allow":["GET"]}}],"collection":[{"href":"https:\/\/www.cmc.mg.gov.br\/index.php?rest_route=\/wp\/v2\/posts"}],"about":[{"href":"https:\/\/www.cmc.mg.gov.br\/index.php?rest_route=\/wp\/v2\/types\/post"}],"author":[{"embeddable":true,"href":"https:\/\/www.cmc.mg.gov.br\/index.php?rest_route=\/wp\/v2\/users\/2"}],"replies":[{"embeddable":true,"href":"https:\/\/www.cmc.mg.gov.br\/index.php?rest_route=%2Fwp%2Fv2%2Fcomments&post=15203"}],"version-history":[{"count":2,"href":"https:\/\/www.cmc.mg.gov.br\/index.php?rest_route=\/wp\/v2\/posts\/15203\/revisions"}],"predecessor-version":[{"id":15208,"href":"https:\/\/www.cmc.mg.gov.br\/index.php?rest_route=\/wp\/v2\/posts\/15203\/revisions\/15208"}],"wp:featuredmedia":[{"embeddable":true,"href":"https:\/\/www.cmc.mg.gov.br\/index.php?rest_route=\/wp\/v2\/media\/15204"}],"wp:attachment":[{"href":"https:\/\/www.cmc.mg.gov.br\/index.php?rest_route=%2Fwp%2Fv2%2Fmedia&parent=15203"}],"wp:term":[{"taxonomy":"category","embeddable":true,"href":"https:\/\/www.cmc.mg.gov.br\/index.php?rest_route=%2Fwp%2Fv2%2Fcategories&post=15203"},{"taxonomy":"post_tag","embeddable":true,"href":"https:\/\/www.cmc.mg.gov.br\/index.php?rest_route=%2Fwp%2Fv2%2Ftags&post=15203"}],"curies":[{"name":"wp","href":"https:\/\/api.w.org\/{rel}","templated":true}]}}