
{"id":15300,"date":"2019-08-28T18:27:28","date_gmt":"2019-08-28T21:27:28","guid":{"rendered":"http:\/\/www.cmc.mg.gov.br\/?p=15300"},"modified":"2019-10-04T16:15:21","modified_gmt":"2019-10-04T19:15:21","slug":"pregao-presencial-no-11-2019-servicos-de-telefonia-fixa","status":"publish","type":"post","link":"https:\/\/www.cmc.mg.gov.br\/?p=15300","title":{"rendered":"Preg\u00e3o Presencial n\u00ba 11\/2019 &#8211; Servi\u00e7os de Telefonia Fixa"},"content":{"rendered":"<p style=\"text-align: center;\">AVISO DE LICITA\u00c7\u00c3O<\/p>\n<p style=\"text-align: justify;\">C\u00e2mara Municipal de Contagem. Preg\u00e3o Presencial n\u00ba 11\/2019, Processo n\u00ba 46\/2019, torna p\u00fablico, para conhecimento dos interessados, que far\u00e1 realizar, licita\u00e7\u00e3o na modalidade Preg\u00e3o Presencial, a partir das 14h00min horas do dia 13 (treze) de Setembro de 2019, em sua sede, na Pra\u00e7a S\u00e3o Gon\u00e7alo, n\u00ba 18, tendo por objeto a contrata\u00e7\u00e3o de empresa para presta\u00e7\u00e3o de servi\u00e7os de Telefonia Fixa para este legislativo municipal. O texto integral do edital (contendo todas as informa\u00e7\u00f5es sobre o certame) encontra-se \u00e0 disposi\u00e7\u00e3o dos interessados no site: http:\/\/www.cmc.mg.gov.br e pelo e-mail <a href=\"mailto:compras@cmc.mg.gov.br\">compras@cmc.mg.gov.br<\/a> &#8211; Comiss\u00e3o Permanente de Licita\u00e7\u00e3o, telefone: (31) 3198-5141 e (31) 3198-5117, no hor\u00e1rio de 09h00min as 18h00min horas, de segunda a sexta-feira, onde poder\u00e3o ser obtidos esclarecimentos adicionais. \u00c9rica Pereira de Souza &#8211; Pregoeira.<\/p>\n<ul>\n<li><a href=\"http:\/\/www.cmc.mg.gov.br\/wordpress\/wp-content\/uploads\/2019\/08\/EDITAL-PP-11-2019-telefonia-FIXA.pdf\">EDITAL PP 11-2019 &#8211; telefonia FIXA<\/a>\u00a0&#8211; 28\/08\/2019.<\/li>\n<li><a href=\"http:\/\/www.cmc.mg.gov.br\/wordpress\/wp-content\/uploads\/2019\/08\/RESPOSTA-A-ESCLARECIMENTO-PP-11-2019.pdf\">RESPOSTA A ESCLARECIMENTO PP 11-2019<\/a>\u00a0&#8211; 11\/09\/2019.<\/li>\n<li><a href=\"http:\/\/www.cmc.mg.gov.br\/wordpress\/wp-content\/uploads\/2019\/08\/ATA-PP-11-2019.pdf\">ATA PP 11-2019<\/a>\u00a0&#8211; 16\/09\/2019.<\/li>\n<li><a href=\"http:\/\/www.cmc.mg.gov.br\/wordpress\/wp-content\/uploads\/2019\/08\/2-ATA-PP-11-2019.pdf\" target=\"_blank\" rel=\"noopener\">2 ATA PP 11-2019<\/a>\u00a0&#8211; 20\/09\/2019.<\/li>\n<li><a href=\"http:\/\/www.cmc.mg.gov.br\/wordpress\/wp-content\/uploads\/2019\/08\/RECURSO-MUNDO-TELECOM.pdf\" target=\"_blank\" rel=\"noopener\">RECURSO MUNDO TELECOM<\/a>\u00a0&#8211; 24\/09\/2019.<\/li>\n<li><a href=\"http:\/\/www.cmc.mg.gov.br\/wordpress\/wp-content\/uploads\/2019\/08\/RECURSO-TELEMAR-PARTE-1.pdf\" target=\"_blank\" rel=\"noopener\">RECURSO TELEMAR PARTE 1<\/a>\u00a0&#8211;\u00a024\/09\/2019.<\/li>\n<li><a href=\"http:\/\/www.cmc.mg.gov.br\/wordpress\/wp-content\/uploads\/2019\/08\/RECURSO-TELEMAR-PARTE-2.pdf\" target=\"_blank\" rel=\"noopener\">RECURSO TELEMAR PARTE 2<\/a>\u00a0&#8211;\u00a024\/09\/2019.<\/li>\n<li><a href=\"http:\/\/www.cmc.mg.gov.br\/wordpress\/wp-content\/uploads\/2019\/08\/CONTRARRAZOES-MUNDO-TELECOM.pdf\" target=\"_blank\" rel=\"noopener\">CONTRARRAZOES &#8211; MUNDO TELECOM<\/a>\u00a0&#8211; 27\/09\/2019.<\/li>\n<li><a href=\"http:\/\/www.cmc.mg.gov.br\/wordpress\/wp-content\/uploads\/2019\/08\/CONTRARRAZOES-TELEMAR.pdf\" target=\"_blank\" rel=\"noopener\">CONTRARRAZOES &#8211; TELEMAR<\/a>\u00a0&#8211;\u00a027\/09\/2019.<\/li>\n<li><a href=\"http:\/\/www.cmc.mg.gov.br\/wordpress\/wp-content\/uploads\/2019\/08\/DECISAO-RECURSO-PP-11-2019-1.pdf\">DECISAO RECURSO PP 11-2019<\/a>\u00a0&#8211; 04\/10\/2019.<\/li>\n<\/ul>\n","protected":false},"excerpt":{"rendered":"<p>AVISO DE LICITA\u00c7\u00c3O C\u00e2mara Municipal de Contagem. Preg\u00e3o Presencial n\u00ba 11\/2019, Processo n\u00ba 46\/2019, torna p\u00fablico, para conhecimento dos interessados, que far\u00e1 realizar, licita\u00e7\u00e3o na modalidade Preg\u00e3o Presencial, a partir das 14h00min horas do dia 13 (treze) de Setembro de 2019, em sua sede, na Pra\u00e7a S\u00e3o Gon\u00e7alo, n\u00ba 18, tendo por objeto a contrata\u00e7\u00e3o &hellip; <a href=\"https:\/\/www.cmc.mg.gov.br\/?p=15300\" class=\"more-link\">Continue lendo <span class=\"screen-reader-text\">Preg\u00e3o Presencial n\u00ba 11\/2019 &#8211; Servi\u00e7os de Telefonia Fixa<\/span> <span class=\"meta-nav\">&rarr;<\/span><\/a><\/p>\n","protected":false},"author":3,"featured_media":0,"comment_status":"open","ping_status":"open","sticky":false,"template":"","format":"standard","meta":{"_exactmetrics_skip_tracking":false,"_exactmetrics_sitenote_active":false,"_exactmetrics_sitenote_note":"","_exactmetrics_sitenote_category":0,"footnotes":""},"categories":[21],"tags":[],"class_list":["post-15300","post","type-post","status-publish","format-standard","hentry","category-licitacoes"],"_links":{"self":[{"href":"https:\/\/www.cmc.mg.gov.br\/index.php?rest_route=\/wp\/v2\/posts\/15300","targetHints":{"allow":["GET"]}}],"collection":[{"href":"https:\/\/www.cmc.mg.gov.br\/index.php?rest_route=\/wp\/v2\/posts"}],"about":[{"href":"https:\/\/www.cmc.mg.gov.br\/index.php?rest_route=\/wp\/v2\/types\/post"}],"author":[{"embeddable":true,"href":"https:\/\/www.cmc.mg.gov.br\/index.php?rest_route=\/wp\/v2\/users\/3"}],"replies":[{"embeddable":true,"href":"https:\/\/www.cmc.mg.gov.br\/index.php?rest_route=%2Fwp%2Fv2%2Fcomments&post=15300"}],"version-history":[{"count":8,"href":"https:\/\/www.cmc.mg.gov.br\/index.php?rest_route=\/wp\/v2\/posts\/15300\/revisions"}],"predecessor-version":[{"id":15754,"href":"https:\/\/www.cmc.mg.gov.br\/index.php?rest_route=\/wp\/v2\/posts\/15300\/revisions\/15754"}],"wp:attachment":[{"href":"https:\/\/www.cmc.mg.gov.br\/index.php?rest_route=%2Fwp%2Fv2%2Fmedia&parent=15300"}],"wp:term":[{"taxonomy":"category","embeddable":true,"href":"https:\/\/www.cmc.mg.gov.br\/index.php?rest_route=%2Fwp%2Fv2%2Fcategories&post=15300"},{"taxonomy":"post_tag","embeddable":true,"href":"https:\/\/www.cmc.mg.gov.br\/index.php?rest_route=%2Fwp%2Fv2%2Ftags&post=15300"}],"curies":[{"name":"wp","href":"https:\/\/api.w.org\/{rel}","templated":true}]}}