
{"id":16211,"date":"2019-11-19T16:47:09","date_gmt":"2019-11-19T18:47:09","guid":{"rendered":"http:\/\/www.cmc.mg.gov.br\/?p=16211"},"modified":"2019-12-05T14:53:19","modified_gmt":"2019-12-05T16:53:19","slug":"pregao-presencial-017-2019-fornecimento-de-licenciamento-implantacao-e-manutencao-de-sistema-integrado-de-administracao-publica","status":"publish","type":"post","link":"https:\/\/www.cmc.mg.gov.br\/?p=16211","title":{"rendered":"PREG\u00c3O PRESENCIAL 017\/2019 \u2013 Fornecimento de licenciamento, implanta\u00e7\u00e3o e manuten\u00e7\u00e3o de sistema integrado de administra\u00e7\u00e3o p\u00fablica"},"content":{"rendered":"<p style=\"text-align: center;\"><strong>AVISO DE LICITA\u00c7\u00c3O<\/strong><\/p>\n<p style=\"text-align: justify;\"><strong>Preg\u00e3o Presencial n\u00ba 017\/2019, Processo n\u00ba 061\/2019<\/strong> &#8211; A C\u00e2mara Municipal de Contagem torna p\u00fablico, para conhecimento dos interessados, que far\u00e1 realizar, licita\u00e7\u00e3o na modalidade Preg\u00e3o Presencial, <strong>a partir das 14 horas do dia 04 (quatro) de dezembro de 2019<\/strong>, em sua sede, na Pra\u00e7a S\u00e3o Gon\u00e7alo, n\u00ba 18, tendo por objeto a contrata\u00e7\u00e3o de empresa especializada para o fornecimento de licenciamento, implanta\u00e7\u00e3o e manuten\u00e7\u00e3o de sistema integrado de administra\u00e7\u00e3o p\u00fablica, gest\u00e3o or\u00e7ament\u00e1ria, cont\u00e1bil, financeira, planejamento, recursos humanos e folha de pagamento incluindo os servi\u00e7os de implanta\u00e7\u00e3o, convers\u00e3o\/migra\u00e7\u00e3o de dados, treinamento de capacita\u00e7\u00e3o de usu\u00e1rios, suporte t\u00e9cnico operacional e manuten\u00e7\u00e3o do software que garanta disponibilidade e adequa\u00e7\u00e3o \u00e0s altera\u00e7\u00f5es legais exigidas pelo tribunal de contas do estado de Minas Gerais, bem como as exigidas por \u00f3rg\u00e3os legisladores municipais e federais. O texto integral do edital (contendo todas as informa\u00e7\u00f5es sobre o certame) encontra-se \u00e0 disposi\u00e7\u00e3o dos interessados no site: http:\/\/www.cmc.mg.gov.br e pelo e-mail <a href=\"mailto:compras@cmc.mg.gov.br\">compras@cmc.mg.gov.br<\/a> &#8211;<\/p>\n<p style=\"text-align: justify;\">Comiss\u00e3o Permanente de Licita\u00e7\u00e3o, telefone: (31) 3198-5141, (31) 3198-5117 e (31) 3359-8700, no hor\u00e1rio das 09h \u00e0s 18h, de segunda a sexta-feira, onde poder\u00e3o ser obtidos esclarecimentos adicionais.<\/p>\n<p style=\"text-align: justify;\"><em>\u00c9rica Pereira de Souza &#8211; Pregoeira<\/em><\/p>\n<ul>\n<li><a href=\"http:\/\/www.cmc.mg.gov.br\/wordpress\/wp-content\/uploads\/2019\/11\/EDITAL-PP-17-2019-SGP.pdf\">EDITAL PP 17-2019 &#8211; SGP <\/a>\u00a0&#8211; 19\/11\/2019.<\/li>\n<li><a href=\"http:\/\/www.cmc.mg.gov.br\/wordpress\/wp-content\/uploads\/2019\/11\/ERRATA-EDITAL.pdf\">ERRATA EDITAL<\/a>\u00a0&#8211; 21\/11\/2019.<\/li>\n<li><a href=\"http:\/\/www.cmc.mg.gov.br\/wordpress\/wp-content\/uploads\/2019\/11\/IMPUGNACAO-CONTASS-CONTABILIDADE.pdf\">IMPUGNACAO CONTASS CONTABILIDADE<\/a>\u00a0&#8211; 29\/11\/2019<\/li>\n<li><a href=\"http:\/\/www.cmc.mg.gov.br\/wordpress\/wp-content\/uploads\/2019\/11\/RESPOSTA-A-IMPUGNACAO-PP-17-2019-.pdf\">RESPOSTA A IMPUGNACAO PP 17-2019<\/a>\u00a0&#8211; 29\/11\/2019<\/li>\n<li><a href=\"http:\/\/www.cmc.mg.gov.br\/wordpress\/wp-content\/uploads\/2019\/11\/IMPUG-GOVERNACA-PP-17-2019.pdf\">IMPUG GOVERNACA PP 17-2019<\/a>\u00a0&#8211; 03\/12\/2019<\/li>\n<li><a href=\"http:\/\/www.cmc.mg.gov.br\/wordpress\/wp-content\/uploads\/2019\/11\/RESPOSTA-A-IMPUGNACAO-PP-17-2019-2.pdf\">RESPOSTA A IMPUGNACAO PP 17-2019 &#8211; 2<\/a>\u00a0&#8211; 03\/12\/2019<\/li>\n<li><a href=\"http:\/\/www.cmc.mg.gov.br\/wordpress\/wp-content\/uploads\/2019\/11\/ATA-PP-17-2019.pdf\" target=\"_blank\" rel=\"noopener\">ATA PP 17-2019<\/a>\u00a0&#8211; 05\/12\/2019<\/li>\n<\/ul>\n","protected":false},"excerpt":{"rendered":"<p>AVISO DE LICITA\u00c7\u00c3O Preg\u00e3o Presencial n\u00ba 017\/2019, Processo n\u00ba 061\/2019 &#8211; A C\u00e2mara Municipal de Contagem torna p\u00fablico, para conhecimento dos interessados, que far\u00e1 realizar, licita\u00e7\u00e3o na modalidade Preg\u00e3o Presencial, a partir das 14 horas do dia 04 (quatro) de dezembro de 2019, em sua sede, na Pra\u00e7a S\u00e3o Gon\u00e7alo, n\u00ba 18, tendo por objeto &hellip; <a href=\"https:\/\/www.cmc.mg.gov.br\/?p=16211\" class=\"more-link\">Continue lendo <span class=\"screen-reader-text\">PREG\u00c3O PRESENCIAL 017\/2019 \u2013 Fornecimento de licenciamento, implanta\u00e7\u00e3o e manuten\u00e7\u00e3o de sistema integrado de administra\u00e7\u00e3o p\u00fablica<\/span> <span class=\"meta-nav\">&rarr;<\/span><\/a><\/p>\n","protected":false},"author":2,"featured_media":0,"comment_status":"open","ping_status":"open","sticky":false,"template":"","format":"standard","meta":{"_exactmetrics_skip_tracking":false,"_exactmetrics_sitenote_active":false,"_exactmetrics_sitenote_note":"","_exactmetrics_sitenote_category":0,"footnotes":""},"categories":[21],"tags":[],"class_list":["post-16211","post","type-post","status-publish","format-standard","hentry","category-licitacoes"],"_links":{"self":[{"href":"https:\/\/www.cmc.mg.gov.br\/index.php?rest_route=\/wp\/v2\/posts\/16211","targetHints":{"allow":["GET"]}}],"collection":[{"href":"https:\/\/www.cmc.mg.gov.br\/index.php?rest_route=\/wp\/v2\/posts"}],"about":[{"href":"https:\/\/www.cmc.mg.gov.br\/index.php?rest_route=\/wp\/v2\/types\/post"}],"author":[{"embeddable":true,"href":"https:\/\/www.cmc.mg.gov.br\/index.php?rest_route=\/wp\/v2\/users\/2"}],"replies":[{"embeddable":true,"href":"https:\/\/www.cmc.mg.gov.br\/index.php?rest_route=%2Fwp%2Fv2%2Fcomments&post=16211"}],"version-history":[{"count":10,"href":"https:\/\/www.cmc.mg.gov.br\/index.php?rest_route=\/wp\/v2\/posts\/16211\/revisions"}],"predecessor-version":[{"id":16318,"href":"https:\/\/www.cmc.mg.gov.br\/index.php?rest_route=\/wp\/v2\/posts\/16211\/revisions\/16318"}],"wp:attachment":[{"href":"https:\/\/www.cmc.mg.gov.br\/index.php?rest_route=%2Fwp%2Fv2%2Fmedia&parent=16211"}],"wp:term":[{"taxonomy":"category","embeddable":true,"href":"https:\/\/www.cmc.mg.gov.br\/index.php?rest_route=%2Fwp%2Fv2%2Fcategories&post=16211"},{"taxonomy":"post_tag","embeddable":true,"href":"https:\/\/www.cmc.mg.gov.br\/index.php?rest_route=%2Fwp%2Fv2%2Ftags&post=16211"}],"curies":[{"name":"wp","href":"https:\/\/api.w.org\/{rel}","templated":true}]}}