
{"id":16260,"date":"2019-11-26T18:49:49","date_gmt":"2019-11-26T20:49:49","guid":{"rendered":"http:\/\/www.cmc.mg.gov.br\/?p=16260"},"modified":"2020-08-15T10:47:17","modified_gmt":"2020-08-15T13:47:17","slug":"ouvidoria-cidada-registra-demandas-de-frequentadores-da-feira-do-eldorado","status":"publish","type":"post","link":"https:\/\/www.cmc.mg.gov.br\/?p=16260","title":{"rendered":"Ouvidoria Cidad\u00e3 registra demandas de frequentadores da Feira do Eldorado"},"content":{"rendered":"<p style=\"text-align: justify;\">Na pen\u00faltima a\u00e7\u00e3o itinerante do ano, na manh\u00e3 do \u00faltimo s\u00e1bado (23\/11), a Ouvidoria Cidad\u00e3 da C\u00e2mara Municipal de Contagem voltou \u00e0 Feira do Eldorado para, mais uma vez, dialogar com a popula\u00e7\u00e3o contagense. O presidente da C\u00e2mara, vereador Daniel Carvalho, participou das atividades, conversando com os frequentadores da Feira.<\/p>\n<p style=\"text-align: justify;\">Em 2019, foi a 17<sup>a<\/sup> vez que sua equipe rompeu os muros da C\u00e2mara para ouvir o cidad\u00e3o, seja em a\u00e7\u00f5es itinerantes, grandes a\u00e7\u00f5es sociais ou eventos parceiros. O objetivo, mais uma vez, foi registrar as reclama\u00e7\u00f5es, sugest\u00f5es e esclarecer d\u00favidas das pessoas que passaram pelo local. Em parceria com a Faculdade \u00danica e Instituto Mix, cortes de cabelo e maquiagens foram disponibilizados gratuitamente. Al\u00e9m disso, um grupo de enfermeiros realizou a aferi\u00e7\u00e3o da press\u00e3o arterial e glicose dos interessados.<\/p>\n<p style=\"text-align: justify;\">Durante toda a manh\u00e3, dezenas de pessoas receberam atendimento da equipe e tiveram suas demandas anotadas. Vale destacar que a maioria delas foi direcionada \u00e0 manuten\u00e7\u00e3o e obras. Como o caso do Lailson Costa, que alega, em sua reclama\u00e7\u00e3o, &#8220;desn\u00edveis e irregularidades nos passeios e cal\u00e7ad\u00f5es do bairro Novo Riacho, tendo a possibilidade de acidentes com os idosos que vivem no local e os impedindo de se locomoverem no bairro&#8221;.<\/p>\n<p style=\"text-align: justify;\">Todas as demandas s\u00e3o repassadas aos \u00f3rg\u00e3os competentes e a equipe da Ouvidoria busca respostas em tempo h\u00e1bil para o solicitante. A pr\u00f3xima a\u00e7\u00e3o itinerante, para encerrar o ano de 2019, ser\u00e1 realizada na pr\u00f3xima sexta-feira (29\/11), das 09h \u00e0s 12h, na Pra\u00e7a da Gl\u00f3ria, no Eldorado.<\/p>\n<p style=\"text-align: right;\">* Por Luciana Figueiredo.<\/p>\n<div id='gallery-1' class='gallery galleryid-16260 gallery-columns-3 gallery-size-thumbnail'><figure class='gallery-item'>\n\t\t\t<div class='gallery-icon landscape'>\n\t\t\t\t<a href='https:\/\/www.cmc.mg.gov.br\/?attachment_id=16270'><img loading=\"lazy\" decoding=\"async\" width=\"150\" height=\"150\" src=\"https:\/\/www.cmc.mg.gov.br\/wordpress\/wp-content\/uploads\/2019\/11\/19-11-23-ouvidoria-foto-erica-lima-01-150x150.jpg\" class=\"attachment-thumbnail size-thumbnail\" alt=\"\" srcset=\"https:\/\/www.cmc.mg.gov.br\/wordpress\/wp-content\/uploads\/2019\/11\/19-11-23-ouvidoria-foto-erica-lima-01-150x150.jpg 150w, https:\/\/www.cmc.mg.gov.br\/wordpress\/wp-content\/uploads\/2019\/11\/19-11-23-ouvidoria-foto-erica-lima-01-90x90.jpg 90w\" sizes=\"auto, (max-width: 150px) 100vw, 150px\" \/><\/a>\n\t\t\t<\/div><\/figure><figure class='gallery-item'>\n\t\t\t<div class='gallery-icon landscape'>\n\t\t\t\t<a href='https:\/\/www.cmc.mg.gov.br\/?attachment_id=16271'><img loading=\"lazy\" decoding=\"async\" width=\"150\" height=\"150\" src=\"https:\/\/www.cmc.mg.gov.br\/wordpress\/wp-content\/uploads\/2019\/11\/19-11-23-ouvidoria-foto-erica-lima-02-150x150.jpg\" class=\"attachment-thumbnail size-thumbnail\" alt=\"\" srcset=\"https:\/\/www.cmc.mg.gov.br\/wordpress\/wp-content\/uploads\/2019\/11\/19-11-23-ouvidoria-foto-erica-lima-02-150x150.jpg 150w, https:\/\/www.cmc.mg.gov.br\/wordpress\/wp-content\/uploads\/2019\/11\/19-11-23-ouvidoria-foto-erica-lima-02-90x90.jpg 90w\" sizes=\"auto, (max-width: 150px) 100vw, 150px\" \/><\/a>\n\t\t\t<\/div><\/figure><figure class='gallery-item'>\n\t\t\t<div class='gallery-icon landscape'>\n\t\t\t\t<a href='https:\/\/www.cmc.mg.gov.br\/?attachment_id=16272'><img loading=\"lazy\" decoding=\"async\" width=\"150\" height=\"150\" src=\"https:\/\/www.cmc.mg.gov.br\/wordpress\/wp-content\/uploads\/2019\/11\/19-11-23-ouvidoria-foto-erica-lima-03-150x150.jpg\" class=\"attachment-thumbnail size-thumbnail\" alt=\"\" srcset=\"https:\/\/www.cmc.mg.gov.br\/wordpress\/wp-content\/uploads\/2019\/11\/19-11-23-ouvidoria-foto-erica-lima-03-150x150.jpg 150w, https:\/\/www.cmc.mg.gov.br\/wordpress\/wp-content\/uploads\/2019\/11\/19-11-23-ouvidoria-foto-erica-lima-03-90x90.jpg 90w\" sizes=\"auto, (max-width: 150px) 100vw, 150px\" \/><\/a>\n\t\t\t<\/div><\/figure>\n\t\t<\/div>\n\n","protected":false},"excerpt":{"rendered":"<p>Na pen\u00faltima a\u00e7\u00e3o itinerante do ano, na manh\u00e3 do \u00faltimo s\u00e1bado (23\/11), a Ouvidoria Cidad\u00e3 da C\u00e2mara Municipal de Contagem voltou \u00e0 Feira do Eldorado para, mais uma vez, dialogar com a popula\u00e7\u00e3o contagense. O presidente da C\u00e2mara, vereador Daniel Carvalho, participou das atividades, conversando com os frequentadores da Feira. Em 2019, foi a 17a &hellip; <a href=\"https:\/\/www.cmc.mg.gov.br\/?p=16260\" class=\"more-link\">Continue lendo <span class=\"screen-reader-text\">Ouvidoria Cidad\u00e3 registra demandas de frequentadores da Feira do Eldorado<\/span> <span class=\"meta-nav\">&rarr;<\/span><\/a><\/p>\n","protected":false},"author":3,"featured_media":16264,"comment_status":"open","ping_status":"open","sticky":false,"template":"","format":"standard","meta":{"_exactmetrics_skip_tracking":false,"_exactmetrics_sitenote_active":false,"_exactmetrics_sitenote_note":"","_exactmetrics_sitenote_category":0,"footnotes":""},"categories":[27,187],"tags":[],"class_list":["post-16260","post","type-post","status-publish","format-standard","has-post-thumbnail","hentry","category-noticias","category-ouvidoria"],"_links":{"self":[{"href":"https:\/\/www.cmc.mg.gov.br\/index.php?rest_route=\/wp\/v2\/posts\/16260","targetHints":{"allow":["GET"]}}],"collection":[{"href":"https:\/\/www.cmc.mg.gov.br\/index.php?rest_route=\/wp\/v2\/posts"}],"about":[{"href":"https:\/\/www.cmc.mg.gov.br\/index.php?rest_route=\/wp\/v2\/types\/post"}],"author":[{"embeddable":true,"href":"https:\/\/www.cmc.mg.gov.br\/index.php?rest_route=\/wp\/v2\/users\/3"}],"replies":[{"embeddable":true,"href":"https:\/\/www.cmc.mg.gov.br\/index.php?rest_route=%2Fwp%2Fv2%2Fcomments&post=16260"}],"version-history":[{"count":9,"href":"https:\/\/www.cmc.mg.gov.br\/index.php?rest_route=\/wp\/v2\/posts\/16260\/revisions"}],"predecessor-version":[{"id":16297,"href":"https:\/\/www.cmc.mg.gov.br\/index.php?rest_route=\/wp\/v2\/posts\/16260\/revisions\/16297"}],"wp:featuredmedia":[{"embeddable":true,"href":"https:\/\/www.cmc.mg.gov.br\/index.php?rest_route=\/wp\/v2\/media\/16264"}],"wp:attachment":[{"href":"https:\/\/www.cmc.mg.gov.br\/index.php?rest_route=%2Fwp%2Fv2%2Fmedia&parent=16260"}],"wp:term":[{"taxonomy":"category","embeddable":true,"href":"https:\/\/www.cmc.mg.gov.br\/index.php?rest_route=%2Fwp%2Fv2%2Fcategories&post=16260"},{"taxonomy":"post_tag","embeddable":true,"href":"https:\/\/www.cmc.mg.gov.br\/index.php?rest_route=%2Fwp%2Fv2%2Ftags&post=16260"}],"curies":[{"name":"wp","href":"https:\/\/api.w.org\/{rel}","templated":true}]}}