
{"id":16419,"date":"2019-12-20T12:52:19","date_gmt":"2019-12-20T14:52:19","guid":{"rendered":"http:\/\/www.cmc.mg.gov.br\/?p=16419"},"modified":"2019-12-20T12:52:19","modified_gmt":"2019-12-20T14:52:19","slug":"projeto-aprovado-pela-camara-contribui-para-a-valorizacao-dos-medicos-da-rede-publica-de-contagem","status":"publish","type":"post","link":"https:\/\/www.cmc.mg.gov.br\/?p=16419","title":{"rendered":"Projeto aprovado pela C\u00e2mara contribui para a valoriza\u00e7\u00e3o dos m\u00e9dicos da rede p\u00fablica de Contagem"},"content":{"rendered":"<p style=\"text-align: justify;\">Foi aprovado, em segundo turno e reda\u00e7\u00e3o final, nesta quinta-feira (19\/12), o <a href=\"http:\/\/legislativo.cmc.mg.gov.br:8080\/sapl\/consultas\/materia\/materia_mostrar_proc?cod_materia=19194\" target=\"_blank\" rel=\"noopener\">Projeto de Lei Complementar n\u00ba025\/2019<\/a>, que disp\u00f5e sobre a cria\u00e7\u00e3o da Vantagem Nominal Identificada (VNI) para m\u00e9dicos da rede p\u00fablica de Sa\u00fade de Contagem. Agora, a proposi\u00e7\u00e3o segue para san\u00e7\u00e3o do prefeito.<\/p>\n<p style=\"text-align: justify;\">A Vantagem Nominal Identificada (VNI) \u00e9 destinada aos servidores ocupantes dos cargos de provimento efetivo de M\u00e9dico, Profissional de N\u00edvel superior I (M\u00e9dico) e M\u00e9dico da Fam\u00edlia, pertencentes ao Quadro Setorial da Sa\u00fade.<\/p>\n<p style=\"text-align: justify;\">Trata-se da incorpora\u00e7\u00e3o ao sal\u00e1rio-base, no limite de at\u00e9 20% dele, de 100% do Adicional de Resid\u00eancia M\u00e9dica devido aos servidores ocupantes de cargos de provimento efetivo.<\/p>\n<p style=\"text-align: justify;\">Al\u00e9m disso, de acordo com o projeto, o valor atribu\u00eddo \u00e0 VNI incidir\u00e1 para fins do c\u00e1lculo de adicional de tempo de servi\u00e7o (quinqu\u00eanio), f\u00e9rias pr\u00eamio, f\u00e9rias regulamentares, abono natalino e aposentadoria.<\/p>\n<p style=\"text-align: justify;\">Segundo o Sindicato dos M\u00e9dicos de Minas Gerais (Sinmed-MG), \u201ca aprova\u00e7\u00e3o representa uma vit\u00f3ria da pauta de reivindica\u00e7\u00f5es da categoria em 2019, ap\u00f3s v\u00e1rias assembleias, reuni\u00f5es e negocia\u00e7\u00f5es com a participa\u00e7\u00e3o ativa dos m\u00e9dicos e do pr\u00f3prio sindicato\u201d.<\/p>\n","protected":false},"excerpt":{"rendered":"<p>Foi aprovado, em segundo turno e reda\u00e7\u00e3o final, nesta quinta-feira (19\/12), o Projeto de Lei Complementar n\u00ba025\/2019, que disp\u00f5e sobre a cria\u00e7\u00e3o da Vantagem Nominal Identificada (VNI) para m\u00e9dicos da rede p\u00fablica de Sa\u00fade de Contagem. Agora, a proposi\u00e7\u00e3o segue para san\u00e7\u00e3o do prefeito. A Vantagem Nominal Identificada (VNI) \u00e9 destinada aos servidores ocupantes dos &hellip; <a href=\"https:\/\/www.cmc.mg.gov.br\/?p=16419\" class=\"more-link\">Continue lendo <span class=\"screen-reader-text\">Projeto aprovado pela C\u00e2mara contribui para a valoriza\u00e7\u00e3o dos m\u00e9dicos da rede p\u00fablica de Contagem<\/span> <span class=\"meta-nav\">&rarr;<\/span><\/a><\/p>\n","protected":false},"author":2,"featured_media":16420,"comment_status":"open","ping_status":"open","sticky":false,"template":"","format":"standard","meta":{"_exactmetrics_skip_tracking":false,"_exactmetrics_sitenote_active":false,"_exactmetrics_sitenote_note":"","_exactmetrics_sitenote_category":0,"footnotes":""},"categories":[8,27,18],"tags":[],"class_list":["post-16419","post","type-post","status-publish","format-standard","has-post-thumbnail","hentry","category-camara","category-noticias","category-plenario"],"_links":{"self":[{"href":"https:\/\/www.cmc.mg.gov.br\/index.php?rest_route=\/wp\/v2\/posts\/16419","targetHints":{"allow":["GET"]}}],"collection":[{"href":"https:\/\/www.cmc.mg.gov.br\/index.php?rest_route=\/wp\/v2\/posts"}],"about":[{"href":"https:\/\/www.cmc.mg.gov.br\/index.php?rest_route=\/wp\/v2\/types\/post"}],"author":[{"embeddable":true,"href":"https:\/\/www.cmc.mg.gov.br\/index.php?rest_route=\/wp\/v2\/users\/2"}],"replies":[{"embeddable":true,"href":"https:\/\/www.cmc.mg.gov.br\/index.php?rest_route=%2Fwp%2Fv2%2Fcomments&post=16419"}],"version-history":[{"count":1,"href":"https:\/\/www.cmc.mg.gov.br\/index.php?rest_route=\/wp\/v2\/posts\/16419\/revisions"}],"predecessor-version":[{"id":16421,"href":"https:\/\/www.cmc.mg.gov.br\/index.php?rest_route=\/wp\/v2\/posts\/16419\/revisions\/16421"}],"wp:featuredmedia":[{"embeddable":true,"href":"https:\/\/www.cmc.mg.gov.br\/index.php?rest_route=\/wp\/v2\/media\/16420"}],"wp:attachment":[{"href":"https:\/\/www.cmc.mg.gov.br\/index.php?rest_route=%2Fwp%2Fv2%2Fmedia&parent=16419"}],"wp:term":[{"taxonomy":"category","embeddable":true,"href":"https:\/\/www.cmc.mg.gov.br\/index.php?rest_route=%2Fwp%2Fv2%2Fcategories&post=16419"},{"taxonomy":"post_tag","embeddable":true,"href":"https:\/\/www.cmc.mg.gov.br\/index.php?rest_route=%2Fwp%2Fv2%2Ftags&post=16419"}],"curies":[{"name":"wp","href":"https:\/\/api.w.org\/{rel}","templated":true}]}}