
{"id":16479,"date":"2020-01-20T10:57:52","date_gmt":"2020-01-20T12:57:52","guid":{"rendered":"http:\/\/www.cmc.mg.gov.br\/?p=16479"},"modified":"2020-01-20T10:57:52","modified_gmt":"2020-01-20T12:57:52","slug":"legislativo-lamenta-estragos-causados-por-temporal-e-recolhe-doacoes","status":"publish","type":"post","link":"https:\/\/www.cmc.mg.gov.br\/?p=16479","title":{"rendered":"Legislativo lamenta estragos causados por temporal e recolhe doa\u00e7\u00f5es"},"content":{"rendered":"<p style=\"text-align: justify;\">A\u00a0C\u00e2mara Municipal de Contagem lamenta profundamente os estragos causados pelas fortes chuvas, ocorridas na tarde do \u00faltimo domingo (19\/01), no munic\u00edpio.<\/p>\n<p style=\"text-align: justify;\">Com grande pesar, manifestamos nossa solidariedade a todos os envolvidos e nos colocamos \u00e0 disposi\u00e7\u00e3o da popula\u00e7\u00e3o.<\/p>\n<p style=\"text-align: justify;\">Diante do n\u00famero de fam\u00edlias desabrigadas e dos preju\u00edzos, a C\u00e2mara de Contagem est\u00e1 recolhendo doa\u00e7\u00f5es de alimentos n\u00e3o perec\u00edveis, \u00e1gua mineral e produtos de higiene pessoal.<\/p>\n<p style=\"text-align: justify;\">As doa\u00e7\u00f5es podem ser feitas de segunda a sexta, das 9h \u00e0s 18h. A C\u00e2mara est\u00e1 localizada na\u00a0Pra\u00e7a S\u00e3o Gon\u00e7alo, 18, Centro \u2013 Contagem.<\/p>\n<p style=\"text-align: right;\">Foto: Fred Magno \/O Tempo<\/p>\n","protected":false},"excerpt":{"rendered":"<p>A\u00a0C\u00e2mara Municipal de Contagem lamenta profundamente os estragos causados pelas fortes chuvas, ocorridas na tarde do \u00faltimo domingo (19\/01), no munic\u00edpio. Com grande pesar, manifestamos nossa solidariedade a todos os envolvidos e nos colocamos \u00e0 disposi\u00e7\u00e3o da popula\u00e7\u00e3o. Diante do n\u00famero de fam\u00edlias desabrigadas e dos preju\u00edzos, a C\u00e2mara de Contagem est\u00e1 recolhendo doa\u00e7\u00f5es de &hellip; <a href=\"https:\/\/www.cmc.mg.gov.br\/?p=16479\" class=\"more-link\">Continue lendo <span class=\"screen-reader-text\">Legislativo lamenta estragos causados por temporal e recolhe doa\u00e7\u00f5es<\/span> <span class=\"meta-nav\">&rarr;<\/span><\/a><\/p>\n","protected":false},"author":10,"featured_media":16480,"comment_status":"open","ping_status":"open","sticky":false,"template":"","format":"standard","meta":{"_exactmetrics_skip_tracking":false,"_exactmetrics_sitenote_active":false,"_exactmetrics_sitenote_note":"","_exactmetrics_sitenote_category":0,"footnotes":""},"categories":[27],"tags":[],"class_list":["post-16479","post","type-post","status-publish","format-standard","has-post-thumbnail","hentry","category-noticias"],"_links":{"self":[{"href":"https:\/\/www.cmc.mg.gov.br\/index.php?rest_route=\/wp\/v2\/posts\/16479","targetHints":{"allow":["GET"]}}],"collection":[{"href":"https:\/\/www.cmc.mg.gov.br\/index.php?rest_route=\/wp\/v2\/posts"}],"about":[{"href":"https:\/\/www.cmc.mg.gov.br\/index.php?rest_route=\/wp\/v2\/types\/post"}],"author":[{"embeddable":true,"href":"https:\/\/www.cmc.mg.gov.br\/index.php?rest_route=\/wp\/v2\/users\/10"}],"replies":[{"embeddable":true,"href":"https:\/\/www.cmc.mg.gov.br\/index.php?rest_route=%2Fwp%2Fv2%2Fcomments&post=16479"}],"version-history":[{"count":1,"href":"https:\/\/www.cmc.mg.gov.br\/index.php?rest_route=\/wp\/v2\/posts\/16479\/revisions"}],"predecessor-version":[{"id":16481,"href":"https:\/\/www.cmc.mg.gov.br\/index.php?rest_route=\/wp\/v2\/posts\/16479\/revisions\/16481"}],"wp:featuredmedia":[{"embeddable":true,"href":"https:\/\/www.cmc.mg.gov.br\/index.php?rest_route=\/wp\/v2\/media\/16480"}],"wp:attachment":[{"href":"https:\/\/www.cmc.mg.gov.br\/index.php?rest_route=%2Fwp%2Fv2%2Fmedia&parent=16479"}],"wp:term":[{"taxonomy":"category","embeddable":true,"href":"https:\/\/www.cmc.mg.gov.br\/index.php?rest_route=%2Fwp%2Fv2%2Fcategories&post=16479"},{"taxonomy":"post_tag","embeddable":true,"href":"https:\/\/www.cmc.mg.gov.br\/index.php?rest_route=%2Fwp%2Fv2%2Ftags&post=16479"}],"curies":[{"name":"wp","href":"https:\/\/api.w.org\/{rel}","templated":true}]}}