
{"id":16805,"date":"2020-03-23T17:16:52","date_gmt":"2020-03-23T20:16:52","guid":{"rendered":"http:\/\/www.cmc.mg.gov.br\/?p=16805"},"modified":"2020-03-23T17:21:11","modified_gmt":"2020-03-23T20:21:11","slug":"vereadores-defendem-medidas-rigidas-de-combate-ao-coronavirus","status":"publish","type":"post","link":"https:\/\/www.cmc.mg.gov.br\/?p=16805","title":{"rendered":"Vereadores defendem medidas r\u00edgidas de combate ao coronav\u00edrus"},"content":{"rendered":"<p style=\"text-align: justify;\"><em>Na plen\u00e1ria da \u00faltima semana, os vereadores de Contagem destacaram a necessidade do isolamento social, e a C\u00e2mara suspendeu suas atividades<\/em>.<\/p>\n<p style=\"text-align: justify;\">Nesta semana, n\u00e3o haver\u00e1 reuni\u00e3o plen\u00e1ria na C\u00e2mara Municipal de Contagem. Em fun\u00e7\u00e3o das recomenda\u00e7\u00f5es das autoridades de sa\u00fade, o Legislativo suspendeu suas atividades, inicialmente, at\u00e9 a pr\u00f3xima sexta-feira (27\/03), com o objetivo de zelar pela sa\u00fade de servidores, vereadores e frequentadores da Casa, contra a propaga\u00e7\u00e3o do novo coronav\u00edrus (Covid-19). Al\u00e9m disso, se engajou na campanha #FiqueEmCasa nas m\u00eddias sociais.<\/p>\n<p style=\"text-align: justify;\">\u201cA Casa realizou a\u00e7\u00f5es para combater essa pandemia que assola o mundo, com o objetivo de zelar pela sa\u00fade e bem estar n\u00e3o apenas de nossos servidores, mas de todo cidad\u00e3o. Na \u00faltima semana, nomeamos uma comiss\u00e3o para cuidar do assunto; publicamos uma portaria restringindo o acesso \u00e0 C\u00e2mara \u2013 e fizemos a primeira plen\u00e1ria sem p\u00fablico (com transmiss\u00e3o pelas redes sociais); e, por fim, suspendemos o expediente da Casa e nos engajamos na campanha para que o contagense pratique o afastamento social\u201d, explica o presidente da C\u00e2mara, vereador Daniel Carvalho.<\/p>\n<p style=\"text-align: justify;\">Em reuni\u00e3o realizada na \u00faltima semana, o assunto foi destaque entre os vereadores, que defenderam medidas firmes para prevenir a difus\u00e3o do v\u00edrus entre os contagenses.<\/p>\n<p style=\"text-align: justify;\">Para o vereador Z\u00e9 Ant\u00f4nio (PT), \u00e9 o momento de parar tudo para tratar essa grave crise. \u201cTemos que prevenir, mas muitas pessoas ainda n\u00e3o t\u00eam a consci\u00eancia de respeitar as recomenda\u00e7\u00f5es e a pr\u00f3pria lei. Muitos j\u00e1 est\u00e3o trabalhando de casa e, as vezes, vamos at\u00e9 ter que votar os projetos de lei de nossas pr\u00f3prias casas. V\u00e1rios eventos t\u00eam sido cancelados e, se piorar, pode ser que tenhamos que mudar as elei\u00e7\u00f5es. Tudo, para evitar as aglomera\u00e7\u00f5es\u201d, declarou o parlamentar, que tamb\u00e9m \u00e9 profissional de sa\u00fade.<\/p>\n<p style=\"text-align: justify;\">\u201cO momento requer, al\u00e9m de medidas especiais e emergentes, muita reflex\u00e3o, pois o n\u00famero de infectados est\u00e1 em crescimento no nosso pa\u00eds. As medidas restritivas s\u00e3o acertadas, importante suspender o expediente desta Casa e, se tivermos projetos urgentes voltados para a quest\u00e3o do coronav\u00edrus e de sa\u00fade, podemos ser convocados e estaremos presentes\u201d, pontuou Alex Chiodi (SD). \u201c\u00c9 uma guerra contra um inimigo invis\u00edvel, que podemos ganhar apenas com cuidados, estrat\u00e9gias e seguindo as recomenda\u00e7\u00f5es de sa\u00fade\u201d, completou.<\/p>\n<p style=\"text-align: justify;\">O m\u00e9dico e vereador Dr. Rubens Campos (DC) explicou que a gripe do H1N1 \u00e9 mais grave que o coronav\u00edrus, mas a primeira j\u00e1 tem tratamento e vacina, enquanto o Covid-19 ainda est\u00e1 sendo conhecido, al\u00e9m de ser extremamente contagioso. \u201cEla se torna grave por estar infectando milh\u00f5es de pessoas no mundo, e por representar um risco grande para idosos e para aqueles que possuem alguma comorbidade \u2013 hipertens\u00e3o, doen\u00e7a card\u00edaca, pulmonar ou autoimune, diabetes e os transplantados\u201d, explicou.<\/p>\n<p style=\"text-align: justify;\">Campos demonstrou sua preocupa\u00e7\u00e3o, principalmente, com a falta de estrutura do sistema de sa\u00fade para receber os infectados. \u201cNa It\u00e1lia, j\u00e1 est\u00e3o escolhendo quem v\u00e3o deixar morrer, por falta do respirador artificial. No estado do Rio de Janeiro, os leitos de CTI j\u00e1 estavam ocupados com outras doen\u00e7as. Na nossa cidade, quantas pessoas nos procuram todos os dias pedindo leitos na rede de sa\u00fade? N\u00e3o h\u00e1 vagas no CTI do Hospital Municipal. Ent\u00e3o, tudo que pudermos fazer para prevenir, precisamos fazer\u201d, esclareceu o m\u00e9dico.<\/p>\n<p style=\"text-align: justify;\">Em aparte, Z\u00e9 Ant\u00f4nio acrescentou que \u201cse Contagem tiver um grande n\u00famero de pacientes com insufici\u00eancia respirat\u00f3ria, a cidade pode parar, pois n\u00e3o temos respiradores suficientes para os atendimentos; eles s\u00e3o caros e s\u00f3 t\u00eam em CTI, UTI e n\u00e3o tem nenhum na espera. Por isso, temos que trabalhar na preven\u00e7\u00e3o\u201d.<\/p>\n<p style=\"text-align: justify;\">Daniel do Irineu (PP) destacou que os governantes e representantes da popula\u00e7\u00e3o t\u00eam de tomar medidas para conter a transmiss\u00e3o na cidade e dar o exemplo, com a\u00e7\u00f5es de preven\u00e7\u00e3o e orienta\u00e7\u00f5es de higiene pessoal. Embora seja da oposi\u00e7\u00e3o, o parlamentar elogiou as medidas da Prefeitura, sobretudo, na suspens\u00e3o das aulas da rede municipal de ensino. Ele tamb\u00e9m se mostrou preocupado com a estrutura das unidades de sa\u00fade e pediu que a Prefeitura separe locais espec\u00edficos para atender apenas os casos de coronav\u00edrus.<\/p>\n<p style=\"text-align: justify;\">\u201cPrecisamos de medidas preventivas, de isolamento em casa, n\u00e3o apenas dos grupos de risco, mas de todos, de mudar os h\u00e1bitos de higiene, e a\u00e7\u00f5es firmes dos governos para enfrentarmos essa crise, para achatarmos a curva de contamina\u00e7\u00e3o e evitarmos problemas maiores\u201d, concluiu Daniel do Irineu.<\/p>\n","protected":false},"excerpt":{"rendered":"<p>Na plen\u00e1ria da \u00faltima semana, os vereadores de Contagem destacaram a necessidade do isolamento social, e a C\u00e2mara suspendeu suas atividades. Nesta semana, n\u00e3o haver\u00e1 reuni\u00e3o plen\u00e1ria na C\u00e2mara Municipal de Contagem. Em fun\u00e7\u00e3o das recomenda\u00e7\u00f5es das autoridades de sa\u00fade, o Legislativo suspendeu suas atividades, inicialmente, at\u00e9 a pr\u00f3xima sexta-feira (27\/03), com o objetivo de &hellip; <a href=\"https:\/\/www.cmc.mg.gov.br\/?p=16805\" class=\"more-link\">Continue lendo <span class=\"screen-reader-text\">Vereadores defendem medidas r\u00edgidas de combate ao coronav\u00edrus<\/span> <span class=\"meta-nav\">&rarr;<\/span><\/a><\/p>\n","protected":false},"author":3,"featured_media":16809,"comment_status":"open","ping_status":"open","sticky":false,"template":"","format":"standard","meta":{"_exactmetrics_skip_tracking":false,"_exactmetrics_sitenote_active":false,"_exactmetrics_sitenote_note":"","_exactmetrics_sitenote_category":0,"footnotes":""},"categories":[27],"tags":[],"class_list":["post-16805","post","type-post","status-publish","format-standard","has-post-thumbnail","hentry","category-noticias"],"_links":{"self":[{"href":"https:\/\/www.cmc.mg.gov.br\/index.php?rest_route=\/wp\/v2\/posts\/16805","targetHints":{"allow":["GET"]}}],"collection":[{"href":"https:\/\/www.cmc.mg.gov.br\/index.php?rest_route=\/wp\/v2\/posts"}],"about":[{"href":"https:\/\/www.cmc.mg.gov.br\/index.php?rest_route=\/wp\/v2\/types\/post"}],"author":[{"embeddable":true,"href":"https:\/\/www.cmc.mg.gov.br\/index.php?rest_route=\/wp\/v2\/users\/3"}],"replies":[{"embeddable":true,"href":"https:\/\/www.cmc.mg.gov.br\/index.php?rest_route=%2Fwp%2Fv2%2Fcomments&post=16805"}],"version-history":[{"count":1,"href":"https:\/\/www.cmc.mg.gov.br\/index.php?rest_route=\/wp\/v2\/posts\/16805\/revisions"}],"predecessor-version":[{"id":16807,"href":"https:\/\/www.cmc.mg.gov.br\/index.php?rest_route=\/wp\/v2\/posts\/16805\/revisions\/16807"}],"wp:featuredmedia":[{"embeddable":true,"href":"https:\/\/www.cmc.mg.gov.br\/index.php?rest_route=\/wp\/v2\/media\/16809"}],"wp:attachment":[{"href":"https:\/\/www.cmc.mg.gov.br\/index.php?rest_route=%2Fwp%2Fv2%2Fmedia&parent=16805"}],"wp:term":[{"taxonomy":"category","embeddable":true,"href":"https:\/\/www.cmc.mg.gov.br\/index.php?rest_route=%2Fwp%2Fv2%2Fcategories&post=16805"},{"taxonomy":"post_tag","embeddable":true,"href":"https:\/\/www.cmc.mg.gov.br\/index.php?rest_route=%2Fwp%2Fv2%2Ftags&post=16805"}],"curies":[{"name":"wp","href":"https:\/\/api.w.org\/{rel}","templated":true}]}}