
{"id":17139,"date":"2020-06-18T20:07:11","date_gmt":"2020-06-18T23:07:11","guid":{"rendered":"http:\/\/www.cmc.mg.gov.br\/?p=17139"},"modified":"2020-08-06T16:32:16","modified_gmt":"2020-08-06T19:32:16","slug":"pregao-presencial-no-03-2020","status":"publish","type":"post","link":"https:\/\/www.cmc.mg.gov.br\/?p=17139","title":{"rendered":"Preg\u00e3o Presencial n\u00ba 03\/2020 &#8211; instala\u00e7\u00e3o e manuten\u00e7\u00e3o de ar condicionado"},"content":{"rendered":"<p style=\"text-align: center;\">AVISO DE LICITA\u00c7\u00c3O \u2013 REMARCA\u00c7\u00c3O DE SESS\u00c3O (Publicado em 22\/07\/2020)<\/p>\n<p style=\"text-align: justify;\">C\u00e2mara Municipal de Contagem. Preg\u00e3o Presencial n\u00ba 03\/2020, Processo n\u00ba 019\/2020, torna p\u00fablico, para conhecimento dos interessados, que far\u00e1 realizar, licita\u00e7\u00e3o na modalidade Preg\u00e3o Presencial, a partir das 14h00min horas do dia 05 (cinco) de agosto de 2020, em sua sede, na Pra\u00e7a S\u00e3o Gon\u00e7alo, n\u00ba 18, tendo por objeto: contrata\u00e7\u00e3o de microempresa (ME) ou empresa de pequeno porte (EPP) ou equiparada para presta\u00e7\u00e3o de servi\u00e7os de instala\u00e7\u00e3o, manuten\u00e7\u00e3o e realoca\u00e7\u00e3o de aparelhos de ar condicionado para este legislativo municipal. O texto integral do edital (contendo todas as informa\u00e7\u00f5es sobre o certame) encontra-se \u00e0 disposi\u00e7\u00e3o dos interessados no site: http:\/\/www.cmc.mg.gov.br e pelo e-mail compras@cmc.mg.gov.br &#8211; Comiss\u00e3o Permanente de Licita\u00e7\u00e3o, telefone: (31) 3359-9200 e (31) 3359-8700, no hor\u00e1rio de 09h00min as 18h00min horas, de segunda a sexta-feira, onde poder\u00e3o ser obtidos esclarecimentos adicionais. O referido Edital \u00e9 o mesmo j\u00e1 inserido anteriormente no site da C\u00e2mara Municipal de Contagem publicado em 18\/06\/2020. \u00c9rica Pereira de Souza \u2013 Pregoeira.<\/p>\n<p>&nbsp;<\/p>\n<p style=\"text-align: center;\">AVISO DE ADIAMENTO DE SESS\u00c3O DE LICITA\u00c7\u00c3O (Publicado em 01\/07\/2020)<\/p>\n<p style=\"text-align: justify;\">C\u00e2mara Municipal de Contagem. Preg\u00e3o Presencial n\u00ba 03\/2020, Processo n\u00ba 19\/2020. A Pregoeira no uso de suas atribui\u00e7\u00f5es, devido ao avan\u00e7o\u00a0da Pandemia de COVID \u2013 19 \u00a0em Contagem \u00a0e a suspens\u00e3o do expediente presencial nessa casa legislativa , \u00a0torna p\u00fablico o ADIAMENTO SINE DIE da sess\u00e3o do Preg\u00e3o Presencial n\u00ba 03\/2020, ora agendada para dia 01\/07\/2020 as 14h00min, tendo por objeto: contrata\u00e7\u00e3o de microempresa (ME) ou empresa de pequeno porte (EPP) ou equiparada para presta\u00e7\u00e3o de servi\u00e7os de instala\u00e7\u00e3o, manuten\u00e7\u00e3o e realoca\u00e7\u00e3o de aparelhos de ar condicionado para este legislativo municipal. Informamos que a nova data da sess\u00e3o ser\u00e1 publicada posteriormente obedecendo aos procedimentos e prazos legais no site: http:\/\/www.cmc.mg.gov.br e no Di\u00e1rio Oficial de Contagem \u2013 Comiss\u00e3o Permanente de Licita\u00e7\u00e3o \u2013 todas as demais informa\u00e7\u00f5es pelo e-mail: compras@cmc.mg.gov.br. \u00c9rica Pereira de Souza \u2013 Pregoeira.<\/p>\n<p>&nbsp;<\/p>\n<p style=\"text-align: center; padding-left: 40px;\"><span style=\"font-weight: 400;\">AVISO DE LICITA\u00c7\u00c3O (Publicado em 18\/06\/2020)<\/span><\/p>\n<p><span style=\"font-weight: 400;\">C\u00e2mara Municipal de Contagem. Preg\u00e3o Presencial n\u00ba 03\/2020, Processo n\u00ba 019\/2020, torna p\u00fablico, para conhecimento dos interessados, que far\u00e1 realizar, licita\u00e7\u00e3o na modalidade Preg\u00e3o Presencial, a partir das 14h00min horas do dia 01(primeiro)<\/span> <span style=\"font-weight: 400;\">de julho de 2020, em sua sede, na Pra\u00e7a S\u00e3o Gon\u00e7alo, n\u00ba 18, tendo por objeto: contrata\u00e7\u00e3o de microempresa (ME) ou empresa de pequeno porte (EPP) ou equiparada para presta\u00e7\u00e3o de servi\u00e7os de instala\u00e7\u00e3o, manuten\u00e7\u00e3o e realoca\u00e7\u00e3o de aparelhos de ar condicionado para este legislativo municipal. O texto integral do edital (contendo todas as informa\u00e7\u00f5es sobre o certame) encontra-se \u00e0 disposi\u00e7\u00e3o dos interessados no site: http:\/\/www.cmc.mg.gov.br e pelo e-mail <\/span><a href=\"mailto:compras@cmc.mg.gov.br\"><span style=\"font-weight: 400;\">compras@cmc.mg.gov.br<\/span><\/a><span style=\"font-weight: 400;\"> &#8211; Comiss\u00e3o Permanente de Licita\u00e7\u00e3o, telefone: (31) 3359-9200 e (31) 3359-8700, no hor\u00e1rio de 09h00min as 18h00min horas, de segunda a sexta-feira, onde poder\u00e3o ser obtidos esclarecimentos adicionais. \u00c9rica Pereira de Souza \u2013 Pregoeira.<\/span><\/p>\n<ul>\n<li><a href=\"http:\/\/www.cmc.mg.gov.br\/wordpress\/wp-content\/uploads\/2020\/06\/EDITAL-PREG\u00c3O-03-2020-.pdf\">EDITAL PREG\u00c3O 03-2020<\/a> &#8211; 18\/06\/2020.<\/li>\n<li><a href=\"http:\/\/www.cmc.mg.gov.br\/wordpress\/wp-content\/uploads\/2020\/06\/RESPOSTA-IMPUG-PP-03-2020.pdf\">RESPOSTA IMPUG PP 03-2020<\/a> &#8211; 25\/06\/2020.<\/li>\n<li><a href=\"http:\/\/www.cmc.mg.gov.br\/wordpress\/wp-content\/uploads\/2020\/06\/ATA-PP-03-2020.pdf\" target=\"_blank\" rel=\"noopener noreferrer\">ATA PP 03-2020<\/a> &#8211; 06\/08\/2020.<\/li>\n<\/ul>\n<p style=\"text-align: justify;\">\n","protected":false},"excerpt":{"rendered":"<p>AVISO DE LICITA\u00c7\u00c3O \u2013 REMARCA\u00c7\u00c3O DE SESS\u00c3O (Publicado em 22\/07\/2020) C\u00e2mara Municipal de Contagem. Preg\u00e3o Presencial n\u00ba 03\/2020, Processo n\u00ba 019\/2020, torna p\u00fablico, para conhecimento dos interessados, que far\u00e1 realizar, licita\u00e7\u00e3o na modalidade Preg\u00e3o Presencial, a partir das 14h00min horas do dia 05 (cinco) de agosto de 2020, em sua sede, na Pra\u00e7a S\u00e3o Gon\u00e7alo, &hellip; <a href=\"https:\/\/www.cmc.mg.gov.br\/?p=17139\" class=\"more-link\">Continue lendo <span class=\"screen-reader-text\">Preg\u00e3o Presencial n\u00ba 03\/2020 &#8211; instala\u00e7\u00e3o e manuten\u00e7\u00e3o de ar condicionado<\/span> <span class=\"meta-nav\">&rarr;<\/span><\/a><\/p>\n","protected":false},"author":3,"featured_media":0,"comment_status":"open","ping_status":"open","sticky":false,"template":"","format":"standard","meta":{"_exactmetrics_skip_tracking":false,"_exactmetrics_sitenote_active":false,"_exactmetrics_sitenote_note":"","_exactmetrics_sitenote_category":0,"footnotes":""},"categories":[21],"tags":[],"class_list":["post-17139","post","type-post","status-publish","format-standard","hentry","category-licitacoes"],"_links":{"self":[{"href":"https:\/\/www.cmc.mg.gov.br\/index.php?rest_route=\/wp\/v2\/posts\/17139","targetHints":{"allow":["GET"]}}],"collection":[{"href":"https:\/\/www.cmc.mg.gov.br\/index.php?rest_route=\/wp\/v2\/posts"}],"about":[{"href":"https:\/\/www.cmc.mg.gov.br\/index.php?rest_route=\/wp\/v2\/types\/post"}],"author":[{"embeddable":true,"href":"https:\/\/www.cmc.mg.gov.br\/index.php?rest_route=\/wp\/v2\/users\/3"}],"replies":[{"embeddable":true,"href":"https:\/\/www.cmc.mg.gov.br\/index.php?rest_route=%2Fwp%2Fv2%2Fcomments&post=17139"}],"version-history":[{"count":8,"href":"https:\/\/www.cmc.mg.gov.br\/index.php?rest_route=\/wp\/v2\/posts\/17139\/revisions"}],"predecessor-version":[{"id":17403,"href":"https:\/\/www.cmc.mg.gov.br\/index.php?rest_route=\/wp\/v2\/posts\/17139\/revisions\/17403"}],"wp:attachment":[{"href":"https:\/\/www.cmc.mg.gov.br\/index.php?rest_route=%2Fwp%2Fv2%2Fmedia&parent=17139"}],"wp:term":[{"taxonomy":"category","embeddable":true,"href":"https:\/\/www.cmc.mg.gov.br\/index.php?rest_route=%2Fwp%2Fv2%2Fcategories&post=17139"},{"taxonomy":"post_tag","embeddable":true,"href":"https:\/\/www.cmc.mg.gov.br\/index.php?rest_route=%2Fwp%2Fv2%2Ftags&post=17139"}],"curies":[{"name":"wp","href":"https:\/\/api.w.org\/{rel}","templated":true}]}}