
{"id":18263,"date":"2021-02-24T10:37:54","date_gmt":"2021-02-24T13:37:54","guid":{"rendered":"http:\/\/www.cmc.mg.gov.br\/?p=18263"},"modified":"2021-02-24T10:37:54","modified_gmt":"2021-02-24T13:37:54","slug":"escolas-pedem-apoio-do-legislativo-para-retorno-das-aulas-presenciais","status":"publish","type":"post","link":"https:\/\/www.cmc.mg.gov.br\/?p=18263","title":{"rendered":"Escolas pedem apoio do Legislativo para retorno das aulas presenciais"},"content":{"rendered":"<p style=\"text-align: justify;\"><span style=\"font-weight: 400;\">Prestes a completar um ano sem aulas presenciais, as escolas particulares tiveram espa\u00e7o na Tribuna Livre da quarta reuni\u00e3o ordin\u00e1ria da C\u00e2mara Municipal de Contagem, realizada na manh\u00e3 desta ter\u00e7a-feira (23\/02), com a fala da presidente do Sindicato das Escolas Particulares de Minas Gerais \u2013 SINEP-MG, Zuleica Reis \u00c1vila.\u00a0<\/span><\/p>\n<p style=\"text-align: justify;\"><span style=\"font-weight: 400;\">Para Zuleica, durante a pandemia, a Educa\u00e7\u00e3o foi penalizada e deixada de lado das principais discuss\u00f5es a n\u00edvel federal, estadual e municipal. Para al\u00e9m dos preju\u00edzos financeiros das escolas particulares, cujas matr\u00edculas, segundo a presidente, reduziram em at\u00e9 60%, \u00e9 preciso debater urgentemente os preju\u00edzos estruturais, emocionais e at\u00e9 econ\u00f4micos para as fam\u00edlias e para os alunos, inclusive das escolas p\u00fablicas.<\/span><\/p>\n<p style=\"text-align: justify;\"><span style=\"font-weight: 400;\">&#8220;Aprofundamos, com o fechamento das escolas, a maior desigualdade desse pa\u00eds, entre os que podem e os que n\u00e3o podem pagar, porque, infelizmente, na rede p\u00fablica, muitos alunos n\u00e3o t\u00eam condi\u00e7\u00e3o de ter acesso a equipamentos, internet e acompanhamento da fam\u00edlia para as aulas remotas. Ent\u00e3o, meu discurso \u00e9 pela Educa\u00e7\u00e3o como um todo\u201d, disse.<\/span><\/p>\n<p style=\"text-align: justify;\"><span style=\"font-weight: 400;\">Ainda de acordo com Zuleica, a volta das aulas presenciais nas escolas p\u00fablicas e privadas de Contagem n\u00e3o pode ser condicionada \u00e0 vacina\u00e7\u00e3o, uma vez que ela se d\u00e1 de forma morosa e, mantendo o ritmo atual, pode demorar at\u00e9 tr\u00eas anos para que alcance toda a popula\u00e7\u00e3o.\u00a0<\/span><\/p>\n<p style=\"text-align: justify;\"><span style=\"font-weight: 400;\">Assim, a proposta \u00e9 que as discuss\u00f5es para o retorno das escolas sejam feitas em cima de experi\u00eancias e protocolos seguros, que dever\u00e3o permitir aulas presenciais com o maior n\u00edvel poss\u00edvel de prote\u00e7\u00e3o aos alunos e trabalhadores das institui\u00e7\u00f5es de ensino.<\/span><\/p>\n<p style=\"text-align: justify;\"><span style=\"font-weight: 400;\">\u201cTemos um grupo em que contamos com 180 especialistas de controle de infec\u00e7\u00e3o e pandemia nos orientando, al\u00e9m de mais de 1200 m\u00e9dicos no Brasil inteiro que diariamente nos remetem os \u00edndices de contamina\u00e7\u00e3o. Aqui em Contagem, j\u00e1 tivemos momentos de plena condi\u00e7\u00e3o de retorno das aulas, e n\u00e3o retornamos\u201d, questionou, defendendo a necessidade do urgente debate sobre o assunto com o Legislativo e o Executivo municipal.<\/span><\/p>\n<p style=\"text-align: justify;\"><b>Apoio dos vereadores<\/b><\/p>\n<p style=\"text-align: justify;\"><span style=\"font-weight: 400;\">V\u00e1rios parlamentares se manifestaram a favor da volta das aulas presenciais. Z\u00e9 Ant\u00f4nio do Hospital (PT) fez uma reflex\u00e3o acerca do congelamento dos gastos p\u00fablicos com Sa\u00fade e Educa\u00e7\u00e3o (Emenda Constitucional n\u00ba 95), que por si s\u00f3, segundo o parlamentar, j\u00e1 prejudica o futuro do Brasil, e os preju\u00edzos presentes e futuros resultantes da paralisa\u00e7\u00e3o das aulas.\u00a0<\/span><\/p>\n<p style=\"text-align: justify;\"><span style=\"font-weight: 400;\">Daniel Carvalho (PL) ressaltou que a C\u00e2mara foi atuante nas discuss\u00f5es sobre a reabertura segura do com\u00e9rcio e atividades n\u00e3o essenciais em Contagem, e que agora deve se empenhar nas discuss\u00f5es da volta das aulas presenciais na cidade, tanto das escolas particulares, quanto das p\u00fablicas. O parlamentar lembrou, ainda, que essa situa\u00e7\u00e3o atinge diretamente outro segmento, que \u00e9 o de propriet\u00e1rios de transporte escolar, que h\u00e1 um ano tamb\u00e9m est\u00e3o com seu meio de subsist\u00eancia seriamente comprometido.<\/span><\/p>\n<p style=\"text-align: justify;\"><span style=\"font-weight: 400;\">Os dois parlamentares que, na semana passada, foram os principais debatedores a respeito da prioriza\u00e7\u00e3o da vacina\u00e7\u00e3o para professores e trabalhadores da Educa\u00e7\u00e3o &#8211; Carlin Moura (PDT) e Pastor Itamar (PSC) &#8211; tamb\u00e9m contribu\u00edram com o debate.<\/span><\/p>\n<p style=\"text-align: justify;\"><span style=\"font-weight: 400;\">O primeiro defendeu o direito constitucional \u00e0 Educa\u00e7\u00e3o e ressaltou que, com apoio da ci\u00eancia e de protocolos r\u00edgidos, Contagem poder\u00e1 retomar as aulas em breve. \u201cAt\u00e9 mesmo porque estamos em in\u00edcio de mandato, em momento oportuno para essa discuss\u00e3o, e a prefeita Mar\u00edlia Campos, desde o primeiro dia, tem se mostrado aberta ao di\u00e1logo com todos os segmentos\u201d, ressaltou.\u00a0<\/span><\/p>\n<p style=\"text-align: justify;\"><span style=\"font-weight: 400;\">Carlin lembrou tamb\u00e9m que, al\u00e9m do retorno \u00e0s atividades presenciais, n\u00e3o se pode deixar de lado a discuss\u00e3o acerca dos incentivos fiscais e remiss\u00e3o de tributos necess\u00e1rios \u00e0s escolas particulares. \u201cElas precisam ser socorridas\u201d, finalizou.\u00a0<\/span><\/p>\n<p style=\"text-align: justify;\"><span style=\"font-weight: 400;\">Pastor Itamar, que \u00e9 o atual presidente da Comiss\u00e3o de Educa\u00e7\u00e3o da C\u00e2mara, reafirmou o compromisso da Casa com a discuss\u00e3o urgente das escolas. Segundo ele, a Comiss\u00e3o j\u00e1 tem reuni\u00f5es agendadas com outros setores, inclusive com o <\/span><span style=\"font-weight: 400;\">Sindicato \u00danico dos Trabalhadores em Educa\u00e7\u00e3o &#8211; <\/span><span style=\"font-weight: 400;\">Sind-Ute\/Contagem.\u00a0\u00a0<\/span><\/p>\n<p style=\"text-align: justify;\"><span style=\"font-weight: 400;\">A vereadora Moara Saboia (PT), em sua participa\u00e7\u00e3o no debate, contextualizou a situa\u00e7\u00e3o. Com cr\u00edticas ao governo de Jair Bolsonaro, Moara acredita que, embora os munic\u00edpios tenham autonomia para decidir a abertura das suas atividades, eles est\u00e3o prejudicados e sem amparo federal.\u00a0<\/span><\/p>\n<p style=\"text-align: justify;\"><span style=\"font-weight: 400;\">Defensora da continuidade do aux\u00edlio emergencial e da ampla vacina\u00e7\u00e3o da popula\u00e7\u00e3o, Moara se mostrou favor\u00e1vel \u00e0 abertura das escolas mas recomendou extrema cautela, dando o exemplo de S\u00e3o Paulo, que, com a volta de algumas escolas em aulas presenciais, chegou a ter um aumento de 300% nos casos de Covid-19. \u201cTenhamos muito cuidado com esse debate para que a gente n\u00e3o abra as escolas e semanas depois estejamos lamentando quantas mortes isso gerou\u201d, disse.\u00a0<\/span><\/p>\n<p style=\"text-align: justify;\"><span style=\"font-weight: 400;\">Em contraponto, Abne Motta (DC) e Hugo Vila\u00e7a (Avante) criticaram a nacionaliza\u00e7\u00e3o da discuss\u00e3o, ambos afirmando que as discuss\u00f5es sobre a Educa\u00e7\u00e3o e a reabertura das escolas s\u00e3o de responsabilidade exclusiva do Munic\u00edpio.<\/span><\/p>\n<p style=\"text-align: justify;\"><span style=\"font-weight: 400;\">Vila\u00e7a destacou que a proibi\u00e7\u00e3o das aulas presenciais e o poss\u00edvel e consequente fechamento definitivo de algumas institui\u00e7\u00f5es particulares, por problemas de ordem financeira, podem, inclusive, gerar um colapso nas escolas p\u00fablicas, que ter\u00e3o a demanda de vagas aumentadas.<\/span><\/p>\n<p style=\"text-align: justify;\"><span style=\"font-weight: 400;\">Abne, que semanas atr\u00e1s utilizou o Grande Expediente da reuni\u00e3o plen\u00e1ria para trazer o tema da retomada das aulas presenciais, contou que na \u00faltima sexta-feira (19\/02) se reuniu com cerca de 30 representantes de escolas particulares para discutir suas demandas. \u201cN\u00f3s temos bailes funks lotados, eventos culturais de rap lotados, \u00f4nibus lotados e escolas vazias, n\u00e3o podemos aceitar isso\u201d disse.\u00a0<\/span><\/p>\n<p style=\"text-align: justify;\"><b>Pr\u00f3ximos passos<\/b><\/p>\n<p style=\"text-align: justify;\"><span style=\"font-weight: 400;\">O presidente da C\u00e2mara, vereador Alex Chiodi (Solidariedade), \u00e9 autor de um projeto de lei que j\u00e1 tramita na Casa e que classifica as institui\u00e7\u00f5es de ensino como atividade essencial no munic\u00edpio, abrindo um espa\u00e7o de legisla\u00e7\u00e3o prop\u00edcio para a discuss\u00e3o da volta das aulas presenciais.<\/span><\/p>\n<p style=\"text-align: justify;\"><span style=\"font-weight: 400;\">Para Chiodi, a cidade precisa, em conjunto com as Secretarias de Educa\u00e7\u00e3o e de Sa\u00fade, Sind-Ute, Sindep, Sinpro (Sindicato dos Professores do Estado de Minas Gerais), Conselho Municipal de Educa\u00e7\u00e3o, Comiss\u00e3o de Educa\u00e7\u00e3o da C\u00e2mara e demais institui\u00e7\u00f5es interessadas, iniciar o debate imediatamente.\u00a0<\/span><\/p>\n<p style=\"text-align: justify;\"><span style=\"font-weight: 400;\">Por isso, anunciou que na pr\u00f3xima ter\u00e7a-feira (02\/03) a Tribuna Livre ser\u00e1 utilizada pelo Sind-Ute. Chiodi tamb\u00e9m orientou que a Comiss\u00e3o de Educa\u00e7\u00e3o da Casa fa\u00e7a a intermedia\u00e7\u00e3o e o convite aos diversos setores citados &#8211; os quais Daniel do Irineu (PP), representante do Legislativo no Conselho Municipal de Educa\u00e7\u00e3o, chamou de \u201cequipe multidisciplinar&#8221; &#8211; para o in\u00edcio das discuss\u00f5es na C\u00e2mara.\u00a0<\/span><\/p>\n<p style=\"text-align: justify;\"><span style=\"font-weight: 400;\">Em nome da Comiss\u00e3o de Legisla\u00e7\u00e3o, Justi\u00e7a e Reda\u00e7\u00e3o Final, da qual \u00e9 relator, Arnaldo de Oliveira (PTB) garantiu a discuss\u00e3o ampla do projeto de Chiodi. Segundo ele, independente do parecer da Procuradoria da Casa, o projeto receber\u00e1 o parecer da Comiss\u00e3o depois de devidamente discutido com os \u00f3rg\u00e3os e institui\u00e7\u00f5es envolvidas nessa quest\u00e3o.\u00a0<\/span><\/p>\n<p style=\"text-align: justify;\"><span style=\"font-weight: 400;\">Nas redes sociais, a reuni\u00e3o plen\u00e1ria desta ter\u00e7a-feira teve recorde de visualiza\u00e7\u00f5es e coment\u00e1rios. Foram mais de 4 mil manifesta\u00e7\u00f5es sobre o tema, com opini\u00f5es favor\u00e1veis e contr\u00e1rias \u00e0 reabertura das escolas.\u00a0<\/span><\/p>\n<p style=\"text-align: justify;\"><span style=\"font-weight: 400;\">\u201cExplique para crian\u00e7a do fundamental 1, que ela tem que ficar de m\u00e1scara durante 4 horas e 30 minutos, que ela n\u00e3o pode abra\u00e7ar nenhum coleguinha e que n\u00e3o pode colocar as m\u00e3os na boca e nos olhos\u201d, comentou um pai.<\/span><\/p>\n<p style=\"text-align: justify;\"><span style=\"font-weight: 400;\">\u201cEduca\u00e7\u00e3o \u00e9 essencial!! Meus filhos est\u00e3o sofrendo e n\u00f3s tamb\u00e9m. Precisamos de um retorno urgente, n\u00e3o estamos tendo ajuda, \u00e9 surreal continuar assim, um absurdo\u201d, manifestou uma m\u00e3e.<\/span><\/p>\n<p style=\"text-align: justify;\">\n","protected":false},"excerpt":{"rendered":"<p>Prestes a completar um ano sem aulas presenciais, as escolas particulares tiveram espa\u00e7o na Tribuna Livre da quarta reuni\u00e3o ordin\u00e1ria da C\u00e2mara Municipal de Contagem, realizada na manh\u00e3 desta ter\u00e7a-feira (23\/02), com a fala da presidente do Sindicato das Escolas Particulares de Minas Gerais \u2013 SINEP-MG, Zuleica Reis \u00c1vila.\u00a0 Para Zuleica, durante a pandemia, a &hellip; <a href=\"https:\/\/www.cmc.mg.gov.br\/?p=18263\" class=\"more-link\">Continue lendo <span class=\"screen-reader-text\">Escolas pedem apoio do Legislativo para retorno das aulas presenciais<\/span> <span class=\"meta-nav\">&rarr;<\/span><\/a><\/p>\n","protected":false},"author":2,"featured_media":18268,"comment_status":"open","ping_status":"open","sticky":false,"template":"","format":"standard","meta":{"_exactmetrics_skip_tracking":false,"_exactmetrics_sitenote_active":false,"_exactmetrics_sitenote_note":"","_exactmetrics_sitenote_category":0,"footnotes":""},"categories":[8,27,10],"tags":[],"class_list":["post-18263","post","type-post","status-publish","format-standard","has-post-thumbnail","hentry","category-camara","category-noticias","category-tribuna-livre"],"_links":{"self":[{"href":"https:\/\/www.cmc.mg.gov.br\/index.php?rest_route=\/wp\/v2\/posts\/18263","targetHints":{"allow":["GET"]}}],"collection":[{"href":"https:\/\/www.cmc.mg.gov.br\/index.php?rest_route=\/wp\/v2\/posts"}],"about":[{"href":"https:\/\/www.cmc.mg.gov.br\/index.php?rest_route=\/wp\/v2\/types\/post"}],"author":[{"embeddable":true,"href":"https:\/\/www.cmc.mg.gov.br\/index.php?rest_route=\/wp\/v2\/users\/2"}],"replies":[{"embeddable":true,"href":"https:\/\/www.cmc.mg.gov.br\/index.php?rest_route=%2Fwp%2Fv2%2Fcomments&post=18263"}],"version-history":[{"count":3,"href":"https:\/\/www.cmc.mg.gov.br\/index.php?rest_route=\/wp\/v2\/posts\/18263\/revisions"}],"predecessor-version":[{"id":18267,"href":"https:\/\/www.cmc.mg.gov.br\/index.php?rest_route=\/wp\/v2\/posts\/18263\/revisions\/18267"}],"wp:featuredmedia":[{"embeddable":true,"href":"https:\/\/www.cmc.mg.gov.br\/index.php?rest_route=\/wp\/v2\/media\/18268"}],"wp:attachment":[{"href":"https:\/\/www.cmc.mg.gov.br\/index.php?rest_route=%2Fwp%2Fv2%2Fmedia&parent=18263"}],"wp:term":[{"taxonomy":"category","embeddable":true,"href":"https:\/\/www.cmc.mg.gov.br\/index.php?rest_route=%2Fwp%2Fv2%2Fcategories&post=18263"},{"taxonomy":"post_tag","embeddable":true,"href":"https:\/\/www.cmc.mg.gov.br\/index.php?rest_route=%2Fwp%2Fv2%2Ftags&post=18263"}],"curies":[{"name":"wp","href":"https:\/\/api.w.org\/{rel}","templated":true}]}}