
{"id":18299,"date":"2021-03-02T19:12:35","date_gmt":"2021-03-02T22:12:35","guid":{"rendered":"http:\/\/www.cmc.mg.gov.br\/?p=18299"},"modified":"2021-03-02T19:22:31","modified_gmt":"2021-03-02T22:22:31","slug":"rede-publica-de-educacao-discorda-da-volta-as-aulas-presenciais-em-contagem","status":"publish","type":"post","link":"https:\/\/www.cmc.mg.gov.br\/?p=18299","title":{"rendered":"Rede p\u00fablica de Educa\u00e7\u00e3o discorda da volta \u00e0s aulas presenciais em Contagem"},"content":{"rendered":"<p><em>*Foto Leandro Perch\u00e9<\/em><\/p>\n<p style=\"text-align: justify;\"><span style=\"font-weight: 400;\">\u201cNingu\u00e9m est\u00e1 seguro at\u00e9 que todos estejam seguros\u201d. Com esta frase de <\/span><span style=\"font-weight: 400;\">Ibrahim Kalin, a representante do Sindicato \u00danico dos Trabalhadores em Educa\u00e7\u00e3o de Minas Gerais (Sind-Ute), <\/span><span style=\"font-weight: 400;\">Patr\u00edcia Pereira, encerrou sua participa\u00e7\u00e3o na Tribuna Livre desta semana na plen\u00e1ria da C\u00e2mara Municipal de Contagem realizada nesta ter\u00e7a-feira (02\/03).<\/span><\/p>\n<p style=\"text-align: justify;\"><span style=\"font-weight: 400;\">A fala de Patr\u00edcia, que tamb\u00e9m \u00e9 vice-presidente do Conselho Municipal de Educa\u00e7\u00e3o, acontece uma semana depois do <a href=\"http:\/\/www.cmc.mg.gov.br\/?p=18263\" target=\"_blank\" rel=\"noopener noreferrer\">discurso do Sindicato das Escolas Particulares de Minas Gerais \u2013 Sinep MG<\/a>, tamb\u00e9m no plen\u00e1rio do Legislativo, no qual o retorno das atividades escolares presenciais foi defendido.\u00a0<\/span><span style=\"font-weight: 400;\">Em discord\u00e2ncia com o pedido de urgente retorno \u00e0s aulas presenciais, o Sind-Ute se posiciona contra a ideia, defendendo que, antes disso, a vacina\u00e7\u00e3o de alunos, professores e servidores da Educa\u00e7\u00e3o seja feita de forma massiva.<\/span><\/p>\n<p style=\"text-align: justify;\"><span style=\"font-weight: 400;\">Para justificar, Patr\u00edcia fez um breve panorama da pandemia no Brasil, que j\u00e1 soma quase 246 mil mortes no pa\u00eds e que tem, agora, uma variante, denominada P1, com muta\u00e7\u00f5es que tornam o coronav\u00edrus mais contagioso e tamb\u00e9m mais resistente a anticorpos.<\/span><\/p>\n<p style=\"text-align: justify;\"><span style=\"font-weight: 400;\">Al\u00e9m disso, Patr\u00edcia apresentou os n\u00fameros preocupantes da transmiss\u00e3o em Contagem, que na \u00faltima semana apresentou piora nos indicadores como ocupa\u00e7\u00e3o de UTI e taxa de transmissibilidade. <\/span><span style=\"font-weight: 400;\">Segundo a sindicalista, a pandemia escancarou a situa\u00e7\u00e3o de vulnerabilidade de jovens e crian\u00e7as, principalmente daqueles que dependem da escola como rede de prote\u00e7\u00e3o, amparo, socializa\u00e7\u00e3o e at\u00e9 mesmo local de alimenta\u00e7\u00e3o.\u00a0<\/span><\/p>\n<p style=\"text-align: justify;\"><span style=\"font-weight: 400;\">Por\u00e9m, destacou que essas mesmas crian\u00e7as e jovens, muitos assintom\u00e1ticos, s\u00e3o propagadores do v\u00edrus e, mais recentemente, passaram a ser alvos de estudos, uma vez que a infec\u00e7\u00e3o pela Covid-19 pode estar relacionada ao aparecimento de s\u00edndromes raras neste p\u00fablico.\u00a0<\/span><\/p>\n<p style=\"text-align: justify;\"><span style=\"font-weight: 400;\">\u201cAcreditamos, no entanto, que n\u00e3o sairemos dessa situa\u00e7\u00e3o sem medidas p\u00fablicas robustas, que neste momento ainda n\u00e3o existem nas esferas Federal, Estadual e que queremos ver aqui em Contagem\u201d, disse, deixando um questionamento para os parlamentares: \u201cH\u00e1 condi\u00e7\u00f5es sanit\u00e1rias, de sa\u00fade coletiva e de seguran\u00e7a do trabalho que permitam o retorno presencial neste momento?\u201d<\/span><\/p>\n<p style=\"text-align: justify;\"><b>Resposta do Legislativo<\/b><\/p>\n<p style=\"text-align: justify;\"><span style=\"font-weight: 400;\">O vereador Carlin Moura (PDT) falou sobre as <a href=\"http:\/\/www.cmc.mg.gov.br\/?p=18292\" target=\"_blank\" rel=\"noopener noreferrer\">reuni\u00f5es acontecidas na tarde desta segunda-feira<\/a> (01\/03), envolvendo a Comiss\u00e3o Externa de Educa\u00e7\u00e3o da Casa, da qual \u00e9 o relator, o Sind-Ute e a Secretaria Municipal de Educa\u00e7\u00e3o. No encontro, segundo Carlin, foi poss\u00edvel entender melhor a situa\u00e7\u00e3o sob a \u00f3tica dos trabalhadores da Educa\u00e7\u00e3o da rede p\u00fablica.\u00a0 \u201cNingu\u00e9m \u00e9 contra o retorno das aulas, mas a quest\u00e3o \u00e9: qual o momento e em quais condi\u00e7\u00f5es isso deve acontecer? \u00c9 sobre isso que devemos nos debru\u00e7ar\u201d, disse.\u00a0\u00a0<\/span><\/p>\n<p style=\"text-align: justify;\"><span style=\"font-weight: 400;\">Da mesma forma, Moara Saboia (PT), que assim como seu companheiro de partido, Z\u00e9 Ant\u00f4nio do Hospital, nesta semana voltou a criticar o Governo Federal e a forma como ele tem conduzido o combate \u00e0 Covid-19, concluiu que o ponto crucial do debate \u00e9 quando e como a Prefeitura de Contagem vai conseguir vacinar o maior n\u00famero de pessoas no menor tempo poss\u00edvel.<\/span><\/p>\n<p style=\"text-align: justify;\"><span style=\"font-weight: 400;\">\u201cAntes de vereador, sou pai de fam\u00edlia e acho que n\u00e3o \u00e9 prudente o retorno das aulas. Claro que a economia e a sa\u00fade devem estar sempre dialogando, mas temos que ser respons\u00e1veis, porque a vida vale muito\u201d, acrescentou o vereador Denilson da Juc (PSL), refor\u00e7ando a ideia de que a volta das escolas presenciais deve ser condicionada \u00e0 vacina\u00e7\u00e3o.<\/span><\/p>\n<p style=\"text-align: justify;\"><b>PL em tramita\u00e7\u00e3o<\/b><\/p>\n<p style=\"text-align: justify;\"><span style=\"font-weight: 400;\">Os debates a respeito da volta das aulas presenciais no Legislativo come\u00e7aram h\u00e1 algumas semanas, depois que o presidente da Casa, vereador Alex Chiodi (Solidariedade), apresentou um projeto de lei &#8211; PL 024\/2021 &#8211; que inclui as atividades educacionais na lista dos servi\u00e7os essenciais do munic\u00edpio.<\/span><\/p>\n<p style=\"text-align: justify;\"><span style=\"font-weight: 400;\">Em concord\u00e2ncia com os argumentos do Sind-Ute, Alex explicou que o PL, que deve receber emendas parlamentares, n\u00e3o tem a prerrogativa de, por si s\u00f3, autorizar o retorno das aulas presenciais na cidade, \u201cdesconsiderando o momento, os \u00edndices e as determina\u00e7\u00f5es dos \u00f3rg\u00e3os sanit\u00e1rios\u201d.\u00a0<\/span><\/p>\n<p style=\"text-align: justify;\"><span style=\"font-weight: 400;\">Por\u00e9m, a tramita\u00e7\u00e3o do projeto de lei trouxe \u00e0 tona, intencionalmente, as discuss\u00f5es a respeito do tema, que pareciam inertes, segundo a avalia\u00e7\u00e3o do presidente. Al\u00e9m disso, Chiodi disse querer, ainda, levantar as demais quest\u00f5es que envolvem as mais diversas faces da Educa\u00e7\u00e3o na cidade.\u00a0<\/span><\/p>\n<p style=\"text-align: justify;\"><span style=\"font-weight: 400;\">\u201cCertamente, o debate que se faz acerca das escolas p\u00fablicas \u00e9 diferente daquele das escolas particulares, com seus impostos, tributos, folhas de pagamento. \u00c9 preciso fazer uma discuss\u00e3o ampla nesta Casa\u201d, justificou, \u201ce convido a todos que continuem debatendo o tema Educa\u00e7\u00e3o, para al\u00e9m da quest\u00e3o pontual da volta \u00e0s aulas presenciais\u201d.\u00a0\u00a0\u00a0\u00a0\u00a0\u00a0<\/span><\/p>\n<p style=\"text-align: justify;\"><span style=\"font-weight: 400;\">Arnaldo de Oliveira (PTB), relator da Comiss\u00e3o de Constitui\u00e7\u00e3o, Justi\u00e7a e Reda\u00e7\u00e3o Final, assim como na semana passada, voltou a garantir que o PL de Chiodi n\u00e3o ser\u00e1 votado sem ampla discuss\u00e3o com todas as entidades ligadas \u00e0 Educa\u00e7\u00e3o e \u00e0 Sa\u00fade.\u00a0<\/span><\/p>\n<p style=\"text-align: justify;\"><b>Outras pautas<\/b><\/p>\n<p style=\"text-align: justify;\"><span style=\"font-weight: 400;\">Patricia Pereira finalizou sua participa\u00e7\u00e3o na Tribuna Livre refor\u00e7ando que a categoria tem uma pauta de reivindica\u00e7\u00f5es que v\u00e3o al\u00e9m dos temas que envolvem a pandemia. As quest\u00f5es, lan\u00e7adas em um \u00fanico documento, foram protocoladas em cada um dos gabinetes da C\u00e2mara e no Executivo Por fim, o Sindicato pediu a intermedia\u00e7\u00e3o do Legislativo nas negocia\u00e7\u00f5es com a Prefeitura de Contagem.\u00a0<\/span><\/p>\n<p style=\"text-align: justify;\">\n","protected":false},"excerpt":{"rendered":"<p>*Foto Leandro Perch\u00e9 \u201cNingu\u00e9m est\u00e1 seguro at\u00e9 que todos estejam seguros\u201d. Com esta frase de Ibrahim Kalin, a representante do Sindicato \u00danico dos Trabalhadores em Educa\u00e7\u00e3o de Minas Gerais (Sind-Ute), Patr\u00edcia Pereira, encerrou sua participa\u00e7\u00e3o na Tribuna Livre desta semana na plen\u00e1ria da C\u00e2mara Municipal de Contagem realizada nesta ter\u00e7a-feira (02\/03). A fala de Patr\u00edcia, &hellip; <a href=\"https:\/\/www.cmc.mg.gov.br\/?p=18299\" class=\"more-link\">Continue lendo <span class=\"screen-reader-text\">Rede p\u00fablica de Educa\u00e7\u00e3o discorda da volta \u00e0s aulas presenciais em Contagem<\/span> <span class=\"meta-nav\">&rarr;<\/span><\/a><\/p>\n","protected":false},"author":2,"featured_media":18300,"comment_status":"open","ping_status":"open","sticky":false,"template":"","format":"standard","meta":{"_exactmetrics_skip_tracking":false,"_exactmetrics_sitenote_active":false,"_exactmetrics_sitenote_note":"","_exactmetrics_sitenote_category":0,"footnotes":""},"categories":[8,15,27,18,10],"tags":[],"class_list":["post-18299","post","type-post","status-publish","format-standard","has-post-thumbnail","hentry","category-camara","category-comissoes","category-noticias","category-plenario","category-tribuna-livre"],"_links":{"self":[{"href":"https:\/\/www.cmc.mg.gov.br\/index.php?rest_route=\/wp\/v2\/posts\/18299","targetHints":{"allow":["GET"]}}],"collection":[{"href":"https:\/\/www.cmc.mg.gov.br\/index.php?rest_route=\/wp\/v2\/posts"}],"about":[{"href":"https:\/\/www.cmc.mg.gov.br\/index.php?rest_route=\/wp\/v2\/types\/post"}],"author":[{"embeddable":true,"href":"https:\/\/www.cmc.mg.gov.br\/index.php?rest_route=\/wp\/v2\/users\/2"}],"replies":[{"embeddable":true,"href":"https:\/\/www.cmc.mg.gov.br\/index.php?rest_route=%2Fwp%2Fv2%2Fcomments&post=18299"}],"version-history":[{"count":2,"href":"https:\/\/www.cmc.mg.gov.br\/index.php?rest_route=\/wp\/v2\/posts\/18299\/revisions"}],"predecessor-version":[{"id":18302,"href":"https:\/\/www.cmc.mg.gov.br\/index.php?rest_route=\/wp\/v2\/posts\/18299\/revisions\/18302"}],"wp:featuredmedia":[{"embeddable":true,"href":"https:\/\/www.cmc.mg.gov.br\/index.php?rest_route=\/wp\/v2\/media\/18300"}],"wp:attachment":[{"href":"https:\/\/www.cmc.mg.gov.br\/index.php?rest_route=%2Fwp%2Fv2%2Fmedia&parent=18299"}],"wp:term":[{"taxonomy":"category","embeddable":true,"href":"https:\/\/www.cmc.mg.gov.br\/index.php?rest_route=%2Fwp%2Fv2%2Fcategories&post=18299"},{"taxonomy":"post_tag","embeddable":true,"href":"https:\/\/www.cmc.mg.gov.br\/index.php?rest_route=%2Fwp%2Fv2%2Ftags&post=18299"}],"curies":[{"name":"wp","href":"https:\/\/api.w.org\/{rel}","templated":true}]}}