
{"id":18688,"date":"2021-05-03T18:30:30","date_gmt":"2021-05-03T21:30:30","guid":{"rendered":"http:\/\/www.cmc.mg.gov.br\/?p=18688"},"modified":"2021-05-03T18:34:10","modified_gmt":"2021-05-03T21:34:10","slug":"exposicao-autismo-na-visao-paterna-marca-retomada-do-cultura-na-camara","status":"publish","type":"post","link":"https:\/\/www.cmc.mg.gov.br\/?p=18688","title":{"rendered":"Exposi\u00e7\u00e3o \u201cAutismo na vis\u00e3o paterna\u201d marca retomada do Cultura na C\u00e2mara"},"content":{"rendered":"<p style=\"text-align: justify;\">O projeto Cultura na C\u00e2mara recebe, a partir desta ter\u00e7a-feira (04\/05), a exposi\u00e7\u00e3o fotogr\u00e1fica \u201cAutismo na vis\u00e3o paterna\u201d, realizada pelo Amais (Grupo de Apoio a Autistas, Pais e Familiares de Contagem). Composta por imagens da fot\u00f3grafa Tha\u00eds Pereira, que \u00e9 m\u00e3e de uma crian\u00e7a com autismo, ela retrata a rela\u00e7\u00e3o de pessoas com esse transtorno de desenvolvimento e seus pais.<\/p>\n<p style=\"text-align: justify;\">A iniciativa fez parte das atividades do Abril Azul &#8211; m\u00eas de conscientiza\u00e7\u00e3o do autismo \u2013 j\u00e1 tendo sido exposta no Centro Especializado em Reabilita\u00e7\u00e3o Ant\u00f4nio de Oliveira (CER IV) e na Prefeitura de Contagem. A exposi\u00e7\u00e3o chega \u00e0 sede do Legislativo apenas em maio, devido \u00e0 suspens\u00e3o das atividades na C\u00e2mara no m\u00eas anterior, como medida de preven\u00e7\u00e3o \u00e0 Covid-19; e segue medidas e protocolos de seguran\u00e7a, inclusive com restri\u00e7\u00e3o de p\u00fablico.<\/p>\n<p style=\"text-align: justify;\">De acordo com a fot\u00f3grafa respons\u00e1vel, \u201ca exposi\u00e7\u00e3o est\u00e1 abrindo caminhos e portas para muitas pessoas conhecerem melhor o autismo e para desmistificar muita coisa em rela\u00e7\u00e3o ao transtorno. Al\u00e9m disso, n\u00f3s quisemos mostrar, para os pais de pessoas com autismo, o valor e a import\u00e2ncia de participar do dia a dia dos filhos, acompanhando-os nas terapias, na escola e outras atividades\u201d.<\/p>\n<p style=\"text-align: justify;\">Para Josy Silva, uma das fundadoras do Amais, as a\u00e7\u00f5es relacionadas ao autismo n\u00e3o deveriam ficar restritas ao m\u00eas de abril. \u201c\u00c9 importante aproveitar toda a oportunidade de conscientizar e mostrar para a popula\u00e7\u00e3o de Contagem e para os vereadores a necessidade de mais cuidados e pol\u00edticas p\u00fablicas que melhorem a vida das pessoas com defici\u00eancia, inclusive os autistas. Eles precisam ser respeitados em suas limita\u00e7\u00f5es e diferen\u00e7as\u201d, destacou.<\/p>\n<p style=\"text-align: justify;\"><strong>Servi\u00e7o<\/strong><\/p>\n<p style=\"text-align: justify;\">Exposi\u00e7\u00e3o: Autismo na vis\u00e3o paterna<br \/>\nPer\u00edodo: 04 a 31 de maio (segunda a sexta, das 09h \u00e0s 18h)<br \/>\nLocal: Hall da C\u00e2mara Municipal de Contagem<br \/>\nEntrada: Sujeita \u00e0 restri\u00e7\u00e3o de p\u00fablico conforme a <a href=\"http:\/\/www.cmc.mg.gov.br\/?p=18612\" target=\"_blank\" rel=\"noopener noreferrer\">Portaria 020\/2021<\/a>.<\/p>\n","protected":false},"excerpt":{"rendered":"<p>O projeto Cultura na C\u00e2mara recebe, a partir desta ter\u00e7a-feira (04\/05), a exposi\u00e7\u00e3o fotogr\u00e1fica \u201cAutismo na vis\u00e3o paterna\u201d, realizada pelo Amais (Grupo de Apoio a Autistas, Pais e Familiares de Contagem). Composta por imagens da fot\u00f3grafa Tha\u00eds Pereira, que \u00e9 m\u00e3e de uma crian\u00e7a com autismo, ela retrata a rela\u00e7\u00e3o de pessoas com esse transtorno &hellip; <a href=\"https:\/\/www.cmc.mg.gov.br\/?p=18688\" class=\"more-link\">Continue lendo <span class=\"screen-reader-text\">Exposi\u00e7\u00e3o \u201cAutismo na vis\u00e3o paterna\u201d marca retomada do Cultura na C\u00e2mara<\/span> <span class=\"meta-nav\">&rarr;<\/span><\/a><\/p>\n","protected":false},"author":3,"featured_media":18689,"comment_status":"open","ping_status":"open","sticky":false,"template":"","format":"standard","meta":{"_exactmetrics_skip_tracking":false,"_exactmetrics_sitenote_active":false,"_exactmetrics_sitenote_note":"","_exactmetrics_sitenote_category":0,"footnotes":""},"categories":[27],"tags":[],"class_list":["post-18688","post","type-post","status-publish","format-standard","has-post-thumbnail","hentry","category-noticias"],"_links":{"self":[{"href":"https:\/\/www.cmc.mg.gov.br\/index.php?rest_route=\/wp\/v2\/posts\/18688","targetHints":{"allow":["GET"]}}],"collection":[{"href":"https:\/\/www.cmc.mg.gov.br\/index.php?rest_route=\/wp\/v2\/posts"}],"about":[{"href":"https:\/\/www.cmc.mg.gov.br\/index.php?rest_route=\/wp\/v2\/types\/post"}],"author":[{"embeddable":true,"href":"https:\/\/www.cmc.mg.gov.br\/index.php?rest_route=\/wp\/v2\/users\/3"}],"replies":[{"embeddable":true,"href":"https:\/\/www.cmc.mg.gov.br\/index.php?rest_route=%2Fwp%2Fv2%2Fcomments&post=18688"}],"version-history":[{"count":3,"href":"https:\/\/www.cmc.mg.gov.br\/index.php?rest_route=\/wp\/v2\/posts\/18688\/revisions"}],"predecessor-version":[{"id":18692,"href":"https:\/\/www.cmc.mg.gov.br\/index.php?rest_route=\/wp\/v2\/posts\/18688\/revisions\/18692"}],"wp:featuredmedia":[{"embeddable":true,"href":"https:\/\/www.cmc.mg.gov.br\/index.php?rest_route=\/wp\/v2\/media\/18689"}],"wp:attachment":[{"href":"https:\/\/www.cmc.mg.gov.br\/index.php?rest_route=%2Fwp%2Fv2%2Fmedia&parent=18688"}],"wp:term":[{"taxonomy":"category","embeddable":true,"href":"https:\/\/www.cmc.mg.gov.br\/index.php?rest_route=%2Fwp%2Fv2%2Fcategories&post=18688"},{"taxonomy":"post_tag","embeddable":true,"href":"https:\/\/www.cmc.mg.gov.br\/index.php?rest_route=%2Fwp%2Fv2%2Ftags&post=18688"}],"curies":[{"name":"wp","href":"https:\/\/api.w.org\/{rel}","templated":true}]}}