
{"id":19102,"date":"2021-07-07T18:33:28","date_gmt":"2021-07-07T21:33:28","guid":{"rendered":"http:\/\/www.cmc.mg.gov.br\/?p=19102"},"modified":"2021-07-07T18:33:28","modified_gmt":"2021-07-07T21:33:28","slug":"camara-autoriza-repasse-de-recursos-para-a-intervencao-na-saude","status":"publish","type":"post","link":"https:\/\/www.cmc.mg.gov.br\/?p=19102","title":{"rendered":"C\u00e2mara autoriza repasse de recursos para a interven\u00e7\u00e3o na Sa\u00fade"},"content":{"rendered":"<p><em>*Foto Janine Moraes\/PMC<\/em><\/p>\n<p style=\"text-align: justify;\"><span style=\"font-weight: 400;\">Os vereadores aprovaram, na \u00faltima reuni\u00e3o ordin\u00e1ria, realizada na manh\u00e3 desta ter\u00e7a-feira (06\/07), um projeto de lei da Prefeitura de Contagem que visa a dar mais um passo na regulariza\u00e7\u00e3o e manuten\u00e7\u00e3o dos servi\u00e7os de sa\u00fade da cidade.<\/span><\/p>\n<p style=\"text-align: justify;\"><span style=\"font-weight: 400;\">Trata-se do PL 018\/2021, que \u201cautoriza o Poder Executivo Municipal a subvencionar, mediante conv\u00eanio, recursos ao Instituto de Gest\u00e3o e Humaniza\u00e7\u00e3o (IGH) no \u00e2mbito da interven\u00e7\u00e3o municipal do Decreto n\u00ba 176\/2021\u201d.<\/span><\/p>\n<p style=\"text-align: justify;\"><span style=\"font-weight: 400;\">Com o PL aprovado em dois turnos na C\u00e2mara, a Prefeitura fica autorizada a fazer um repasse de at\u00e9 R$15 milh\u00f5es para suplementar os recursos necess\u00e1rios \u00e0 garantia da continuidade na presta\u00e7\u00e3o de servi\u00e7os na \u00e1rea da sa\u00fade, especialmente nas cinco Unidades de Pronto Atendimento (Upas), no Hospital Municipal e no Centro Materno-Infantil de Contagem, unidades antes gerenciadas pelo IGH at\u00e9 a <a href=\"http:\/\/www.contagem.mg.gov.br\/novoportal\/prefeitura-de-contagem-decreta-intervencao-em-gestao-da-saude-no-municipio\/\" target=\"_blank\" rel=\"noopener noreferrer\">interven\u00e7\u00e3o do Executivo, anunciada no \u00faltimo dia 09.<\/a>\u00a0<\/span><\/p>\n<p style=\"text-align: justify;\"><span style=\"font-weight: 400;\">Com este repasse, a Prefeitura espera concluir o pagamento atrasado de fornecedores e prestadores de servi\u00e7os diretos e indiretos, o que j\u00e1 vinha refletindo diretamente no atendimento ao p\u00fablico contagense nessas unidades de sa\u00fade.\u00a0<\/span><\/p>\n<p style=\"text-align: justify;\"><span style=\"font-weight: 400;\">O texto do projeto de lei deixa claro, tamb\u00e9m, que este valor n\u00e3o se trata de nenhum tipo de aditivo ou repactua\u00e7\u00e3o ao contrato pactuado com o IGH, que termina em novembro deste ano. Da mesma forma, o aporte de recursos n\u00e3o isenta o Instituto da apura\u00e7\u00e3o de eventuais irregularidades na sua gest\u00e3o.\u00a0<\/span><\/p>\n<p style=\"text-align: justify;\"><b>Interven\u00e7\u00e3o na Sa\u00fade<\/b><\/p>\n<p style=\"text-align: justify;\"><span style=\"font-weight: 400;\">Ap\u00f3s muitas cobran\u00e7as, reuni\u00f5es e a\u00e7\u00f5es da C\u00e2mara Municipal de Contagem, a Prefeitura anunciou, no dia 09 de junho, uma interven\u00e7\u00e3o no sistema de gest\u00e3o compartilhada da sa\u00fade realizada pelo Instituto de Gest\u00e3o e Humaniza\u00e7\u00e3o (IGH). A Organiza\u00e7\u00e3o Social \u00e9 respons\u00e1vel, desde 2018, pela administra\u00e7\u00e3o do Hospital Municipal, do Centro Materno Infantil e das cinco Unidades de Pronto Atendimento (UPA) do munic\u00edpio.<\/span><\/p>\n<p style=\"text-align: justify;\"><span style=\"font-weight: 400;\">Desde o in\u00edcio da atua\u00e7\u00e3o da IGH em Contagem, os vereadores v\u00eam recebendo uma s\u00e9rie de reclama\u00e7\u00f5es de profissionais de sa\u00fade e usu\u00e1rios em rela\u00e7\u00e3o \u00e0 gest\u00e3o e ao atendimento nos equipamentos de sa\u00fade. Entre os problemas apontados, est\u00e3o o atraso no pagamento de m\u00e9dicos e fornecedores, assist\u00eancia prec\u00e1ria aos pacientes, falta de limpeza nas unidades, falta de medicamentos e insumos, aus\u00eancia de profissionais especializados, entre outros.<\/span><\/p>\n<p style=\"text-align: justify;\"><span style=\"font-weight: 400;\">A partir das quest\u00f5es tratadas pelo Legislativo, das irregularidades apontadas pela Controladoria Geral da Uni\u00e3o e pela Controladoria Geral do Munic\u00edpio, e dos riscos de interrup\u00e7\u00e3o do atendimento apurados pelo Executivo, a Prefeitura de Contagem publicou o <a href=\"http:\/\/www.contagem.mg.gov.br\/?legislacao=513766\" target=\"_blank\" rel=\"noopener noreferrer\">Decreto 176<\/a>, que trata da interven\u00e7\u00e3o na gest\u00e3o da sa\u00fade, \u201ccom vistas \u00e0 preserva\u00e7\u00e3o e continuidade dos servi\u00e7os essenciais de assist\u00eancia m\u00e9dico-hospitalar, ambulatorial e pronto atendimento\u201d.<\/span><\/p>\n<p style=\"text-align: justify;\"><span style=\"font-weight: 400;\">Com isso, a gest\u00e3o das unidades ser\u00e1 de uma equipe designada pelo Executivo, liderada pelo ex-secret\u00e1rio de Sa\u00fade, Eduardo Penna, por um per\u00edodo de at\u00e9 seis meses.\u00a0<\/span><\/p>\n","protected":false},"excerpt":{"rendered":"<p>*Foto Janine Moraes\/PMC Os vereadores aprovaram, na \u00faltima reuni\u00e3o ordin\u00e1ria, realizada na manh\u00e3 desta ter\u00e7a-feira (06\/07), um projeto de lei da Prefeitura de Contagem que visa a dar mais um passo na regulariza\u00e7\u00e3o e manuten\u00e7\u00e3o dos servi\u00e7os de sa\u00fade da cidade. Trata-se do PL 018\/2021, que \u201cautoriza o Poder Executivo Municipal a subvencionar, mediante conv\u00eanio, &hellip; <a href=\"https:\/\/www.cmc.mg.gov.br\/?p=19102\" class=\"more-link\">Continue lendo <span class=\"screen-reader-text\">C\u00e2mara autoriza repasse de recursos para a interven\u00e7\u00e3o na Sa\u00fade<\/span> <span class=\"meta-nav\">&rarr;<\/span><\/a><\/p>\n","protected":false},"author":2,"featured_media":19103,"comment_status":"open","ping_status":"open","sticky":false,"template":"","format":"standard","meta":{"_exactmetrics_skip_tracking":false,"_exactmetrics_sitenote_active":false,"_exactmetrics_sitenote_note":"","_exactmetrics_sitenote_category":0,"footnotes":""},"categories":[8,27],"tags":[],"class_list":["post-19102","post","type-post","status-publish","format-standard","has-post-thumbnail","hentry","category-camara","category-noticias"],"_links":{"self":[{"href":"https:\/\/www.cmc.mg.gov.br\/index.php?rest_route=\/wp\/v2\/posts\/19102","targetHints":{"allow":["GET"]}}],"collection":[{"href":"https:\/\/www.cmc.mg.gov.br\/index.php?rest_route=\/wp\/v2\/posts"}],"about":[{"href":"https:\/\/www.cmc.mg.gov.br\/index.php?rest_route=\/wp\/v2\/types\/post"}],"author":[{"embeddable":true,"href":"https:\/\/www.cmc.mg.gov.br\/index.php?rest_route=\/wp\/v2\/users\/2"}],"replies":[{"embeddable":true,"href":"https:\/\/www.cmc.mg.gov.br\/index.php?rest_route=%2Fwp%2Fv2%2Fcomments&post=19102"}],"version-history":[{"count":1,"href":"https:\/\/www.cmc.mg.gov.br\/index.php?rest_route=\/wp\/v2\/posts\/19102\/revisions"}],"predecessor-version":[{"id":19104,"href":"https:\/\/www.cmc.mg.gov.br\/index.php?rest_route=\/wp\/v2\/posts\/19102\/revisions\/19104"}],"wp:featuredmedia":[{"embeddable":true,"href":"https:\/\/www.cmc.mg.gov.br\/index.php?rest_route=\/wp\/v2\/media\/19103"}],"wp:attachment":[{"href":"https:\/\/www.cmc.mg.gov.br\/index.php?rest_route=%2Fwp%2Fv2%2Fmedia&parent=19102"}],"wp:term":[{"taxonomy":"category","embeddable":true,"href":"https:\/\/www.cmc.mg.gov.br\/index.php?rest_route=%2Fwp%2Fv2%2Fcategories&post=19102"},{"taxonomy":"post_tag","embeddable":true,"href":"https:\/\/www.cmc.mg.gov.br\/index.php?rest_route=%2Fwp%2Fv2%2Ftags&post=19102"}],"curies":[{"name":"wp","href":"https:\/\/api.w.org\/{rel}","templated":true}]}}