
{"id":19357,"date":"2021-08-17T18:37:52","date_gmt":"2021-08-17T21:37:52","guid":{"rendered":"http:\/\/www.cmc.mg.gov.br\/?p=19357"},"modified":"2021-08-17T18:48:29","modified_gmt":"2021-08-17T21:48:29","slug":"legislativo-de-contagem-avanca-nas-politicas-de-defesa-dos-animais","status":"publish","type":"post","link":"https:\/\/www.cmc.mg.gov.br\/?p=19357","title":{"rendered":"Legislativo de Contagem avan\u00e7a nas pol\u00edticas de defesa dos animais"},"content":{"rendered":"<p style=\"text-align: justify;\">A pauta do direito dos animais tomou conta da plen\u00e1ria desta semana na C\u00e2mara Municipal de Contagem. Os vereadores aprovaram, nesta ter\u00e7a-feira (17\/08), dois projetos de lei que representam avan\u00e7os nas pol\u00edticas de defesa dos animais; al\u00e9m de a reuni\u00e3o contar com a presen\u00e7a de um grupo de protetores dos animais, cobrando o retorno da castra\u00e7\u00e3o no munic\u00edpio.<\/p>\n<p style=\"text-align: justify;\">O <a href=\"http:\/\/legislativo.cmc.mg.gov.br:8080\/sapl\/consultas\/materia\/materia_mostrar_proc?cod_materia=28112\" target=\"_blank\" rel=\"noopener noreferrer\">Projeto de Lei 44\/2021<\/a>, proposto pelo vereador Carlin Moura (PDT) inclui, entre os canais de comunica\u00e7\u00e3o da Prefeitura de Contagem, o &#8220;Disque Den\u00fancia de Viol\u00eancia Contra os Animais&#8221;. E o <a href=\"http:\/\/legislativo.cmc.mg.gov.br:8080\/sapl\/consultas\/materia\/materia_mostrar_proc?cod_materia=28293\" target=\"_blank\" rel=\"noopener noreferrer\">Projeto de Lei 54\/2021<\/a>, de autoria de Daniel Carvalho (PL), institui, no calend\u00e1rio oficial do Munic\u00edpio, o &#8220;Abril Laranja&#8221;, m\u00eas de preven\u00e7\u00e3o e enfrentamento \u00e0 viol\u00eancia contra os animais, com a realiza\u00e7\u00e3o de campanhas e atividades relacionadas ao tema.<\/p>\n<p style=\"text-align: justify;\">Durante a aprecia\u00e7\u00e3o dos projetos em segundo turno e reda\u00e7\u00e3o final, Carlin Moura destacou os grandes avan\u00e7os nas pol\u00edticas de prote\u00e7\u00e3o animal em Contagem desde o in\u00edcio do ano, com a\u00e7\u00f5es realizadas pelo Legislativo.<\/p>\n<p style=\"text-align: justify;\">&#8220;Esta Casa tem dado um grande exemplo, desde o in\u00edcio do ano, quando o presidente Alex Chiodi, atendendo aos pedidos da comunidade, instalou a Comiss\u00e3o Especial de Defesa do Direito Animal e Zoonoses. Essa Comiss\u00e3o tem trabalhado muito: fizemos visita \u00e0 Zoonoses; nos reunimos com protetores de animais; detectamos e cobramos o retorno da castra\u00e7\u00e3o; visitamos o Centro M\u00e9dico Veterin\u00e1rio da UNA e estivemos presentes na formaliza\u00e7\u00e3o de conv\u00eanio com a Prefeitura; al\u00e9m de v\u00e1rios projetos em tramita\u00e7\u00e3o na C\u00e2mara&#8221;, pontuou.<\/p>\n<p style=\"text-align: justify;\">Sobre a mat\u00e9ria de sua autoria, Carlin explicou que &#8220;o objetivo \u00e9 que possa ser divulgado pela Prefeitura o &#8216;Disque Den\u00fancia de Viol\u00eancia Contra os Animais&#8217;, utilizando o n\u00famero 181, para que a pessoa possa ligar quando vir algum animal sofrendo maus-tratos&#8221;. O texto prev\u00ea que o servi\u00e7o ser\u00e1 gratuito, com a garantia de sigilo do denunciante, e que todos os registros ser\u00e3o averiguados.<\/p>\n<p style=\"text-align: justify;\">J\u00e1 Daniel Carvalho falou sobre seu projeto durante a vota\u00e7\u00e3o em primeiro turno, na \u00faltima semana. &#8220;Ele institui e acrescenta, no calend\u00e1rio oficial, a campanha anual &#8216;Abril Laranja&#8217;, que tem como objetivo a preven\u00e7\u00e3o contra a crueldade animal, por meio de debates sobre o assunto e a\u00e7\u00f5es integradas. Essa iniciativa j\u00e1 derivou a realiza\u00e7\u00e3o de audi\u00eancia p\u00fablica nesta Casa sobre as pol\u00edticas de prote\u00e7\u00e3o animal, que teve grande repercuss\u00e3o&#8221;, ressaltou.<\/p>\n<p style=\"text-align: justify;\"><strong>Retorno da castra\u00e7\u00e3o<\/strong><\/p>\n<p><img loading=\"lazy\" decoding=\"async\" class=\"alignright size-medium wp-image-19360\" src=\"http:\/\/www.cmc.mg.gov.br\/wordpress\/wp-content\/uploads\/2021\/08\/FOTOS-CLEIDE-AMARAL-113-300x158.jpg\" alt=\"\" width=\"300\" height=\"158\" srcset=\"https:\/\/www.cmc.mg.gov.br\/wordpress\/wp-content\/uploads\/2021\/08\/FOTOS-CLEIDE-AMARAL-113-300x158.jpg 300w, https:\/\/www.cmc.mg.gov.br\/wordpress\/wp-content\/uploads\/2021\/08\/FOTOS-CLEIDE-AMARAL-113-1024x540.jpg 1024w, https:\/\/www.cmc.mg.gov.br\/wordpress\/wp-content\/uploads\/2021\/08\/FOTOS-CLEIDE-AMARAL-113-768x405.jpg 768w, https:\/\/www.cmc.mg.gov.br\/wordpress\/wp-content\/uploads\/2021\/08\/FOTOS-CLEIDE-AMARAL-113-1536x809.jpg 1536w, https:\/\/www.cmc.mg.gov.br\/wordpress\/wp-content\/uploads\/2021\/08\/FOTOS-CLEIDE-AMARAL-113-2048x1079.jpg 2048w\" sizes=\"auto, (max-width: 300px) 100vw, 300px\" \/><\/p>\n<p style=\"text-align: justify;\">Grupos de prote\u00e7\u00e3o animal aproveitaram a pauta desta semana, para realizar uma manifesta\u00e7\u00e3o na C\u00e2mara pedindo o retorno das castra\u00e7\u00f5es em Contagem, servi\u00e7o que foi interrompido h\u00e1 mais de um ano, com a imin\u00eancia da pandemia.<\/p>\n<p style=\"text-align: justify;\">Carlin Moura fez men\u00e7\u00e3o \u00e0 manifesta\u00e7\u00e3o e deu seu apoio \u00e0 demanda, pedindo o retorno imediato dos servi\u00e7os de castra\u00e7\u00e3o pela Unidade de Vigil\u00e2ncia e Controle de Zoonoses. &#8220;Desde janeiro, esse grupo tem vindo cobrar agilidade no processo de retorno da castra\u00e7\u00e3o de animais. Nosso castram\u00f3vel est\u00e1 parado, o servi\u00e7o n\u00e3o vem sendo oferecido na cidade, j\u00e1 fizemos v\u00e1rias reuni\u00f5es e precisamos de atitudes urgentes nesse sentido&#8221;, protestou.<\/p>\n<p style=\"text-align: justify;\">&#8220;A castra\u00e7\u00e3o \u00e9 fundamental, n\u00e3o apenas para a sa\u00fade animal, mas tamb\u00e9m para a sa\u00fade humana. Se n\u00e3o forem castrados, os animais de rua v\u00e3o proliferar e, com eles, as zoonoses. A Prefeitura precisa agilizar o retorno do servi\u00e7o, mas j\u00e1 em mar\u00e7o ficamos sabendo que havia s\u00f3 tr\u00eas veterin\u00e1rios contratados, e agora apenas um, numa cidade com 700 mil habitantes. Nesse contexto, a Una Contagem j\u00e1 se colocou \u00e0 disposi\u00e7\u00e3o como parceria para acelerar esse processo, e vamos continuar cobrando&#8221;, completou Carlin.<\/p>\n<p style=\"text-align: justify;\">L\u00e9o da Academia (PL), Ronaldo Bab\u00e3o (Cidadania), Denilson da Juc (PSL), Hugo Vila\u00e7a (Avante) e Daniel Carvalho enalteceram a luta de Ongs de prote\u00e7\u00e3o animal, muitas vezes, sem apoio do poder p\u00fablico, e apoiaram o retorno imediato da castra\u00e7\u00e3o.<\/p>\n<p style=\"text-align: justify;\">&#8220;A castra\u00e7\u00e3o \u00e9 um ato de amor e salva vidas, por isso, todos n\u00f3s vereadores estamos nos unindo para cobrar esse servi\u00e7o. A prefeita Mar\u00edlia Campos tem assumido esse compromisso com pol\u00edticas de defesa animal, e esperamos que seja criado um departamento espec\u00edfico de prote\u00e7\u00e3o animal e recursos h\u00eddricos, para avan\u00e7armos nesse sentido&#8221;, destacou Carvalho.<\/p>\n<p style=\"text-align: justify;\">Em resposta, a l\u00edder de governo, vereadora Moara Saboia (PT), justificou que o enfrentamento \u00e0 pandemia inviabilizou o servi\u00e7o, pelo fato de grande parte dos recursos da Zoonoses ser empregada no combate \u00e0 Covid-19, incluindo medicamentos utilizados para a castra\u00e7\u00e3o, que seriam os mesmos para a intuba\u00e7\u00e3o de pacientes. &#8220;Com a redu\u00e7\u00e3o das interna\u00e7\u00f5es pelo coronav\u00edrus, tenho certeza que isso tem sido repensado&#8221;, ponderou.<\/p>\n<p style=\"text-align: justify;\">Por fim, o presidente da C\u00e2mara, Alex Chiodi (Solidariedade), parabenizou os protetores pela luta e os vereadores pelos projetos de lei e outras a\u00e7\u00f5es voltadas aos direitos dos animais na cidade. &#8220;Esta Casa acabou de aprovar, por unanimidade, dois projetos muito importantes para a defesa dos animais. E, desde o in\u00edcio do ano, a Comiss\u00e3o Especial vem acompanhado essa quest\u00e3o&#8221;.<\/p>\n<p style=\"text-align: justify;\">&#8220;Em conversa com o coordenador da Zoonoses, Jos\u00e9 Renato, nesta semana, a C\u00e2mara se posicionou de forma firme pelo retorno imediato das castra\u00e7\u00f5es. Sabemos das dificuldades da Secretaria de Sa\u00fade na compra dos insumos, que s\u00e3o os mesmos utilizados na Covid-19, mas precisamos avan\u00e7ar e retomar esse processo o mais rapidamente poss\u00edvel&#8221;, concluiu Chiodi, afirmando que formalizar\u00e1 um pedido de informa\u00e7\u00f5es sobre a retomada do servi\u00e7o.<\/p>\n","protected":false},"excerpt":{"rendered":"<p>A pauta do direito dos animais tomou conta da plen\u00e1ria desta semana na C\u00e2mara Municipal de Contagem. Os vereadores aprovaram, nesta ter\u00e7a-feira (17\/08), dois projetos de lei que representam avan\u00e7os nas pol\u00edticas de defesa dos animais; al\u00e9m de a reuni\u00e3o contar com a presen\u00e7a de um grupo de protetores dos animais, cobrando o retorno da &hellip; <a href=\"https:\/\/www.cmc.mg.gov.br\/?p=19357\" class=\"more-link\">Continue lendo <span class=\"screen-reader-text\">Legislativo de Contagem avan\u00e7a nas pol\u00edticas de defesa dos animais<\/span> <span class=\"meta-nav\">&rarr;<\/span><\/a><\/p>\n","protected":false},"author":3,"featured_media":19358,"comment_status":"open","ping_status":"open","sticky":false,"template":"","format":"standard","meta":{"_exactmetrics_skip_tracking":false,"_exactmetrics_sitenote_active":false,"_exactmetrics_sitenote_note":"","_exactmetrics_sitenote_category":0,"footnotes":""},"categories":[27],"tags":[],"class_list":["post-19357","post","type-post","status-publish","format-standard","has-post-thumbnail","hentry","category-noticias"],"_links":{"self":[{"href":"https:\/\/www.cmc.mg.gov.br\/index.php?rest_route=\/wp\/v2\/posts\/19357","targetHints":{"allow":["GET"]}}],"collection":[{"href":"https:\/\/www.cmc.mg.gov.br\/index.php?rest_route=\/wp\/v2\/posts"}],"about":[{"href":"https:\/\/www.cmc.mg.gov.br\/index.php?rest_route=\/wp\/v2\/types\/post"}],"author":[{"embeddable":true,"href":"https:\/\/www.cmc.mg.gov.br\/index.php?rest_route=\/wp\/v2\/users\/3"}],"replies":[{"embeddable":true,"href":"https:\/\/www.cmc.mg.gov.br\/index.php?rest_route=%2Fwp%2Fv2%2Fcomments&post=19357"}],"version-history":[{"count":5,"href":"https:\/\/www.cmc.mg.gov.br\/index.php?rest_route=\/wp\/v2\/posts\/19357\/revisions"}],"predecessor-version":[{"id":19364,"href":"https:\/\/www.cmc.mg.gov.br\/index.php?rest_route=\/wp\/v2\/posts\/19357\/revisions\/19364"}],"wp:featuredmedia":[{"embeddable":true,"href":"https:\/\/www.cmc.mg.gov.br\/index.php?rest_route=\/wp\/v2\/media\/19358"}],"wp:attachment":[{"href":"https:\/\/www.cmc.mg.gov.br\/index.php?rest_route=%2Fwp%2Fv2%2Fmedia&parent=19357"}],"wp:term":[{"taxonomy":"category","embeddable":true,"href":"https:\/\/www.cmc.mg.gov.br\/index.php?rest_route=%2Fwp%2Fv2%2Fcategories&post=19357"},{"taxonomy":"post_tag","embeddable":true,"href":"https:\/\/www.cmc.mg.gov.br\/index.php?rest_route=%2Fwp%2Fv2%2Ftags&post=19357"}],"curies":[{"name":"wp","href":"https:\/\/api.w.org\/{rel}","templated":true}]}}