
{"id":19464,"date":"2021-08-31T22:53:56","date_gmt":"2021-09-01T01:53:56","guid":{"rendered":"http:\/\/www.cmc.mg.gov.br\/?p=19464"},"modified":"2021-08-31T22:53:56","modified_gmt":"2021-09-01T01:53:56","slug":"contagem-comemora-110-anos-e-legislativo-marca-presenca-nas-comemoracoes","status":"publish","type":"post","link":"https:\/\/www.cmc.mg.gov.br\/?p=19464","title":{"rendered":"Contagem comemora 110 anos e Legislativo marca presen\u00e7a nas comemora\u00e7\u00f5es"},"content":{"rendered":"<p style=\"text-align: justify;\"><span style=\"font-weight: 400;\">As comemora\u00e7\u00f5es do anivers\u00e1rio de 110 anos de emancipa\u00e7\u00e3o pol\u00edtico-administrativa de Contagem movimentaram a C\u00e2mara Municipal e os vereadores. Foram cinco dias de intensa agenda, incluindo inaugura\u00e7\u00f5es, homenagens, visitas e an\u00fancios de novas obras pela cidade.\u00a0<\/span><\/p>\n<p style=\"text-align: justify;\"><span style=\"font-weight: 400;\">Na tarde da sexta-feira (27\/08), o presidente do Legislativo, vereador Alex Chiodi (Solidariedade), e o vereador Daniel do Irineu (PP) acompanharam a prefeita Mar\u00edlia Campos e secret\u00e1rios municipais na abertura da \u201cVirada da Vacina\u00e7\u00e3o\u201d, no S\u00f3 Marcas Auto Shopping.<\/span><\/p>\n<p style=\"text-align: justify;\"><span style=\"font-weight: 400;\">Durante 25 horas ininterruptas, a Prefeitura fez um mutir\u00e3o em uma mega estrutura para vacinar toda a popula\u00e7\u00e3o da cidade acima de 18 anos. Como resultado, foram aplicadas quase 32 mil doses, considerando tamb\u00e9m as outras 20 salas de vacina\u00e7\u00e3o espalhadas pela cidade que participaram deste evento.\u00a0<\/span><\/p>\n<p style=\"text-align: justify;\"><span style=\"font-weight: 400;\">O s\u00e1bado (28\/08) come\u00e7ou cedo com a reinaugura\u00e7\u00e3o do Gin\u00e1sio Poliesportivo do Tropical. Estiveram presentes, al\u00e9m do presidente Alex Chiodi, os vereadores Daniel do Irineu e Ronaldo Bab\u00e3o (Cidadania), e tamb\u00e9m o deputado estadual e ex-vereador de Contagem, professor Irineu.\u00a0<\/span><\/p>\n<p style=\"text-align: justify;\"><span style=\"font-weight: 400;\">Eles conferiram as novas instala\u00e7\u00f5es do centro esportivo, que foi especialmente adaptado para pessoas com defici\u00eancia f\u00edsica e mobilidade reduzida. Eles tamb\u00e9m assistiram a uma exibi\u00e7\u00e3o da equipe de basquete em cadeira de rodas de Contagem, e a uma apresenta\u00e7\u00e3o dos alunos do projeto \u201cGin\u00e1stica de Trampolim\u201d.\u00a0<\/span><\/p>\n<p style=\"text-align: justify;\"><span style=\"font-weight: 400;\">De l\u00e1, os vereadores e o deputado foram visitar, juntamente com a prefeita Mar\u00edlia Campos e secret\u00e1rios municipais, as obras do Est\u00e2ncias Imperiais. S\u00e3o obras de drenagem e pavimenta\u00e7\u00e3o de seis ruas do bairro, localizado na Regional Petrol\u00e2ndia.\u00a0<\/span><\/p>\n<p style=\"text-align: justify;\"><span style=\"font-weight: 400;\">L\u00e1, os vereadores conversaram e tiraram algumas d\u00favidas dos moradores locais sobre o andamento e execu\u00e7\u00e3o das obras, que t\u00eam a previs\u00e3o de t\u00e9rmino em sete meses. Na ocasi\u00e3o, Professor Irineu se comprometeu em conseguir recursos que ajudar\u00e3o na constru\u00e7\u00e3o de uma Umei na regi\u00e3o.\u00a0<\/span><\/p>\n<p style=\"text-align: justify;\"><span style=\"font-weight: 400;\">No domingo (29\/08) o primeiro evento comemorativo dos 110 anos de Contagem foi a inaugura\u00e7\u00e3o da Ciclovia Parque Sarandi, que contou com a presen\u00e7a das vereadoras Gl\u00f3ria da Aposentadoria (PSDB), Moara Saboia (PT) e Silvinha Dudu (PV).\u00a0<\/span><\/p>\n<p style=\"text-align: justify;\"><span style=\"font-weight: 400;\">A nova ciclovia tem mais de 4 quil\u00f4metros de extens\u00e3o, e liga a regi\u00e3o do Ressaca \u00e0 j\u00e1 existente ciclovia da avenida Professor Cl\u00f3vis Salgado, na Pampulha, compondo um extenso percurso de ciclofaixa segura, exclusiva e sinalizada.<\/span><\/p>\n<p style=\"text-align: justify;\"><span style=\"font-weight: 400;\">Na mesma ocasi\u00e3o, a prefeita Mar\u00edlia Campos e o prefeito de Belo Horizonte, Alexandre Kalil, anunciaram a obra de drenagem, recapeamento e pavimenta\u00e7\u00e3o da avenida Xangri-l\u00e1, divisa entre as duas cidades. As obras ser\u00e3o executadas pela Superintend\u00eancia de Desenvolvimento da Capital (Sudecap), com aportes financeiros da Prefeitura de Contagem.\u00a0<\/span><\/p>\n<p style=\"text-align: justify;\"><span style=\"font-weight: 400;\">Apesar de ser ponto facultativo em Contagem, a segunda-feira (30\/08) foi de muito trabalho para os vereadores. Alguns deles estiveram presentes, na parte da manh\u00e3, na cerim\u00f4nia de reabertura do Centro de Aten\u00e7\u00e3o Especializada Iria Diniz, que funciona agora na avenida Jo\u00e3o C\u00e9sar de Oliveira n\u00famero 3620, Eldorado.\u00a0<\/span><\/p>\n<p style=\"text-align: justify;\"><span style=\"font-weight: 400;\">A partir desta ter\u00e7a-feira (31\/8), alguns servi\u00e7os j\u00e1 come\u00e7aram a funcionar.no local, que tem a capacidade de realizar de 12 mil a 15 mil atendimentos mensais em mais 25 especialidades m\u00e9dicas.<\/span><\/p>\n<p style=\"text-align: justify;\"><span style=\"font-weight: 400;\">Durante a solenidade, a prefeita Mar\u00edlia Campos reconheceu a import\u00e2ncia da C\u00e2mara Municipal na realiza\u00e7\u00e3o de obras e execu\u00e7\u00e3o de servi\u00e7os importantes como o do Iria Diniz. Em sua fala, o presidente Alex Chiodi destacou e agradeceu aos servidores da Sa\u00fade pelo trabalho \u00e1rduo e disse que a C\u00e2mara continuar\u00e1 trabalhando para garantir uma Sa\u00fade de qualidade para usu\u00e1rios e trabalhadores.\u00a0<\/span><\/p>\n<p style=\"text-align: justify;\"><span style=\"font-weight: 400;\">O vereador e presidente da Comiss\u00e3o de Sa\u00fade do Legislativo, Vin\u00edcius Faria (Republicanos), falou do empenho e trabalho da Comiss\u00e3o, comprometida com a fiscaliza\u00e7\u00e3o da Sa\u00fade, e agradeceu \u00e0 prefeita pelo canal constante de di\u00e1logo com o Legislativo. Estiveram presentes tamb\u00e9m os vereadores Arnaldo de Oliveira (PTB) e Teteco (MDB).<\/span><\/p>\n<p style=\"text-align: justify;\"><span style=\"font-weight: 400;\">O dia seguiu com o primeiro bolo e parab\u00e9ns para a cidade, em um evento na Pra\u00e7a da Jabuticaba, na regi\u00e3o da Sede, que contou com a presen\u00e7a do presidente Alex Chiodi e tamb\u00e9m dos vereadores Daniel Carvalho (PL), Arnaldo de Oliveira e Teteco. Al\u00e9m de visitarem as obras expostas no Centro Cultural Francisco Firmo de Matos (Casa Amarela), eles participaram da inaugura\u00e7\u00e3o de dois pain\u00e9is fixos que agora comp\u00f5em o complexo cultural da pra\u00e7a.\u00a0<\/span><\/p>\n<p style=\"text-align: justify;\"><span style=\"font-weight: 400;\">Um deles se trata de uma cole\u00e7\u00e3o de mosaicos que retratam os direitos das crian\u00e7as e adolescentes. S\u00e3o 13 vag\u00f5es que formam um quadro de mosaicos, feitos por 66 mosaicistas de v\u00e1rias partes do Brasil e que foi idealizado por Cris Le\u00e3o, Denise Renn\u00f3 e Regina Valentin. No dia seguinte, ter\u00e7a-feira (31\/08), as artistas foram recebidas na C\u00e2mara Municipal de Contagem e receberam, em plen\u00e1rio, o certificado de participa\u00e7\u00e3o no projeto Cultura na C\u00e2mara.\u00a0\u00a0<\/span><\/p>\n<p style=\"text-align: justify;\"><span style=\"font-weight: 400;\">O dia 30 terminou com o<a href=\"http:\/\/www.cmc.mg.gov.br\/?p=19437\" target=\"_blank\" rel=\"noopener noreferrer\"> parab\u00e9ns oficial no Espa\u00e7o Popular<\/a>, onde estiveram os vereadores Moara Saboia, Daniel Carvalho e o presidente Alex Chiodi. Dezenas de pessoas acompanharam a solenidade, encerrada com uma ora\u00e7\u00e3o do p\u00e1roco da Matriz de S\u00e3o Gon\u00e7alo, padre M\u00e1rcio Ribeiro, e com a apresenta\u00e7\u00e3o da banda da Guarda Civil de Contagem.\u00a0<\/span><\/p>\n<p style=\"text-align: justify;\"><span style=\"font-weight: 400;\">Por fim, ainda nesta ter\u00e7a-feira (31\/08), a C\u00e2mara encerrou as festividades dos 110 anos de Contagem com a tradicional cerim\u00f4nia de outorga do <a href=\"http:\/\/www.cmc.mg.gov.br\/?p=19460\" target=\"_blank\" rel=\"noopener noreferrer\">M\u00e9rito Legislativo<\/a>. Estabelecida pela Lei 1970, de 05 de julho de 1989, a condecora\u00e7\u00e3o representa um reconhecimento a 21 personalidades ou institui\u00e7\u00f5es que contribuem para o desenvolvimento do munic\u00edpio.<\/span><\/p>\n<p style=\"text-align: justify;\"><span style=\"font-weight: 400;\">As fotos dos eventos citados est\u00e3o no Flickr, rede social na qual a C\u00e2mara Municipal de Contagem acabou de chegar! L\u00e1, voc\u00ea pode ver todas as fotos separadas em \u00e1lbuns, nomeados por evento.\u00a0<\/span><\/p>\n<p style=\"text-align: justify;\">Para acessar nosso Flickr, <a href=\"https:\/\/www.flickr.com\/photos\/camaracontagem\/\" target=\"_blank\" rel=\"noopener noreferrer\">clique aqui.<\/a><\/p>\n<div id='gallery-1' class='gallery galleryid-19464 gallery-columns-4 gallery-size-thumbnail'><figure class='gallery-item'>\n\t\t\t<div class='gallery-icon landscape'>\n\t\t\t\t<a href='https:\/\/www.cmc.mg.gov.br\/?attachment_id=19466'><img loading=\"lazy\" decoding=\"async\" width=\"150\" height=\"150\" src=\"https:\/\/www.cmc.mg.gov.br\/wordpress\/wp-content\/uploads\/2021\/08\/espa\u00e7opopular-150x150.jpg\" class=\"attachment-thumbnail size-thumbnail\" alt=\"\" \/><\/a>\n\t\t\t<\/div><\/figure><figure class='gallery-item'>\n\t\t\t<div class='gallery-icon landscape'>\n\t\t\t\t<a href='https:\/\/www.cmc.mg.gov.br\/?attachment_id=19467'><img loading=\"lazy\" decoding=\"async\" width=\"150\" height=\"150\" src=\"https:\/\/www.cmc.mg.gov.br\/wordpress\/wp-content\/uploads\/2021\/08\/estancias-150x150.jpg\" class=\"attachment-thumbnail size-thumbnail\" alt=\"\" \/><\/a>\n\t\t\t<\/div><\/figure><figure class='gallery-item'>\n\t\t\t<div class='gallery-icon landscape'>\n\t\t\t\t<a href='https:\/\/www.cmc.mg.gov.br\/?attachment_id=19468'><img loading=\"lazy\" decoding=\"async\" width=\"150\" height=\"150\" src=\"https:\/\/www.cmc.mg.gov.br\/wordpress\/wp-content\/uploads\/2021\/08\/ginasio-150x150.jpg\" class=\"attachment-thumbnail size-thumbnail\" alt=\"\" \/><\/a>\n\t\t\t<\/div><\/figure><figure class='gallery-item'>\n\t\t\t<div class='gallery-icon landscape'>\n\t\t\t\t<a href='https:\/\/www.cmc.mg.gov.br\/?attachment_id=19469'><img loading=\"lazy\" decoding=\"async\" width=\"150\" height=\"150\" src=\"https:\/\/www.cmc.mg.gov.br\/wordpress\/wp-content\/uploads\/2021\/08\/iria-150x150.jpg\" class=\"attachment-thumbnail size-thumbnail\" alt=\"\" \/><\/a>\n\t\t\t<\/div><\/figure><figure class='gallery-item'>\n\t\t\t<div class='gallery-icon landscape'>\n\t\t\t\t<a href='https:\/\/www.cmc.mg.gov.br\/?attachment_id=19470'><img loading=\"lazy\" decoding=\"async\" width=\"150\" height=\"150\" src=\"https:\/\/www.cmc.mg.gov.br\/wordpress\/wp-content\/uploads\/2021\/08\/Pra\u00e7a-da-jabuticaba-150x150.jpg\" class=\"attachment-thumbnail size-thumbnail\" alt=\"\" \/><\/a>\n\t\t\t<\/div><\/figure><figure class='gallery-item'>\n\t\t\t<div class='gallery-icon landscape'>\n\t\t\t\t<a href='https:\/\/www.cmc.mg.gov.br\/?attachment_id=19471'><img loading=\"lazy\" decoding=\"async\" width=\"150\" height=\"150\" src=\"https:\/\/www.cmc.mg.gov.br\/wordpress\/wp-content\/uploads\/2021\/08\/virada-150x150.jpg\" class=\"attachment-thumbnail size-thumbnail\" alt=\"\" \/><\/a>\n\t\t\t<\/div><\/figure><figure class='gallery-item'>\n\t\t\t<div class='gallery-icon landscape'>\n\t\t\t\t<a href='https:\/\/www.cmc.mg.gov.br\/?attachment_id=19472'><img loading=\"lazy\" decoding=\"async\" width=\"150\" height=\"150\" src=\"https:\/\/www.cmc.mg.gov.br\/wordpress\/wp-content\/uploads\/2021\/08\/xangrila-1-150x150.jpg\" class=\"attachment-thumbnail size-thumbnail\" alt=\"\" \/><\/a>\n\t\t\t<\/div><\/figure><figure class='gallery-item'>\n\t\t\t<div class='gallery-icon landscape'>\n\t\t\t\t<a href='https:\/\/www.cmc.mg.gov.br\/?attachment_id=19473'><img loading=\"lazy\" decoding=\"async\" width=\"150\" height=\"150\" src=\"https:\/\/www.cmc.mg.gov.br\/wordpress\/wp-content\/uploads\/2021\/08\/xangrila-2-150x150.jpg\" class=\"attachment-thumbnail size-thumbnail\" alt=\"\" \/><\/a>\n\t\t\t<\/div><\/figure>\n\t\t<\/div>\n\n","protected":false},"excerpt":{"rendered":"<p>As comemora\u00e7\u00f5es do anivers\u00e1rio de 110 anos de emancipa\u00e7\u00e3o pol\u00edtico-administrativa de Contagem movimentaram a C\u00e2mara Municipal e os vereadores. Foram cinco dias de intensa agenda, incluindo inaugura\u00e7\u00f5es, homenagens, visitas e an\u00fancios de novas obras pela cidade.\u00a0 Na tarde da sexta-feira (27\/08), o presidente do Legislativo, vereador Alex Chiodi (Solidariedade), e o vereador Daniel do Irineu &hellip; <a href=\"https:\/\/www.cmc.mg.gov.br\/?p=19464\" class=\"more-link\">Continue lendo <span class=\"screen-reader-text\">Contagem comemora 110 anos e Legislativo marca presen\u00e7a nas comemora\u00e7\u00f5es<\/span> <span class=\"meta-nav\">&rarr;<\/span><\/a><\/p>\n","protected":false},"author":2,"featured_media":19465,"comment_status":"open","ping_status":"open","sticky":false,"template":"","format":"standard","meta":{"_exactmetrics_skip_tracking":false,"_exactmetrics_sitenote_active":false,"_exactmetrics_sitenote_note":"","_exactmetrics_sitenote_category":0,"footnotes":""},"categories":[8,200,11,24,27,7],"tags":[],"class_list":["post-19464","post","type-post","status-publish","format-standard","has-post-thumbnail","hentry","category-camara","category-cultura-na-camara","category-eventos","category-eventos-institucionais","category-noticias","category-vereadores"],"_links":{"self":[{"href":"https:\/\/www.cmc.mg.gov.br\/index.php?rest_route=\/wp\/v2\/posts\/19464","targetHints":{"allow":["GET"]}}],"collection":[{"href":"https:\/\/www.cmc.mg.gov.br\/index.php?rest_route=\/wp\/v2\/posts"}],"about":[{"href":"https:\/\/www.cmc.mg.gov.br\/index.php?rest_route=\/wp\/v2\/types\/post"}],"author":[{"embeddable":true,"href":"https:\/\/www.cmc.mg.gov.br\/index.php?rest_route=\/wp\/v2\/users\/2"}],"replies":[{"embeddable":true,"href":"https:\/\/www.cmc.mg.gov.br\/index.php?rest_route=%2Fwp%2Fv2%2Fcomments&post=19464"}],"version-history":[{"count":1,"href":"https:\/\/www.cmc.mg.gov.br\/index.php?rest_route=\/wp\/v2\/posts\/19464\/revisions"}],"predecessor-version":[{"id":19474,"href":"https:\/\/www.cmc.mg.gov.br\/index.php?rest_route=\/wp\/v2\/posts\/19464\/revisions\/19474"}],"wp:featuredmedia":[{"embeddable":true,"href":"https:\/\/www.cmc.mg.gov.br\/index.php?rest_route=\/wp\/v2\/media\/19465"}],"wp:attachment":[{"href":"https:\/\/www.cmc.mg.gov.br\/index.php?rest_route=%2Fwp%2Fv2%2Fmedia&parent=19464"}],"wp:term":[{"taxonomy":"category","embeddable":true,"href":"https:\/\/www.cmc.mg.gov.br\/index.php?rest_route=%2Fwp%2Fv2%2Fcategories&post=19464"},{"taxonomy":"post_tag","embeddable":true,"href":"https:\/\/www.cmc.mg.gov.br\/index.php?rest_route=%2Fwp%2Fv2%2Ftags&post=19464"}],"curies":[{"name":"wp","href":"https:\/\/api.w.org\/{rel}","templated":true}]}}