
{"id":19493,"date":"2021-09-01T17:09:55","date_gmt":"2021-09-01T20:09:55","guid":{"rendered":"http:\/\/www.cmc.mg.gov.br\/?p=19493"},"modified":"2021-09-01T17:22:21","modified_gmt":"2021-09-01T20:22:21","slug":"contagem-pode-ser-pioneira-em-agentes-jovens-ambientais-no-estado","status":"publish","type":"post","link":"https:\/\/www.cmc.mg.gov.br\/?p=19493","title":{"rendered":"Contagem pode ser pioneira em Agentes Jovens Ambientais no Estado"},"content":{"rendered":"<p style=\"text-align: justify;\"><span style=\"font-weight: 400;\">Aprovado em segundo turno e reda\u00e7\u00e3o final na reuni\u00e3o plen\u00e1ria desta ter\u00e7a-feira (31\/08), o <a href=\"http:\/\/legislativo.cmc.mg.gov.br:8080\/sapl\/sapl_documentos\/materia\/28110_texto_integral\" target=\"_blank\" rel=\"noopener noreferrer\">Projeto de Lei n\u00ba 42\/21,<\/a> de autoria do vereador Carlin Moura (PDT), pretende instituir em Contagem a pol\u00edtica municipal de inclus\u00e3o social e ambiental da juventude e o Programa Agente Jovem Ambiental (Aja).<\/span><\/p>\n<p style=\"text-align: justify;\"><span style=\"font-weight: 400;\">O programa j\u00e1 existe em algumas localidades no Brasil, sendo consolidado com sucesso nos estados do Cear\u00e1 e Maranh\u00e3o, onde a iniciativa \u00e9 dos governos estaduais e contribuiu n\u00e3o s\u00f3 para a preserva\u00e7\u00e3o ambiental como tamb\u00e9m com a renda familiar, principalmente das comunidades rurais.\u00a0<\/span><\/p>\n<p style=\"text-align: justify;\"><span style=\"font-weight: 400;\">A pol\u00edtica tem o objetivo de unir a preserva\u00e7\u00e3o do meio ambiente com a inclus\u00e3o social e incentivo ao protagonismo dos jovens, por meio do incentivo de projetos socioambientais. Desta forma, a juventude seria agente de a\u00e7\u00f5es e campanhas, dentro de suas comunidades, que objetivam a conscientiza\u00e7\u00e3o sobre a import\u00e2ncia da uni\u00e3o em torno de a\u00e7\u00f5es que resguardem a sustentabilidade ambiental.<\/span><\/p>\n<p style=\"text-align: justify;\"><span style=\"font-weight: 400;\">O p\u00fablico alvo s\u00e3o os jovens de 14 a 29 anos de maior vulnerabilidade social do munic\u00edpio. Al\u00e9m disso, para se tornar um Aja, \u00e9 necess\u00e1rio que a fam\u00edlia do jovem seja cadastrada no Cad\u00danico, cadastro do Governo Federal que identifica e seleciona fam\u00edlias aptas a receberem benef\u00edcios sociais, e que ele esteja matriculado ou j\u00e1 tenha se formado no ensino m\u00e9dio de escolas p\u00fablicas do munic\u00edpio. Vale tamb\u00e9m para aqueles que tenham se formado em escola particular, desde que tenha sido bolsista integral na institui\u00e7\u00e3o.\u00a0<\/span><\/p>\n<p style=\"text-align: justify;\"><span style=\"font-weight: 400;\">A admissibilidade do jovem no programa ser\u00e1 feita mediante sua inscri\u00e7\u00e3o, seguindo os crit\u00e9rios de um edital de chamamento, e sua aprova\u00e7\u00e3o seguindo todos os crit\u00e9rios e requisitos exigidos no processo. A possibilidade de concess\u00e3o de aux\u00edlio financeiro ao Aja ficar\u00e1 a cargo do Executivo e condicionado \u00e0 disponibilidade financeira e or\u00e7ament\u00e1ria do munic\u00edpio. Para isso, o poder p\u00fablico fica tamb\u00e9m autorizado a celebrar parcerias e conv\u00eanios com o setor privado, para fins de cofinanciamento.<\/span><\/p>\n<p style=\"text-align: justify;\"><span style=\"font-weight: 400;\">A atua\u00e7\u00e3o do Agente Jovem Ambiental ser\u00e1 pr\u00e1tica, de acordo com o projeto. Al\u00e9m de movimentar e organizar a comunidade em torno de debates e eventos educativos relacionados \u00e0 preserva\u00e7\u00e3o ambiental, o Jovem ser\u00e1 respons\u00e1vel por auxiliar a administra\u00e7\u00e3o p\u00fablica na recupera\u00e7\u00e3o de \u00e1reas degradadas e contribuir com campanhas de temas ligados ao ambiente, como coleta seletiva, abandono de animais, ocupa\u00e7\u00f5es irregulares, entre outros.<\/span><\/p>\n<p style=\"text-align: justify;\"><span style=\"font-weight: 400;\">De acordo com o autor do projeto, \u201ca pol\u00edtica p\u00fablica institu\u00edda pela presente proposi\u00e7\u00e3o de lei com toda certeza ir\u00e1 interferir na vida de milhares de jovens e, consequentemente, na realidade ambiental do nosso munic\u00edpio, al\u00e9m de estimular a participa\u00e7\u00e3o de jovens no contexto ambiental\u201d. Agora, o projeto depende da san\u00e7\u00e3o da prefeita Mar\u00edlia Campos para que possa se transformar em lei municipal. <\/span><\/p>\n","protected":false},"excerpt":{"rendered":"<p>Aprovado em segundo turno e reda\u00e7\u00e3o final na reuni\u00e3o plen\u00e1ria desta ter\u00e7a-feira (31\/08), o Projeto de Lei n\u00ba 42\/21, de autoria do vereador Carlin Moura (PDT), pretende instituir em Contagem a pol\u00edtica municipal de inclus\u00e3o social e ambiental da juventude e o Programa Agente Jovem Ambiental (Aja). O programa j\u00e1 existe em algumas localidades no &hellip; <a href=\"https:\/\/www.cmc.mg.gov.br\/?p=19493\" class=\"more-link\">Continue lendo <span class=\"screen-reader-text\">Contagem pode ser pioneira em Agentes Jovens Ambientais no Estado<\/span> <span class=\"meta-nav\">&rarr;<\/span><\/a><\/p>\n","protected":false},"author":2,"featured_media":19494,"comment_status":"open","ping_status":"open","sticky":false,"template":"","format":"standard","meta":{"_exactmetrics_skip_tracking":false,"_exactmetrics_sitenote_active":false,"_exactmetrics_sitenote_note":"","_exactmetrics_sitenote_category":0,"footnotes":""},"categories":[8,27],"tags":[],"class_list":["post-19493","post","type-post","status-publish","format-standard","has-post-thumbnail","hentry","category-camara","category-noticias"],"_links":{"self":[{"href":"https:\/\/www.cmc.mg.gov.br\/index.php?rest_route=\/wp\/v2\/posts\/19493","targetHints":{"allow":["GET"]}}],"collection":[{"href":"https:\/\/www.cmc.mg.gov.br\/index.php?rest_route=\/wp\/v2\/posts"}],"about":[{"href":"https:\/\/www.cmc.mg.gov.br\/index.php?rest_route=\/wp\/v2\/types\/post"}],"author":[{"embeddable":true,"href":"https:\/\/www.cmc.mg.gov.br\/index.php?rest_route=\/wp\/v2\/users\/2"}],"replies":[{"embeddable":true,"href":"https:\/\/www.cmc.mg.gov.br\/index.php?rest_route=%2Fwp%2Fv2%2Fcomments&post=19493"}],"version-history":[{"count":2,"href":"https:\/\/www.cmc.mg.gov.br\/index.php?rest_route=\/wp\/v2\/posts\/19493\/revisions"}],"predecessor-version":[{"id":19496,"href":"https:\/\/www.cmc.mg.gov.br\/index.php?rest_route=\/wp\/v2\/posts\/19493\/revisions\/19496"}],"wp:featuredmedia":[{"embeddable":true,"href":"https:\/\/www.cmc.mg.gov.br\/index.php?rest_route=\/wp\/v2\/media\/19494"}],"wp:attachment":[{"href":"https:\/\/www.cmc.mg.gov.br\/index.php?rest_route=%2Fwp%2Fv2%2Fmedia&parent=19493"}],"wp:term":[{"taxonomy":"category","embeddable":true,"href":"https:\/\/www.cmc.mg.gov.br\/index.php?rest_route=%2Fwp%2Fv2%2Fcategories&post=19493"},{"taxonomy":"post_tag","embeddable":true,"href":"https:\/\/www.cmc.mg.gov.br\/index.php?rest_route=%2Fwp%2Fv2%2Ftags&post=19493"}],"curies":[{"name":"wp","href":"https:\/\/api.w.org\/{rel}","templated":true}]}}