
{"id":19759,"date":"2021-10-25T21:06:22","date_gmt":"2021-10-26T00:06:22","guid":{"rendered":"http:\/\/www.cmc.mg.gov.br\/?p=19759"},"modified":"2021-10-26T10:22:06","modified_gmt":"2021-10-26T13:22:06","slug":"comissao-especial-visita-areas-de-risco-nesta-segunda-feira","status":"publish","type":"post","link":"https:\/\/www.cmc.mg.gov.br\/?p=19759","title":{"rendered":"Comiss\u00e3o Especial visita \u00e1reas de risco nesta segunda-feira"},"content":{"rendered":"<p style=\"text-align: justify;\"><span style=\"font-weight: 400;\">Uma equipe composta por vereadores e assessores visitou duas localidades na tarde desta segunda-feira (25\/10), em mais uma atua\u00e7\u00e3o <\/span><i><span style=\"font-weight: 400;\">in loco<\/span><\/i><span style=\"font-weight: 400;\"> da Comiss\u00e3o Especial de Acompanhamento de \u00c1reas de Risco, representada, na ocasi\u00e3o, pelos vereadores Carlin Moura (PDT), L\u00e9o da Academia (PL) e Ronaldo Bab\u00e3o (Cidadania).\u00a0<\/span><\/p>\n<p style=\"text-align: justify;\"><span style=\"font-weight: 400;\">A primeira vistoria aconteceu na rua Janu\u00e1ria, bairro Fonte Grande, na regi\u00e3o da Sede. A rua \u00e9 um declive acentuado que termina nas margens do c\u00f3rrego que passa por toda a extens\u00e3o da Avenida Prefeito Gil Diniz. Os moradores do local relatam que, em dias de chuva, principalmente pela falta de bocas de lobo na parte alta da rua, as casas sofrem com inunda\u00e7\u00f5es.<\/span><\/p>\n<p style=\"text-align: justify;\"><span style=\"font-weight: 400;\">Outro problema \u00e9 a aus\u00eancia de rede de esgoto e a falta de limpeza e manuten\u00e7\u00e3o das margens do c\u00f3rrego, que acumulam lixo e uma vegeta\u00e7\u00e3o alta. Moradores reclamam tamb\u00e9m da sujeira trazida pela enxurrada e jogada pela pr\u00f3pria popula\u00e7\u00e3o, al\u00e9m da presen\u00e7a de animais nocivos, que chegam a entrar nas casas.\u00a0<\/span><\/p>\n<p style=\"text-align: justify;\"><span style=\"font-weight: 400;\">\u201cA mo\u00e7a da segunda casa morreu recentemente com dengue, por causa desse matagal que sempre fica cheio de lixo e<a href=\"http:\/\/www.cmc.mg.gov.br\/wordpress\/wp-content\/uploads\/2021\/10\/materia.jpeg\"><img loading=\"lazy\" decoding=\"async\" class=\"size-medium wp-image-19762 alignright\" src=\"http:\/\/www.cmc.mg.gov.br\/wordpress\/wp-content\/uploads\/2021\/10\/materia-225x300.jpeg\" alt=\"\" width=\"225\" height=\"300\" srcset=\"https:\/\/www.cmc.mg.gov.br\/wordpress\/wp-content\/uploads\/2021\/10\/materia-225x300.jpeg 225w, https:\/\/www.cmc.mg.gov.br\/wordpress\/wp-content\/uploads\/2021\/10\/materia.jpeg 768w\" sizes=\"auto, (max-width: 225px) 100vw, 225px\" \/><\/a> \u00e1gua. Deixou um filho pequeno. Em outra casa, uma crian\u00e7a foi picada por escorpi\u00e3o. Em outra, a dona encontrou uma cobra na cozinha dela. Precisamos de ajuda aqui!\u201d, reivindica a moradora C\u00e9lia Ara\u00fajo, que acompanhou a visita dos vereadores.<\/span><\/p>\n<p style=\"text-align: justify;\"><span style=\"font-weight: 400;\">No entanto, a maior preocupa\u00e7\u00e3o da popula\u00e7\u00e3o local \u00e9 o risco de desabamento, principalmente da primeira casa, mais pr\u00f3xima ao c\u00f3rrego, e as trincas e rachaduras que as outras resid\u00eancias vizinhas j\u00e1 apresentam. O terreno tem cedido a cada chuva e uma parte de tr\u00e1s da primeira casa j\u00e1 desmoronou. Na outra margem do c\u00f3rrego, j\u00e1 existe determina\u00e7\u00e3o da Defesa Civil para desocupa\u00e7\u00e3o.<\/span><\/p>\n<p style=\"text-align: justify;\"><span style=\"font-weight: 400;\">Para Samuel Lara, ex-integrante da Defesa Civil e hoje assessor da Comiss\u00e3o, ser\u00e1 necess\u00e1ria a interven\u00e7\u00e3o do poder p\u00fablico, principalmente pelo risco iminente de desabamento. Outra medida que dever\u00e1 ser necess\u00e1ria \u00e9 a constru\u00e7\u00e3o de um gabi\u00e3o, uma esp\u00e9cie de gaiolas de a\u00e7o, preenchidas com pedras, que fazem o trabalho de conten\u00e7\u00e3o de margens.<\/span><\/p>\n<p style=\"text-align: justify;\"><strong>Maria da Concei\u00e7\u00e3o e Perobas<\/strong><\/p>\n<p style=\"text-align: justify;\"><span style=\"font-weight: 400;\">A segunda visita foi nos bairros Maria da Concei\u00e7\u00e3o e Perobas. O encontro dos dois bairros forma um \u201cvale\u201d, identificado como \u00e1rea de risco. Os moradores do local sofrem com bota-fora irregulares, falta de asfalto, galerias de esgoto em certas partes entupidas e em outras quebradas, deixando grandes e perigosos buracos nas passagens para as casas.\u00a0<\/span><\/p>\n<p style=\"text-align: justify;\"><span style=\"font-weight: 400;\">V\u00e1rias resid\u00eancias j\u00e1 cederam em per\u00edodos de chuvas fortes e constantes, e outras foram desocupadas e demolidas pela Prefeitura. Por\u00e9m, os escombros e entulhos n\u00e3o foram recolhidos, o que aumenta ainda mais a sensa\u00e7\u00e3o de inseguran\u00e7a e o ac\u00famulo de lixo e animais nas casas da regi\u00e3o.<\/span><\/p>\n<p style=\"text-align: justify;\"><span style=\"font-weight: 400;\"><a href=\"http:\/\/www.cmc.mg.gov.br\/wordpress\/wp-content\/uploads\/2021\/10\/IMG_4907-scaled.jpg\"><img loading=\"lazy\" decoding=\"async\" class=\"alignleft size-medium wp-image-19764\" src=\"http:\/\/www.cmc.mg.gov.br\/wordpress\/wp-content\/uploads\/2021\/10\/IMG_4907-300x200.jpg\" alt=\"\" width=\"300\" height=\"200\" srcset=\"https:\/\/www.cmc.mg.gov.br\/wordpress\/wp-content\/uploads\/2021\/10\/IMG_4907-300x200.jpg 300w, https:\/\/www.cmc.mg.gov.br\/wordpress\/wp-content\/uploads\/2021\/10\/IMG_4907-1024x683.jpg 1024w, https:\/\/www.cmc.mg.gov.br\/wordpress\/wp-content\/uploads\/2021\/10\/IMG_4907-768x512.jpg 768w, https:\/\/www.cmc.mg.gov.br\/wordpress\/wp-content\/uploads\/2021\/10\/IMG_4907-1536x1024.jpg 1536w, https:\/\/www.cmc.mg.gov.br\/wordpress\/wp-content\/uploads\/2021\/10\/IMG_4907-2048x1365.jpg 2048w\" sizes=\"auto, (max-width: 300px) 100vw, 300px\" \/><\/a>Nas chuvas da \u00faltima semana, uma enchente inundou v\u00e1rias resid\u00eancias da Avenida A, cuja extens\u00e3o n\u00e3o \u00e9 totalmente asfaltada. No Beco Maracan\u00e3, as casas que est\u00e3o na parte baixa do morro correm o risco de serem atingidas pelas casas do alto do morro, j\u00e1 muito abaladas e bem pr\u00f3ximas de um barranco que cede cada dia mais.\u00a0<\/span><\/p>\n<p style=\"text-align: justify;\"><span style=\"font-weight: 400;\">Moradora do Beco h\u00e1 23 anos, Iranilda Alexandre conta, ainda, que muitas pessoas j\u00e1 foram retiradas das suas casas mas que, tempos depois, retornam, mesmo sem autoriza\u00e7\u00e3o do poder p\u00fablico. \u201cSe ficam vazias, as pessoas voltam. \u00c0s vezes at\u00e9 s\u00e3o outras fam\u00edlias que invadem\u201d, conta.<\/span><\/p>\n<p style=\"text-align: justify;\"><span style=\"font-weight: 400;\">Em todos os locais visitados pela Comiss\u00e3o, os vereadores caminharam, entraram em casas e puderam escutar dos pr\u00f3prios moradores a situa\u00e7\u00e3o de inseguran\u00e7a em que se encontram. \u201cEstamos aqui cumprindo nosso papel de fiscalizar. H\u00e1 coisas que n\u00e3o est\u00e3o ao nosso alcance fazer, mas com certeza est\u00e1 ao nosso alcance relatar e cobrar do Executivo a resolu\u00e7\u00e3o\u201d, disse Carlin.\u00a0<\/span><\/p>\n<p style=\"text-align: justify;\"><span style=\"font-weight: 400;\">Ronaldo Bab\u00e3o, que j\u00e1 havia visitado algumas vezes a \u00e1rea do Fonte Grande e conhece de perto as demandas daqueles moradores, disse que a uni\u00e3o de mais vereadores \u00e9 muito importante. \u201cTenho certeza de que a mobiliza\u00e7\u00e3o da Comiss\u00e3o vai fazer a diferen\u00e7a\u201d. \u201cA C\u00e2mara est\u00e1 na rua, junto \u00e0 popula\u00e7\u00e3o, e queremos firmar o compromisso de fazer o que estiver ao alcance dos vereadores para a solu\u00e7\u00e3o desses problemas\u201d, encerrou L\u00e9o da Academia.\u00a0\u00a0<\/span><\/p>\n<p style=\"text-align: justify;\"><span style=\"font-weight: 400;\">Assim como nas outras visitas da Comiss\u00e3o, os vereadores v\u00e3o elaborar um relat\u00f3rio com detalhes das visitas. Lido e aprovado pelos demais parlamentares, o documento \u00e9 enviado para as pastas competentes da Prefeitura. <\/span><\/p>\n","protected":false},"excerpt":{"rendered":"<p>Uma equipe composta por vereadores e assessores visitou duas localidades na tarde desta segunda-feira (25\/10), em mais uma atua\u00e7\u00e3o in loco da Comiss\u00e3o Especial de Acompanhamento de \u00c1reas de Risco, representada, na ocasi\u00e3o, pelos vereadores Carlin Moura (PDT), L\u00e9o da Academia (PL) e Ronaldo Bab\u00e3o (Cidadania).\u00a0 A primeira vistoria aconteceu na rua Janu\u00e1ria, bairro Fonte &hellip; <a href=\"https:\/\/www.cmc.mg.gov.br\/?p=19759\" class=\"more-link\">Continue lendo <span class=\"screen-reader-text\">Comiss\u00e3o Especial visita \u00e1reas de risco nesta segunda-feira<\/span> <span class=\"meta-nav\">&rarr;<\/span><\/a><\/p>\n","protected":false},"author":2,"featured_media":19760,"comment_status":"open","ping_status":"open","sticky":false,"template":"","format":"standard","meta":{"_exactmetrics_skip_tracking":false,"_exactmetrics_sitenote_active":false,"_exactmetrics_sitenote_note":"","_exactmetrics_sitenote_category":0,"footnotes":""},"categories":[8,15,27,7],"tags":[],"class_list":["post-19759","post","type-post","status-publish","format-standard","has-post-thumbnail","hentry","category-camara","category-comissoes","category-noticias","category-vereadores"],"_links":{"self":[{"href":"https:\/\/www.cmc.mg.gov.br\/index.php?rest_route=\/wp\/v2\/posts\/19759","targetHints":{"allow":["GET"]}}],"collection":[{"href":"https:\/\/www.cmc.mg.gov.br\/index.php?rest_route=\/wp\/v2\/posts"}],"about":[{"href":"https:\/\/www.cmc.mg.gov.br\/index.php?rest_route=\/wp\/v2\/types\/post"}],"author":[{"embeddable":true,"href":"https:\/\/www.cmc.mg.gov.br\/index.php?rest_route=\/wp\/v2\/users\/2"}],"replies":[{"embeddable":true,"href":"https:\/\/www.cmc.mg.gov.br\/index.php?rest_route=%2Fwp%2Fv2%2Fcomments&post=19759"}],"version-history":[{"count":3,"href":"https:\/\/www.cmc.mg.gov.br\/index.php?rest_route=\/wp\/v2\/posts\/19759\/revisions"}],"predecessor-version":[{"id":19765,"href":"https:\/\/www.cmc.mg.gov.br\/index.php?rest_route=\/wp\/v2\/posts\/19759\/revisions\/19765"}],"wp:featuredmedia":[{"embeddable":true,"href":"https:\/\/www.cmc.mg.gov.br\/index.php?rest_route=\/wp\/v2\/media\/19760"}],"wp:attachment":[{"href":"https:\/\/www.cmc.mg.gov.br\/index.php?rest_route=%2Fwp%2Fv2%2Fmedia&parent=19759"}],"wp:term":[{"taxonomy":"category","embeddable":true,"href":"https:\/\/www.cmc.mg.gov.br\/index.php?rest_route=%2Fwp%2Fv2%2Fcategories&post=19759"},{"taxonomy":"post_tag","embeddable":true,"href":"https:\/\/www.cmc.mg.gov.br\/index.php?rest_route=%2Fwp%2Fv2%2Ftags&post=19759"}],"curies":[{"name":"wp","href":"https:\/\/api.w.org\/{rel}","templated":true}]}}