
{"id":19769,"date":"2021-10-26T16:44:12","date_gmt":"2021-10-26T19:44:12","guid":{"rendered":"http:\/\/www.cmc.mg.gov.br\/?p=19769"},"modified":"2021-10-26T16:57:19","modified_gmt":"2021-10-26T19:57:19","slug":"cegueira-monocular-pode-ser-considerada-deficiencia-para-fins-de-beneficios-em-contagem","status":"publish","type":"post","link":"https:\/\/www.cmc.mg.gov.br\/?p=19769","title":{"rendered":"Cegueira monocular pode ser considerada defici\u00eancia para fins de benef\u00edcios em Contagem"},"content":{"rendered":"<p style=\"text-align: justify;\"><span style=\"font-weight: 400;\">Seguindo a legisla\u00e7\u00e3o federal, Contagem est\u00e1 prestes a reconhecer a cegueira monocular &#8211; aquela que, segundo a Organiza\u00e7\u00e3o Mundial da Sa\u00fade (OMS), acomete pelo menos 80% da vis\u00e3o de um dos olhos &#8211; como defici\u00eancia, a fim de que as pessoas com esse problema tenham pleno acesso e direito a programas, benef\u00edcios ou tratamentos especiais destinados a cidad\u00e3os com outras defici\u00eancias.<\/span><\/p>\n<p style=\"text-align: justify;\"><span style=\"font-weight: 400;\">Aprovado em segundo turno e reda\u00e7\u00e3o final por unanimidade na reuni\u00e3o plen\u00e1ria desta ter\u00e7a-feira (26\/10), o <a href=\"http:\/\/legislativo.cmc.mg.gov.br:8080\/sapl\/consultas\/materia\/materia_mostrar_proc?cod_materia=29202\" target=\"_blank\" rel=\"noopener noreferrer\">Projeto de Lei n\u00ba 106\/2021<\/a>, de autoria do vereador Daniel do Irineu (PP), leva em considera\u00e7\u00e3o que a cegueira monocular j\u00e1 \u00e9 considerada uma defici\u00eancia pela Lei de Cotas (<a href=\"http:\/\/www.planalto.gov.br\/ccivil_03\/_ato2011-2014\/2012\/lei\/l12711.htm\" target=\"_blank\" rel=\"noopener noreferrer\">Lei 12.711, de 2012<\/a>) e para disputas em concursos p\u00fablicos, com vagas reservadas.\u00a0<\/span><\/p>\n<p style=\"text-align: justify;\"><span style=\"font-weight: 400;\">Al\u00e9m disso, recentemente o Governo Federal sancionou a <a href=\"https:\/\/www.in.gov.br\/en\/web\/dou\/-\/lei-n-14.126-de-22-de-marco-de-2021-309942029\" target=\"_blank\" rel=\"noopener noreferrer\">Lei 14.126<\/a>, regulamentada pelo <a href=\"http:\/\/www.planalto.gov.br\/ccivil_03\/_ato2019-2022\/2021\/decreto\/D10654.htm\" target=\"_blank\" rel=\"noopener noreferrer\">Decreto 10.654\/21<\/a>, que classifica a vis\u00e3o monocular como defici\u00eancia visual e, assim, os portadores dessa insufici\u00eancia visual passam a ter acesso a benef\u00edcios previdenci\u00e1rios, como aposentadorias por invalidez e isen\u00e7\u00f5es tribut\u00e1rias na compra de autom\u00f3veis, por exemplo. A lei tamb\u00e9m assegura aos monoculares o acesso gratuito, por meio do Sistema \u00danico de Sa\u00fade (SUS), a medicamentos e pr\u00f3teses.<a href=\"http:\/\/www.cmc.mg.gov.br\/wordpress\/wp-content\/uploads\/2021\/10\/FOTO-CLEIDE-AMARAL-165.jpg\"><img loading=\"lazy\" decoding=\"async\" class=\"size-medium wp-image-19774 alignright\" src=\"http:\/\/www.cmc.mg.gov.br\/wordpress\/wp-content\/uploads\/2021\/10\/FOTO-CLEIDE-AMARAL-165-200x300.jpg\" alt=\"\" width=\"200\" height=\"300\" srcset=\"https:\/\/www.cmc.mg.gov.br\/wordpress\/wp-content\/uploads\/2021\/10\/FOTO-CLEIDE-AMARAL-165-200x300.jpg 200w, https:\/\/www.cmc.mg.gov.br\/wordpress\/wp-content\/uploads\/2021\/10\/FOTO-CLEIDE-AMARAL-165-683x1024.jpg 683w, https:\/\/www.cmc.mg.gov.br\/wordpress\/wp-content\/uploads\/2021\/10\/FOTO-CLEIDE-AMARAL-165-768x1152.jpg 768w, https:\/\/www.cmc.mg.gov.br\/wordpress\/wp-content\/uploads\/2021\/10\/FOTO-CLEIDE-AMARAL-165-1024x1536.jpg 1024w, https:\/\/www.cmc.mg.gov.br\/wordpress\/wp-content\/uploads\/2021\/10\/FOTO-CLEIDE-AMARAL-165-1365x2048.jpg 1365w, https:\/\/www.cmc.mg.gov.br\/wordpress\/wp-content\/uploads\/2021\/10\/FOTO-CLEIDE-AMARAL-165.jpg 1600w\" sizes=\"auto, (max-width: 200px) 100vw, 200px\" \/><\/a><\/span><\/p>\n<p style=\"text-align: justify;\"><span style=\"font-weight: 400;\">Geralmente, as atividades profissionais que dependem de uma vis\u00e3o n\u00edtida para o perfeito desempenho de suas fun\u00e7\u00f5es, como cabeleireiros, cirurgi\u00f5es, motoristas, maquinistas e mec\u00e2nicos, t\u00eam empecilhos por terem suas condi\u00e7\u00f5es de trabalho bastante reduzidas.<\/span><\/p>\n<p style=\"text-align: justify;\"><span style=\"font-weight: 400;\">\u201cAtualmente, estima-se que no pa\u00eds mais de 400 mil pessoas s\u00e3o portadoras dessa defici\u00eancia visual. Esses brasileiros e brasileiras sofrem com o preconceito e com dificuldade de acesso ao mercado de trabalho e, ainda assim, n\u00e3o se enquadram nos atuais crit\u00e9rios legais de defini\u00e7\u00e3o de defici\u00eancia, o que as impede de obter os justos benef\u00edcios garantidos nas leis\u201d, disse o autor do PL, na justificativa anexa ao projeto.\u00a0\u00a0<\/span><\/p>\n<p style=\"text-align: justify;\"><span style=\"font-weight: 400;\">A partir de agora, a proposi\u00e7\u00e3o ser\u00e1 enviada ao Executivo, que poder\u00e1 sancionar (aprovar) ou vetar (rejeitar total ou parcialmente o texto) a mat\u00e9ria. Caso seja sancionada, a proposta passa a valer como lei municipal, a partir da sua publica\u00e7\u00e3o em Di\u00e1rio Oficial.<\/span><\/p>\n<p style=\"text-align: justify;\"><b>A cegueira monocular<\/b><\/p>\n<p style=\"text-align: justify;\"><span style=\"font-weight: 400;\">A cegueira monocular acontece quando h\u00e1 perda parcial ou total de apenas um olho. Embora a pessoa continue com a vis\u00e3o completa em um dos olhos, a limita\u00e7\u00e3o da contravis\u00e3o diminui o campo visual perif\u00e9rico, o que, dentre outros sintomas, compromete a no\u00e7\u00e3o de profundidade e dificulta a localiza\u00e7\u00e3o espacial, gerando limita\u00e7\u00f5es ao cotidiano.\u00a0<\/span><\/p>\n<p style=\"text-align: justify;\"><span style=\"font-weight: 400;\">Ela pode ser causada por anomalias cong\u00eanitas, doen\u00e7as da retina ou da c\u00f3rnea, doen\u00e7as infecciosas intraoculares como a toxoplasmose, glaucoma, tumores intraoculares ou traumatismos no olho.<\/span><\/p>\n<p style=\"text-align: justify;\"><span style=\"font-weight: 400;\">Segundo o Conselho Brasileiro de Oftalmologia (CBO), as pessoas monoculares t\u00eam dificuldades com no\u00e7\u00f5es de dist\u00e2ncia, profundidade e espa\u00e7o, o que prejudica a coordena\u00e7\u00e3o motora e, consequentemente, o equil\u00edbrio. <\/span><\/p>\n","protected":false},"excerpt":{"rendered":"<p>Seguindo a legisla\u00e7\u00e3o federal, Contagem est\u00e1 prestes a reconhecer a cegueira monocular &#8211; aquela que, segundo a Organiza\u00e7\u00e3o Mundial da Sa\u00fade (OMS), acomete pelo menos 80% da vis\u00e3o de um dos olhos &#8211; como defici\u00eancia, a fim de que as pessoas com esse problema tenham pleno acesso e direito a programas, benef\u00edcios ou tratamentos especiais &hellip; <a href=\"https:\/\/www.cmc.mg.gov.br\/?p=19769\" class=\"more-link\">Continue lendo <span class=\"screen-reader-text\">Cegueira monocular pode ser considerada defici\u00eancia para fins de benef\u00edcios em Contagem<\/span> <span class=\"meta-nav\">&rarr;<\/span><\/a><\/p>\n","protected":false},"author":2,"featured_media":19773,"comment_status":"open","ping_status":"open","sticky":false,"template":"","format":"standard","meta":{"_exactmetrics_skip_tracking":false,"_exactmetrics_sitenote_active":false,"_exactmetrics_sitenote_note":"","_exactmetrics_sitenote_category":0,"footnotes":""},"categories":[8,27],"tags":[],"class_list":["post-19769","post","type-post","status-publish","format-standard","has-post-thumbnail","hentry","category-camara","category-noticias"],"_links":{"self":[{"href":"https:\/\/www.cmc.mg.gov.br\/index.php?rest_route=\/wp\/v2\/posts\/19769","targetHints":{"allow":["GET"]}}],"collection":[{"href":"https:\/\/www.cmc.mg.gov.br\/index.php?rest_route=\/wp\/v2\/posts"}],"about":[{"href":"https:\/\/www.cmc.mg.gov.br\/index.php?rest_route=\/wp\/v2\/types\/post"}],"author":[{"embeddable":true,"href":"https:\/\/www.cmc.mg.gov.br\/index.php?rest_route=\/wp\/v2\/users\/2"}],"replies":[{"embeddable":true,"href":"https:\/\/www.cmc.mg.gov.br\/index.php?rest_route=%2Fwp%2Fv2%2Fcomments&post=19769"}],"version-history":[{"count":3,"href":"https:\/\/www.cmc.mg.gov.br\/index.php?rest_route=\/wp\/v2\/posts\/19769\/revisions"}],"predecessor-version":[{"id":19777,"href":"https:\/\/www.cmc.mg.gov.br\/index.php?rest_route=\/wp\/v2\/posts\/19769\/revisions\/19777"}],"wp:featuredmedia":[{"embeddable":true,"href":"https:\/\/www.cmc.mg.gov.br\/index.php?rest_route=\/wp\/v2\/media\/19773"}],"wp:attachment":[{"href":"https:\/\/www.cmc.mg.gov.br\/index.php?rest_route=%2Fwp%2Fv2%2Fmedia&parent=19769"}],"wp:term":[{"taxonomy":"category","embeddable":true,"href":"https:\/\/www.cmc.mg.gov.br\/index.php?rest_route=%2Fwp%2Fv2%2Fcategories&post=19769"},{"taxonomy":"post_tag","embeddable":true,"href":"https:\/\/www.cmc.mg.gov.br\/index.php?rest_route=%2Fwp%2Fv2%2Ftags&post=19769"}],"curies":[{"name":"wp","href":"https:\/\/api.w.org\/{rel}","templated":true}]}}