
{"id":19812,"date":"2021-11-08T14:33:05","date_gmt":"2021-11-08T17:33:05","guid":{"rendered":"http:\/\/www.cmc.mg.gov.br\/?p=19812"},"modified":"2021-11-25T16:14:50","modified_gmt":"2021-11-25T19:14:50","slug":"pregao-presencial-no-009-2021-fornecimento-de-agendas-e-cadernos","status":"publish","type":"post","link":"https:\/\/www.cmc.mg.gov.br\/?p=19812","title":{"rendered":"Preg\u00e3o Presencial n\u00ba 009\/2021 &#8211; Fornecimento de agendas e cadernos"},"content":{"rendered":"<p style=\"text-align: center;\">AVISO DE LICITA\u00c7\u00c3O<\/p>\n<p style=\"text-align: justify;\">A C\u00e2mara Municipal de Contagem torna p\u00fablico, para conhecimento dos interessados, que far\u00e1 realizar licita\u00e7\u00e3o na modalidade Preg\u00e3o Presencial n\u00ba 009\/2021, Processo Administrativo n\u00ba 054\/2021, tipo menor pre\u00e7o, cujo o objeto \u00e9 CONTRATA\u00c7\u00c3O DE EMPRESA ESPECIALIZADA PARA O FORNECIMENTO DE AGENDAS E CADERNOS EXECUTIVOS PERSONALIZADOS PARA OS SERVIDORES DO QUADRO ADMINISTRATIVO DA C\u00c2MARA MUNICIPAL DE CONTAGEM, CONFORME QUANTITATIVOS E ESPECIFICA\u00c7\u00d5ES PRESENTES NO TERMO DE REFER\u00caNCIA. Data: 22 (vinte e dois) de novembro de 2021, a partir das 14h00min, em sua sede, na Pra\u00e7a S\u00e3o Gon\u00e7alo, n\u00ba 18, Centro, Contagem\/MG. O texto integral do edital (contendo todas as informa\u00e7\u00f5es sobre o certame) encontra-se \u00e0 disposi\u00e7\u00e3o dos interessados no site: http:\/\/www.cmc.mg.gov.br e pelo e-mail <a href=\"mailto:compras@cmc.mg.gov.br\">compras@cmc.mg.gov.br<\/a> &#8211; Comiss\u00e3o Permanente de Licita\u00e7\u00e3o, telefone: (31) 3359-9200 e (31) 3359-8700, no hor\u00e1rio de 09h00min as 18h00min horas, de segunda a sexta-feira, onde poder\u00e3o ser obtidos esclarecimentos adicionais.<\/p>\n<p style=\"text-align: justify;\">Contagem, 05 de novembro de 2021.<br \/>\nTh\u00e1ssia Dan\u00fabia Batista Le\u00e3o \u2013 Pregoeira.<\/p>\n<ul>\n<li><a href=\"http:\/\/www.cmc.mg.gov.br\/wordpress\/wp-content\/uploads\/2021\/11\/EDITAL-AGENDAS-E-CADERNOS-EXECUTIVOS-PERSONALIZADOS.pdf\" target=\"_blank\" rel=\"noopener noreferrer\">EDITAL AGENDAS E CADERNOS EXECUTIVOS PERSONALIZADOS<\/a> &#8211; 08\/11\/2021.<\/li>\n<li><a href=\"http:\/\/www.cmc.mg.gov.br\/wordpress\/wp-content\/uploads\/2021\/11\/ATA-DE-ABERTURA-PP-N\u00ba009-2021.pdf\" target=\"_blank\" rel=\"noopener noreferrer\">ATA DE ABERTURA PP N\u00ba009-2021<\/a> &#8211; 23\/11\/2021.<\/li>\n<li><a href=\"http:\/\/www.cmc.mg.gov.br\/wordpress\/wp-content\/uploads\/2021\/11\/RETIFICA\u00c7\u00c3O-ATA-PREG\u00c3O-PP-009.21.pdf\" target=\"_blank\" rel=\"noopener noreferrer\">RETIFICA\u00c7\u00c3O ATA PREG\u00c3O PP 009.21<\/a> &#8211; 24\/11\/2021.<\/li>\n<\/ul>\n","protected":false},"excerpt":{"rendered":"<p>AVISO DE LICITA\u00c7\u00c3O A C\u00e2mara Municipal de Contagem torna p\u00fablico, para conhecimento dos interessados, que far\u00e1 realizar licita\u00e7\u00e3o na modalidade Preg\u00e3o Presencial n\u00ba 009\/2021, Processo Administrativo n\u00ba 054\/2021, tipo menor pre\u00e7o, cujo o objeto \u00e9 CONTRATA\u00c7\u00c3O DE EMPRESA ESPECIALIZADA PARA O FORNECIMENTO DE AGENDAS E CADERNOS EXECUTIVOS PERSONALIZADOS PARA OS SERVIDORES DO QUADRO ADMINISTRATIVO DA &hellip; <a href=\"https:\/\/www.cmc.mg.gov.br\/?p=19812\" class=\"more-link\">Continue lendo <span class=\"screen-reader-text\">Preg\u00e3o Presencial n\u00ba 009\/2021 &#8211; Fornecimento de agendas e cadernos<\/span> <span class=\"meta-nav\">&rarr;<\/span><\/a><\/p>\n","protected":false},"author":3,"featured_media":0,"comment_status":"open","ping_status":"open","sticky":false,"template":"","format":"standard","meta":{"_exactmetrics_skip_tracking":false,"_exactmetrics_sitenote_active":false,"_exactmetrics_sitenote_note":"","_exactmetrics_sitenote_category":0,"footnotes":""},"categories":[21],"tags":[],"class_list":["post-19812","post","type-post","status-publish","format-standard","hentry","category-licitacoes"],"_links":{"self":[{"href":"https:\/\/www.cmc.mg.gov.br\/index.php?rest_route=\/wp\/v2\/posts\/19812","targetHints":{"allow":["GET"]}}],"collection":[{"href":"https:\/\/www.cmc.mg.gov.br\/index.php?rest_route=\/wp\/v2\/posts"}],"about":[{"href":"https:\/\/www.cmc.mg.gov.br\/index.php?rest_route=\/wp\/v2\/types\/post"}],"author":[{"embeddable":true,"href":"https:\/\/www.cmc.mg.gov.br\/index.php?rest_route=\/wp\/v2\/users\/3"}],"replies":[{"embeddable":true,"href":"https:\/\/www.cmc.mg.gov.br\/index.php?rest_route=%2Fwp%2Fv2%2Fcomments&post=19812"}],"version-history":[{"count":5,"href":"https:\/\/www.cmc.mg.gov.br\/index.php?rest_route=\/wp\/v2\/posts\/19812\/revisions"}],"predecessor-version":[{"id":19946,"href":"https:\/\/www.cmc.mg.gov.br\/index.php?rest_route=\/wp\/v2\/posts\/19812\/revisions\/19946"}],"wp:attachment":[{"href":"https:\/\/www.cmc.mg.gov.br\/index.php?rest_route=%2Fwp%2Fv2%2Fmedia&parent=19812"}],"wp:term":[{"taxonomy":"category","embeddable":true,"href":"https:\/\/www.cmc.mg.gov.br\/index.php?rest_route=%2Fwp%2Fv2%2Fcategories&post=19812"},{"taxonomy":"post_tag","embeddable":true,"href":"https:\/\/www.cmc.mg.gov.br\/index.php?rest_route=%2Fwp%2Fv2%2Ftags&post=19812"}],"curies":[{"name":"wp","href":"https:\/\/api.w.org\/{rel}","templated":true}]}}