
{"id":20076,"date":"2021-12-13T17:01:40","date_gmt":"2021-12-13T20:01:40","guid":{"rendered":"http:\/\/www.cmc.mg.gov.br\/?p=20076"},"modified":"2021-12-13T17:06:48","modified_gmt":"2021-12-13T20:06:48","slug":"legislativo-aprova-aumento-de-contribuicao-patronal-para-previdencia-municipal","status":"publish","type":"post","link":"https:\/\/www.cmc.mg.gov.br\/?p=20076","title":{"rendered":"Legislativo aprova aumento de contribui\u00e7\u00e3o patronal para previd\u00eancia municipal"},"content":{"rendered":"<p style=\"text-align: justify;\">Quase um ano ap\u00f3s o aumento das al\u00edquotas de contribui\u00e7\u00e3o previdenci\u00e1ria dos servidores municipais &#8211; <a href=\"http:\/\/www.cmc.mg.gov.br\/?p=18004\" target=\"_blank\" rel=\"noopener noreferrer\">de 11% para 14% da remunera\u00e7\u00e3o<\/a> &#8211; o Legislativo de Contagem aprovou, na \u00faltima semana, o <a href=\"http:\/\/legislativo.cmc.mg.gov.br:8080\/sapl\/consultas\/materia\/materia_mostrar_proc?cod_materia=31939\" target=\"_blank\" rel=\"noopener noreferrer\">Projeto de Lei Complementar \u00a0(PLC) 08\/2021<\/a>, do Executivo, que altera a al\u00edquota patronal, de 22% para 28%.<\/p>\n<p style=\"text-align: justify;\">A medida se insere no contexto da Emenda Constitucional 103, de 2019, que trouxe uma s\u00e9rie de regras com o objetivo de buscar o equil\u00edbrio financeiro e atuarial dos regimes pr\u00f3prios de previd\u00eancia social (RPPS) em todo o Brasil. Nesse sentido, al\u00e9m do aumento das al\u00edquotas de contribui\u00e7\u00e3o de servidores, aposentados e pensionistas, e agora dos \u00f3rg\u00e3os da administra\u00e7\u00e3o p\u00fablica, a C\u00e2mara Municipal j\u00e1 aprovou, em setembro deste ano, a cria\u00e7\u00e3o de um teto de aposentadorias e a <a href=\"http:\/\/www.cmc.mg.gov.br\/?p=19610\" target=\"_blank\" rel=\"noopener noreferrer\">institui\u00e7\u00e3o da previd\u00eancia complementar<\/a>.<\/p>\n<p style=\"text-align: justify;\">Em mensagem sobre o projeto, a prefeita Mar\u00edlia Campos explica que o PLC \u00e9 apresentado como medida de compromisso com a sustentabilidade do regime de aposentadoria e pens\u00f5es dos servidores p\u00fablicos de Contagem (Previcon). &#8220;Visa a fortalecer o equil\u00edbrio financeiro &#8211; equival\u00eancia entre receitas e despesas no curto prazo &#8211; objetivando minimizar as oscila\u00e7\u00f5es do fluxo de entrada e sa\u00edda de recursos a cada ano&#8221;, destaca. Ela acrescenta que, em caso de insufici\u00eancia de recursos, o Munic\u00edpio pode fazer aportes mensais.<\/p>\n<p style=\"text-align: justify;\"><strong>Tramita\u00e7\u00e3o<\/strong><\/p>\n<p style=\"text-align: justify;\">O PLC 08\/2021 foi protocolado na C\u00e2mara no dia 22 de novembro, sem passar pela aprecia\u00e7\u00e3o do Conselho Municipal de Previd\u00eancia (CMP), \u00f3rg\u00e3o representativo dos servidores que tem como uma de suas atribui\u00e7\u00f5es &#8220;examinar e emitir parecer conclusivo sobre propostas de altera\u00e7\u00e3o da pol\u00edtica previdenci\u00e1ria do Munic\u00edpio&#8221;, conforme Art. 26, da Lei Complementar 05\/2005.<\/p>\n<p style=\"text-align: justify;\">Apenas ap\u00f3s o parecer da Procuradoria do Legislativo, recomendando \u00e0s comiss\u00f5es parlamentares que o projeto fosse admitido somente ap\u00f3s avalia\u00e7\u00e3o CMP, a Administra\u00e7\u00e3o Municipal submeteu a mat\u00e9ria aos conselheiros. Estes se manifestaram, em reuni\u00e3o remota e por of\u00edcio encaminhado \u00e0 Prefeitura, contrariamente ao procedimento, mas favor\u00e1vel ao conte\u00fado do PLC.<\/p>\n<p style=\"text-align: justify;\">&#8220;N\u00e3o obstante o regramento, este CMP n\u00e3o foi consultado previamente sobre o envio do Projeto de Lei Complementar para a C\u00e2mara Municipal de Contagem. A fim de se evitar futura argui\u00e7\u00e3o de ilegalidade de mat\u00e9rias eventualmente promulgadas, este Conselho solicita que o Executivo observe e siga os fluxos e prazos para as delibera\u00e7\u00f5es. No entanto, por se tratar de um assunto que beneficia o Fundo Municipal de Previd\u00eancia dos servidores de Contagem, este CMP aprova o texto do referido PLC&#8221;, diz o documento.<\/p>\n<p style=\"text-align: justify;\">Com os devidos pareceres, o projeto foi para discuss\u00e3o e vota\u00e7\u00e3o em plen\u00e1rio, quando o vereador Carlin Moura (PDT) se manifestou sobre a mat\u00e9ria. &#8220;\u00c9 um projeto importante para os servidores p\u00fablicos de Contagem e para o regime pr\u00f3prio de previd\u00eancia, pois trata da majora\u00e7\u00e3o da al\u00edquota patronal para 28%, sem mexer na contribui\u00e7\u00e3o do trabalhador. Manter a sa\u00fade financeira do Previcon \u00e9 fundamental para garantir aposentadorias e benef\u00edcios previdenci\u00e1rios dos nossos servidores p\u00fablicos&#8221;, explicou o parlamentar.<\/p>\n<p style=\"text-align: justify;\">Aprovada em dois turnos e reda\u00e7\u00e3o final, a proposi\u00e7\u00e3o segue para a Prefeitura de Contagem e a Lei Complementar entra em vigor 90 dias ap\u00f3s sua publica\u00e7\u00e3o no Di\u00e1rio Oficial do Munic\u00edpio.<\/p>\n","protected":false},"excerpt":{"rendered":"<p>Quase um ano ap\u00f3s o aumento das al\u00edquotas de contribui\u00e7\u00e3o previdenci\u00e1ria dos servidores municipais &#8211; de 11% para 14% da remunera\u00e7\u00e3o &#8211; o Legislativo de Contagem aprovou, na \u00faltima semana, o Projeto de Lei Complementar \u00a0(PLC) 08\/2021, do Executivo, que altera a al\u00edquota patronal, de 22% para 28%. A medida se insere no contexto da &hellip; <a href=\"https:\/\/www.cmc.mg.gov.br\/?p=20076\" class=\"more-link\">Continue lendo <span class=\"screen-reader-text\">Legislativo aprova aumento de contribui\u00e7\u00e3o patronal para previd\u00eancia municipal<\/span> <span class=\"meta-nav\">&rarr;<\/span><\/a><\/p>\n","protected":false},"author":3,"featured_media":20077,"comment_status":"open","ping_status":"open","sticky":false,"template":"","format":"standard","meta":{"_exactmetrics_skip_tracking":false,"_exactmetrics_sitenote_active":false,"_exactmetrics_sitenote_note":"","_exactmetrics_sitenote_category":0,"footnotes":""},"categories":[27],"tags":[],"class_list":["post-20076","post","type-post","status-publish","format-standard","has-post-thumbnail","hentry","category-noticias"],"_links":{"self":[{"href":"https:\/\/www.cmc.mg.gov.br\/index.php?rest_route=\/wp\/v2\/posts\/20076","targetHints":{"allow":["GET"]}}],"collection":[{"href":"https:\/\/www.cmc.mg.gov.br\/index.php?rest_route=\/wp\/v2\/posts"}],"about":[{"href":"https:\/\/www.cmc.mg.gov.br\/index.php?rest_route=\/wp\/v2\/types\/post"}],"author":[{"embeddable":true,"href":"https:\/\/www.cmc.mg.gov.br\/index.php?rest_route=\/wp\/v2\/users\/3"}],"replies":[{"embeddable":true,"href":"https:\/\/www.cmc.mg.gov.br\/index.php?rest_route=%2Fwp%2Fv2%2Fcomments&post=20076"}],"version-history":[{"count":3,"href":"https:\/\/www.cmc.mg.gov.br\/index.php?rest_route=\/wp\/v2\/posts\/20076\/revisions"}],"predecessor-version":[{"id":20080,"href":"https:\/\/www.cmc.mg.gov.br\/index.php?rest_route=\/wp\/v2\/posts\/20076\/revisions\/20080"}],"wp:featuredmedia":[{"embeddable":true,"href":"https:\/\/www.cmc.mg.gov.br\/index.php?rest_route=\/wp\/v2\/media\/20077"}],"wp:attachment":[{"href":"https:\/\/www.cmc.mg.gov.br\/index.php?rest_route=%2Fwp%2Fv2%2Fmedia&parent=20076"}],"wp:term":[{"taxonomy":"category","embeddable":true,"href":"https:\/\/www.cmc.mg.gov.br\/index.php?rest_route=%2Fwp%2Fv2%2Fcategories&post=20076"},{"taxonomy":"post_tag","embeddable":true,"href":"https:\/\/www.cmc.mg.gov.br\/index.php?rest_route=%2Fwp%2Fv2%2Ftags&post=20076"}],"curies":[{"name":"wp","href":"https:\/\/api.w.org\/{rel}","templated":true}]}}