
{"id":203,"date":"2014-02-06T19:13:35","date_gmt":"2014-02-06T19:13:35","guid":{"rendered":"http:\/\/www.novosite.cmc.mg.gov.br\/?p=203"},"modified":"2014-02-06T19:13:35","modified_gmt":"2014-02-06T19:13:35","slug":"camara-de-cara-nova","status":"publish","type":"post","link":"https:\/\/www.cmc.mg.gov.br\/?p=203","title":{"rendered":"C\u00c2MARA DE CARA NOVA"},"content":{"rendered":"<p>Acompanhando o crescimento e a moderniza\u00e7\u00e3o da cidade, a C\u00e2mara Municipal de Contagem deve passar por uma grande reforma e amplia\u00e7\u00e3o a partir do pr\u00f3ximo ano. Dentre as mudan\u00e7as, destaca-se a constru\u00e7\u00e3o de mais um pr\u00e9dio onde hoje \u00e9 o estacionamento para funcion\u00e1rios, cuja entrada fica na Rua Joaquim Rocha, que fica atr\u00e1s da portaria principal da C\u00e2mara.<\/p>\n<p>O projeto arquitet\u00f4nico \u00e9 assinado pelo conceituado arquiteto Gustavo Penna, que foi tamb\u00e9m o autor do projeto de reforma do atual pr\u00e9dio da C\u00e2mara, na \u00e9poca em que o Legislativo mudou para seu atual endere\u00e7o, onde antes funcionava a Prefeitura. Al\u00e9m disso, Gustavo Penna assinou outros projetos arquitet\u00f4nicos de importantes espa\u00e7os da regi\u00e3o da Sede de Contagem: o Espa\u00e7o Popular e a Pra\u00e7a da Jabuticaba.<\/p>\n<p>A previs\u00e3o \u00e9 de que as obras durem 36 meses e, no momento, a C\u00e2mara est\u00e1 na fase de avalia\u00e7\u00e3o de projetos complementares. O novo edif\u00edcio dever\u00e1 abrigar, depois de pronto, os gabinetes de vereadores. No pr\u00e9dio antigo, ficar\u00e1 toda a parte administrativa da C\u00e2mara.<\/p>\n<p>O pr\u00e9dio que ser\u00e1 constru\u00eddo ter\u00e1 nove andares, e vai aumentar consideravelmente o n\u00famero de vagas de estacionamento para os funcion\u00e1rios. N\u00e3o ser\u00e1 constru\u00eddo um novo plen\u00e1rio, mas o atual ser\u00e1 reformulado e ampliado. No mais, ele atender\u00e1 a todas as exig\u00eancias feitas pelo Minist\u00e9rio P\u00fablico no que diz respeito \u00e0 acessibilidade.<\/p>\n<p>No ano passado, a C\u00e2mara j\u00e1 havia passado por algumas interven\u00e7\u00f5es com o objetivo de facilitar o acesso de deficientes a todas as suas \u00e1reas, inclusive ao plen\u00e1rio. No entanto, muita coisa n\u00e3o pode ser alterada, j\u00e1 que o pr\u00e9dio \u00e9 muito antigo e algumas das exig\u00eancias do MP exigiriam mudan\u00e7as na sua pr\u00f3pria estrutura.<\/p>\n<p>De acordo com o presidente do Legislativo, vereador Gil Ant\u00f4nio Diniz &#8211;\u00a0<em><a href=\"http:\/\/www.cmc.mg.gov.br\/CMC_Site\/site\/Vereador?id=8\" target=\"_blank\">Teteco<\/a><\/em>\u00a0(PMDB), a C\u00e2mara precisa passar por uma amplia\u00e7\u00e3o, j\u00e1 que deve cumprir as exig\u00eancias do MP e ainda melhorar as instala\u00e7\u00f5es para atender melhor aos funcion\u00e1rios e \u00e0 popula\u00e7\u00e3o. &#8220;Vamos seguir a moderniza\u00e7\u00e3o da cidade e dos \u00f3rg\u00e3os p\u00fablicos de Contagem. O Minist\u00e9rio P\u00fablico j\u00e1 funciona em um novo pr\u00e9dio e o F\u00f3rum tamb\u00e9m ter\u00e1 novas instala\u00e7\u00f5es em breve&#8221;, explicou.<\/p>\n<p>Confira, abaixo, algumas das imagens que integram o projeto arquitet\u00f4nico do novo pr\u00e9dio da C\u00e2mara Municipal de Contagem.<\/p>\n<p><a href=\"http:\/\/172.16.1.101\/wordpress\/wp-content\/uploads\/2014\/02\/Noticia-31.jpeg\"><img loading=\"lazy\" decoding=\"async\" class=\"alignleft size-medium wp-image-205\" alt=\"Noticia-3\" src=\"http:\/\/172.16.1.101\/wordpress\/wp-content\/uploads\/2014\/02\/Noticia-31-300x150.jpeg\" width=\"300\" height=\"150\" srcset=\"https:\/\/www.cmc.mg.gov.br\/wordpress\/wp-content\/uploads\/2014\/02\/Noticia-31-300x150.jpeg 300w, https:\/\/www.cmc.mg.gov.br\/wordpress\/wp-content\/uploads\/2014\/02\/Noticia-31.jpeg 400w\" sizes=\"auto, (max-width: 300px) 100vw, 300px\" \/><\/a> <a href=\"http:\/\/172.16.1.101\/wordpress\/wp-content\/uploads\/2014\/02\/Noticia-41.jpeg\"><img loading=\"lazy\" decoding=\"async\" class=\"alignleft size-medium wp-image-206\" alt=\"Noticia-4\" src=\"http:\/\/172.16.1.101\/wordpress\/wp-content\/uploads\/2014\/02\/Noticia-41-300x150.jpeg\" width=\"300\" height=\"150\" srcset=\"https:\/\/www.cmc.mg.gov.br\/wordpress\/wp-content\/uploads\/2014\/02\/Noticia-41-300x150.jpeg 300w, https:\/\/www.cmc.mg.gov.br\/wordpress\/wp-content\/uploads\/2014\/02\/Noticia-41.jpeg 400w\" sizes=\"auto, (max-width: 300px) 100vw, 300px\" \/><\/a> <a href=\"http:\/\/172.16.1.101\/wordpress\/wp-content\/uploads\/2014\/02\/Noticia-51.jpeg\"><img loading=\"lazy\" decoding=\"async\" class=\"alignleft size-medium wp-image-207\" alt=\"Noticia-5\" src=\"http:\/\/172.16.1.101\/wordpress\/wp-content\/uploads\/2014\/02\/Noticia-51-300x150.jpeg\" width=\"300\" height=\"150\" srcset=\"https:\/\/www.cmc.mg.gov.br\/wordpress\/wp-content\/uploads\/2014\/02\/Noticia-51-300x150.jpeg 300w, https:\/\/www.cmc.mg.gov.br\/wordpress\/wp-content\/uploads\/2014\/02\/Noticia-51.jpeg 400w\" sizes=\"auto, (max-width: 300px) 100vw, 300px\" \/><\/a> <a href=\"http:\/\/172.16.1.101\/wordpress\/wp-content\/uploads\/2014\/02\/Noticia-61.jpeg\"><img loading=\"lazy\" decoding=\"async\" class=\"alignleft size-medium wp-image-208\" alt=\"Noticia-6\" src=\"http:\/\/172.16.1.101\/wordpress\/wp-content\/uploads\/2014\/02\/Noticia-61-300x150.jpeg\" width=\"300\" height=\"150\" srcset=\"https:\/\/www.cmc.mg.gov.br\/wordpress\/wp-content\/uploads\/2014\/02\/Noticia-61-300x150.jpeg 300w, https:\/\/www.cmc.mg.gov.br\/wordpress\/wp-content\/uploads\/2014\/02\/Noticia-61.jpeg 400w\" sizes=\"auto, (max-width: 300px) 100vw, 300px\" \/><\/a> <a href=\"http:\/\/172.16.1.101\/wordpress\/wp-content\/uploads\/2014\/02\/Noticia-71.jpeg\"><img loading=\"lazy\" decoding=\"async\" class=\"alignleft size-medium wp-image-209\" alt=\"Noticia-7\" src=\"http:\/\/172.16.1.101\/wordpress\/wp-content\/uploads\/2014\/02\/Noticia-71-300x150.jpeg\" width=\"300\" height=\"150\" srcset=\"https:\/\/www.cmc.mg.gov.br\/wordpress\/wp-content\/uploads\/2014\/02\/Noticia-71-300x150.jpeg 300w, https:\/\/www.cmc.mg.gov.br\/wordpress\/wp-content\/uploads\/2014\/02\/Noticia-71.jpeg 400w\" sizes=\"auto, (max-width: 300px) 100vw, 300px\" \/><\/a> <a href=\"http:\/\/172.16.1.101\/wordpress\/wp-content\/uploads\/2014\/02\/Noticia-8.jpeg\"><img loading=\"lazy\" decoding=\"async\" class=\"alignleft size-medium wp-image-210\" alt=\"Noticia-8\" src=\"http:\/\/172.16.1.101\/wordpress\/wp-content\/uploads\/2014\/02\/Noticia-8-300x150.jpeg\" width=\"300\" height=\"150\" srcset=\"https:\/\/www.cmc.mg.gov.br\/wordpress\/wp-content\/uploads\/2014\/02\/Noticia-8-300x150.jpeg 300w, https:\/\/www.cmc.mg.gov.br\/wordpress\/wp-content\/uploads\/2014\/02\/Noticia-8.jpeg 400w\" sizes=\"auto, (max-width: 300px) 100vw, 300px\" \/><\/a><\/p>\n","protected":false},"excerpt":{"rendered":"<p>Acompanhando o crescimento e a moderniza\u00e7\u00e3o da cidade, a C\u00e2mara Municipal de Contagem deve passar por uma grande reforma e amplia\u00e7\u00e3o a partir do pr\u00f3ximo ano. Dentre as mudan\u00e7as, destaca-se a constru\u00e7\u00e3o de mais um pr\u00e9dio onde hoje \u00e9 o estacionamento para funcion\u00e1rios, cuja entrada fica na Rua Joaquim Rocha, que fica atr\u00e1s da portaria &hellip; <a href=\"https:\/\/www.cmc.mg.gov.br\/?p=203\" class=\"more-link\">Continue lendo <span class=\"screen-reader-text\">C\u00c2MARA DE CARA NOVA<\/span> <span class=\"meta-nav\">&rarr;<\/span><\/a><\/p>\n","protected":false},"author":1,"featured_media":204,"comment_status":"open","ping_status":"open","sticky":false,"template":"","format":"standard","meta":{"_exactmetrics_skip_tracking":false,"_exactmetrics_sitenote_active":false,"_exactmetrics_sitenote_note":"","_exactmetrics_sitenote_category":0,"footnotes":""},"categories":[27],"tags":[30,31],"class_list":["post-203","post","type-post","status-publish","format-standard","has-post-thumbnail","hentry","category-noticias","tag-novo-predio","tag-obras"],"_links":{"self":[{"href":"https:\/\/www.cmc.mg.gov.br\/index.php?rest_route=\/wp\/v2\/posts\/203","targetHints":{"allow":["GET"]}}],"collection":[{"href":"https:\/\/www.cmc.mg.gov.br\/index.php?rest_route=\/wp\/v2\/posts"}],"about":[{"href":"https:\/\/www.cmc.mg.gov.br\/index.php?rest_route=\/wp\/v2\/types\/post"}],"author":[{"embeddable":true,"href":"https:\/\/www.cmc.mg.gov.br\/index.php?rest_route=\/wp\/v2\/users\/1"}],"replies":[{"embeddable":true,"href":"https:\/\/www.cmc.mg.gov.br\/index.php?rest_route=%2Fwp%2Fv2%2Fcomments&post=203"}],"version-history":[{"count":1,"href":"https:\/\/www.cmc.mg.gov.br\/index.php?rest_route=\/wp\/v2\/posts\/203\/revisions"}],"predecessor-version":[{"id":211,"href":"https:\/\/www.cmc.mg.gov.br\/index.php?rest_route=\/wp\/v2\/posts\/203\/revisions\/211"}],"wp:featuredmedia":[{"embeddable":true,"href":"https:\/\/www.cmc.mg.gov.br\/index.php?rest_route=\/wp\/v2\/media\/204"}],"wp:attachment":[{"href":"https:\/\/www.cmc.mg.gov.br\/index.php?rest_route=%2Fwp%2Fv2%2Fmedia&parent=203"}],"wp:term":[{"taxonomy":"category","embeddable":true,"href":"https:\/\/www.cmc.mg.gov.br\/index.php?rest_route=%2Fwp%2Fv2%2Fcategories&post=203"},{"taxonomy":"post_tag","embeddable":true,"href":"https:\/\/www.cmc.mg.gov.br\/index.php?rest_route=%2Fwp%2Fv2%2Ftags&post=203"}],"curies":[{"name":"wp","href":"https:\/\/api.w.org\/{rel}","templated":true}]}}