
{"id":20713,"date":"2022-05-05T15:22:29","date_gmt":"2022-05-05T18:22:29","guid":{"rendered":"http:\/\/www.cmc.mg.gov.br\/?p=20713"},"modified":"2022-05-05T15:24:14","modified_gmt":"2022-05-05T18:24:14","slug":"vereadores-e-copasa-se-reunem-para-discutir-servico-terceirizado","status":"publish","type":"post","link":"https:\/\/www.cmc.mg.gov.br\/?p=20713","title":{"rendered":"Vereadores e Copasa se re\u00fanem para discutir servi\u00e7o terceirizado"},"content":{"rendered":"<p style=\"text-align: justify;\"><span style=\"font-weight: 400;\">S\u00e3o comuns, nas reuni\u00f5es plen\u00e1rias da C\u00e2mara, a exposi\u00e7\u00e3o de reclama\u00e7\u00f5es e den\u00fancias de mun\u00edcipes em rela\u00e7\u00e3o \u00e0 presta\u00e7\u00e3o de servi\u00e7os da Companhia de saneamento de Minas gerais (<\/span><span style=\"font-weight: 400;\">Copasa). As maiores queixas trazidas pelos vereadores s\u00e3o em rela\u00e7\u00e3o ao servi\u00e7o que \u00e9 feito pelas empresas terceirizadas da institui\u00e7\u00e3o, que ficam respons\u00e1veis pelo reparo do asfalto depois das interven\u00e7\u00f5es da Copasa.\u00a0<\/span><\/p>\n<p style=\"text-align: justify;\"><span style=\"font-weight: 400;\">\u201cQuando n\u00e3o deixam quebra-molas, deixam depress\u00f5es na pista\u201d, disse o vereador Jos\u00e9 Carlos Gomes, durante mais uma reuni\u00e3o realizada entre vereadores e representantes da Copasa na presid\u00eancia da C\u00e2mara. O encontro aconteceu na manh\u00e3 desta quinta-feira (05\/05) e reuniu, al\u00e9m de v\u00e1rios vereadores, a engenheira de intera\u00e7\u00e3o da Copasa, Luciana Pacheco, a gerente regional de Contagem, Renata Mayrink, e o representante da empreiteira terceirizada que presta servi\u00e7os \u00e0 Companhia em Contagem, Reginaldo Jos\u00e9 Chaves.\u00a0<\/span><\/p>\n<p style=\"text-align: justify;\"><span style=\"font-weight: 400;\">Todos os vereadores puderam, na ocasi\u00e3o, expor as principais d\u00favidas e reclama\u00e7\u00f5es. Bruno Barreiro, por exemplo, criticou n\u00e3o s\u00f3 a qualidade do servi\u00e7o da terceirizada, mas tamb\u00e9m a morosidade em se fazer a repara\u00e7\u00e3o em certos lugares. Pastor Itamar ressaltou que, quando isso acontece, a Copasa fica com sua imagem comprometida perante a popula\u00e7\u00e3o, que acaba sofrendo com o servi\u00e7o falho da terceirizada.<\/span><\/p>\n<p style=\"text-align: justify;\"><span style=\"font-weight: 400;\">Geg\u00ea Marreco e Denilson da Juc listaram alguns locais que apresentam problemas cr\u00f4nicos de vazamento de esgoto e de pavimenta\u00e7\u00e3o comprometida ap\u00f3s interven\u00e7\u00f5es da Copasa na regi\u00e3o do Ressaca, e questionaram, inclusive, a qualidade do material usado no asfaltamento.\u00a0<\/span><\/p>\n<p style=\"text-align: justify;\"><span style=\"font-weight: 400;\">O presidente Alex Chiodi refor\u00e7ou as reclama\u00e7\u00f5es dos colegas e disse que o problema da demora no reparo se torna ainda pior quando acontece em vias de grande circula\u00e7\u00e3o, dando exemplos j\u00e1 ocorridos na avenida Jo\u00e3o C\u00e9sar de Oliveira e na avenida Joaquim Costa, principal liga\u00e7\u00e3o da regi\u00e3o do Ressaca com o Centro de Contagem.<\/span><\/p>\n<p style=\"text-align: justify;\"><span style=\"font-weight: 400;\">Em resposta \u00e0s reclama\u00e7\u00f5es sobre a terceirizada, Renata esclareceu que at\u00e9 novembro do ano passado a Copasa passou por per\u00edodos de instabilidade e troca de empreiteiras que fazem os servi\u00e7os de reparo. Por\u00e9m, com o novo contrato com a Completa Engenharia, ganhadora da \u00faltima licita\u00e7\u00e3o para Contagem, os problemas t\u00eam sido resolvidos de forma mais satisfat\u00f3ria.<\/span><\/p>\n<p style=\"text-align: justify;\"><span style=\"font-weight: 400;\">Sobre essa quest\u00e3o, Reginaldo, representante da Completa Engenharia, explicou que, chegando a quase seis meses de contrato, os n\u00fameros mostram que os servi\u00e7os de reparo t\u00eam sido mais bem avaliados, \u201calcan\u00e7ando n\u00fameros aceit\u00e1veis\u201d. Por\u00e9m, ressaltou que o processo de demiss\u00e3o e recontrata\u00e7\u00e3o de m\u00e3o-de-obra tem sido constante, o que tamb\u00e9m impede que a melhora na execu\u00e7\u00e3o dos servi\u00e7os seja imediata. \u201cPor\u00e9m, estamos treinando funcion\u00e1rios e investindo muito na melhora da situa\u00e7\u00e3o\u201d, garantiu.<\/span><\/p>\n<p style=\"text-align: justify;\"><span style=\"font-weight: 400;\">Segundo Renata, o servi\u00e7o da Completa tem sido avaliado constantemente pela Copasa, inclusive com reuni\u00f5es mensais e aplica\u00e7\u00e3o de multas em certos casos, quando o prazo do reparo, que \u00e9 de sete dias &#8211; determinado pela Ag\u00eancia Reguladora de Servi\u00e7os de Abastecimento de \u00c1gua e de Esgotamento Sanit\u00e1rio do Estado de Minas Gerais (Arsae-MG) -, n\u00e3o \u00e9 cumprido.<\/span><\/p>\n<p style=\"text-align: justify;\"><span style=\"font-weight: 400;\">Al\u00e9m disso, a gerente disse que recentemente a Copasa iniciou um trabalho juntamente com os administradores regionais da cidade: a institui\u00e7\u00e3o colocou pessoas respons\u00e1veis especialmente por circular pela cidade com os administradores de cada regional, tanto para fiscalizar o que j\u00e1 foi feito, quanto para relacionar as principais demandas a serem sanadas.\u00a0<\/span><\/p>\n<p style=\"text-align: justify;\"><span style=\"font-weight: 400;\">No final da reuni\u00e3o, os vereadores agradeceram a disponibilidade da Copasa em sempre responder prontamente aos chamados dos vereadores, tanto das demandas enviadas por whatsapp \u00e0 gerente regional, quanto das convoca\u00e7\u00f5es de reuni\u00f5es presenciais na C\u00e2mara. \u201cTodas as cr\u00edticas feitas aqui s\u00e3o no sentido de construir solu\u00e7\u00f5es, porque no fim das contas a cidade e a popula\u00e7\u00e3o pagam por isso\u201d, encerrou Chiodi.\u00a0<\/span><\/p>\n<p style=\"text-align: justify;\"><span style=\"font-weight: 400;\">\u201cFico feliz em perceber a vontade de mudar e de arranjar meios de resolver os problemas por parte da Copasa\u201d, disse Bruno Barreiro. Por fim, a engenheira de intera\u00e7\u00e3o da Companhia, Luciana Pacheco, elogiou o trabalho dos parlamentares, destacando que a proximidade dos vereadores com a institui\u00e7\u00e3o \u00e9 diferenciada de outros munic\u00edpios. <\/span><\/p>\n","protected":false},"excerpt":{"rendered":"<p>S\u00e3o comuns, nas reuni\u00f5es plen\u00e1rias da C\u00e2mara, a exposi\u00e7\u00e3o de reclama\u00e7\u00f5es e den\u00fancias de mun\u00edcipes em rela\u00e7\u00e3o \u00e0 presta\u00e7\u00e3o de servi\u00e7os da Companhia de saneamento de Minas gerais (Copasa). As maiores queixas trazidas pelos vereadores s\u00e3o em rela\u00e7\u00e3o ao servi\u00e7o que \u00e9 feito pelas empresas terceirizadas da institui\u00e7\u00e3o, que ficam respons\u00e1veis pelo reparo do asfalto &hellip; <a href=\"https:\/\/www.cmc.mg.gov.br\/?p=20713\" class=\"more-link\">Continue lendo <span class=\"screen-reader-text\">Vereadores e Copasa se re\u00fanem para discutir servi\u00e7o terceirizado<\/span> <span class=\"meta-nav\">&rarr;<\/span><\/a><\/p>\n","protected":false},"author":2,"featured_media":20714,"comment_status":"open","ping_status":"open","sticky":false,"template":"","format":"standard","meta":{"_exactmetrics_skip_tracking":false,"_exactmetrics_sitenote_active":false,"_exactmetrics_sitenote_note":"","_exactmetrics_sitenote_category":0,"footnotes":""},"categories":[8,27,243,7],"tags":[],"class_list":["post-20713","post","type-post","status-publish","format-standard","has-post-thumbnail","hentry","category-camara","category-noticias","category-novas-noticias","category-vereadores"],"_links":{"self":[{"href":"https:\/\/www.cmc.mg.gov.br\/index.php?rest_route=\/wp\/v2\/posts\/20713","targetHints":{"allow":["GET"]}}],"collection":[{"href":"https:\/\/www.cmc.mg.gov.br\/index.php?rest_route=\/wp\/v2\/posts"}],"about":[{"href":"https:\/\/www.cmc.mg.gov.br\/index.php?rest_route=\/wp\/v2\/types\/post"}],"author":[{"embeddable":true,"href":"https:\/\/www.cmc.mg.gov.br\/index.php?rest_route=\/wp\/v2\/users\/2"}],"replies":[{"embeddable":true,"href":"https:\/\/www.cmc.mg.gov.br\/index.php?rest_route=%2Fwp%2Fv2%2Fcomments&post=20713"}],"version-history":[{"count":3,"href":"https:\/\/www.cmc.mg.gov.br\/index.php?rest_route=\/wp\/v2\/posts\/20713\/revisions"}],"predecessor-version":[{"id":20717,"href":"https:\/\/www.cmc.mg.gov.br\/index.php?rest_route=\/wp\/v2\/posts\/20713\/revisions\/20717"}],"wp:featuredmedia":[{"embeddable":true,"href":"https:\/\/www.cmc.mg.gov.br\/index.php?rest_route=\/wp\/v2\/media\/20714"}],"wp:attachment":[{"href":"https:\/\/www.cmc.mg.gov.br\/index.php?rest_route=%2Fwp%2Fv2%2Fmedia&parent=20713"}],"wp:term":[{"taxonomy":"category","embeddable":true,"href":"https:\/\/www.cmc.mg.gov.br\/index.php?rest_route=%2Fwp%2Fv2%2Fcategories&post=20713"},{"taxonomy":"post_tag","embeddable":true,"href":"https:\/\/www.cmc.mg.gov.br\/index.php?rest_route=%2Fwp%2Fv2%2Ftags&post=20713"}],"curies":[{"name":"wp","href":"https:\/\/api.w.org\/{rel}","templated":true}]}}