
{"id":20803,"date":"2022-05-13T16:57:55","date_gmt":"2022-05-13T19:57:55","guid":{"rendered":"http:\/\/www.cmc.mg.gov.br\/?p=20803"},"modified":"2022-07-07T19:28:54","modified_gmt":"2022-07-07T22:28:54","slug":"pregao-presencial-no-004-2022-servicos-terceirizados-de-mao-de-obra","status":"publish","type":"post","link":"https:\/\/www.cmc.mg.gov.br\/?p=20803","title":{"rendered":"Preg\u00e3o Presencial n\u00ba 004\/2022 &#8211; Servi\u00e7os terceirizados de m\u00e3o de obra"},"content":{"rendered":"<p>&nbsp;<\/p>\n<p style=\"text-align: center;\">AVISO DE LICITA\u00c7\u00c3O<\/p>\n<p style=\"text-align: justify;\">A C\u00e2mara Municipal de Contagem torna p\u00fablico, para conhecimento dos interessados, que far\u00e1 realizar licita\u00e7\u00e3o na modalidade Preg\u00e3o Presencial n\u00ba 004\/2022, Processo Administrativo n\u00ba 033\/2022, tipo menor pre\u00e7o, cujo o objeto \u00e9 CONTRATA\u00c7\u00c3O DE EMPRESA ESPECIALIZADA NA PRESTA\u00c7\u00c3O DE SERVI\u00c7OS TERCEIRIZADOS DE NATUREZA CONT\u00cdNUA, COM DEDICA\u00c7\u00c3O EXCLUSIVA DE M\u00c3O DE OBRA, SEM FORNECIMENTO DE MATERIAL NECESS\u00c1RIO A EXECU\u00c7\u00c3O DOS SERVI\u00c7OS, NAS DEPEND\u00caNCIAS DA C\u00c2MARA MUNICIPAL DE CONTAGEM, PELO PRAZO DE 12 (DOZE) MESES, A CONTAR DA DATA DE ASSINATURA DO CONTRATO, CONFORME ESPECIFICA\u00c7\u00d5ES E QUANTIDADES PRESENTE NO TERMO DE REFER\u00caNCIA. Data: 27 (vinte e sete) de maio de 2022, a partir das 09h00min, em sua sede, na Pra\u00e7a S\u00e3o Gon\u00e7alo, n\u00ba 18, Centro, Contagem\/MG. O texto integral do edital (contendo todas as informa\u00e7\u00f5es sobre o certame) encontra-se \u00e0 disposi\u00e7\u00e3o dos interessados no site: http:\/\/www.cmc.mg.gov.br e pelo e-mail <a href=\"mailto:compras@cmc.mg.gov.br\">compras@cmc.mg.gov.br<\/a> &#8211; Comiss\u00e3o Permanente de Licita\u00e7\u00e3o, telefone: (31) 3359-9200, no hor\u00e1rio de 09h00min as 18h00min horas, de segunda a sexta-feira, onde poder\u00e3o ser obtidos esclarecimentos adicionais. Contagem, 13 de maio de 2022. Th\u00e1ssia Dan\u00fabia Batista Le\u00e3o \u2013 Pregoeira.<\/p>\n<ul>\n<li><a href=\"http:\/\/www.cmc.mg.gov.br\/wordpress\/wp-content\/uploads\/2022\/05\/EDITAL_PP004_2022.pdf\">EDITAL SERVI\u00c7OS TERCEIRIZADOS <\/a>&#8211; 13\/05\/2022.<\/li>\n<li><a href=\"http:\/\/www.cmc.mg.gov.br\/wordpress\/wp-content\/uploads\/2022\/05\/TR026.2022-M\u00c3O-DE-OBRA-TERCEIRIZADA.pdf\" target=\"_blank\" rel=\"noopener noreferrer\">TR026.2022 M\u00c3O DE OBRA TERCEIRIZADA<\/a> &#8211; 18\/05\/22.<\/li>\n<li><a href=\"http:\/\/www.cmc.mg.gov.br\/wordpress\/wp-content\/uploads\/2022\/05\/IMPUGNA\u00c7\u00c3O-RECEBIDA-EM-23.05.2022-AS-17.27.pdf\" target=\"_blank\" rel=\"noopener noreferrer\">IMPUGNA\u00c7\u00c3O RECEBIDA EM 23.05.2022 AS 17.27<\/a> &#8211; 24\/05\/22.<\/li>\n<li><a href=\"http:\/\/www.cmc.mg.gov.br\/wordpress\/wp-content\/uploads\/2022\/05\/RESPOSTA-PEDIDO-DE-ESCLARECIMENTO-1.pdf\" target=\"_blank\" rel=\"noopener noreferrer\">RESPOSTA PEDIDO DE ESCLARECIMENTO 1<\/a> &#8211; 25\/05\/22.<\/li>\n<li><a href=\"http:\/\/www.cmc.mg.gov.br\/wordpress\/wp-content\/uploads\/2022\/05\/RESPOSTA-PEDIDO-DE-ESCLARECIMENTO-2.pdf\" target=\"_blank\" rel=\"noopener noreferrer\">RESPOSTA PEDIDO DE ESCLARECIMENTO 2<\/a> &#8211; 25\/05\/22.<\/li>\n<li><a href=\"http:\/\/www.cmc.mg.gov.br\/wordpress\/wp-content\/uploads\/2022\/05\/RESPOSTA-PEDIDO-ESCLARECIMENTO-3.pdf\" target=\"_blank\" rel=\"noopener noreferrer\">RESPOSTA PEDIDO DE ESCLARECIMENTO 3<\/a> &#8211;\u00a0 \u00a025\/05\/22.<\/li>\n<li><a href=\"http:\/\/www.cmc.mg.gov.br\/wordpress\/wp-content\/uploads\/PDF\/RESPOSTA-IMPUGNACAO-AGILE-PP-042022-.pdf\" target=\"_blank\" rel=\"noopener noreferrer\">RESPOSTA IMPUGNA\u00c7\u00c3O AGILE<\/a> \u00a0&#8211; 25\/05\/22.<\/li>\n<\/ul>\n<p style=\"text-align: center;\"><span style=\"text-decoration: underline;\"><strong>C\u00c2MARA MUNICIPAL DE CONTAGEM<\/strong><\/span><\/p>\n<p style=\"text-align: justify;\">Aviso de Impugna\u00e7\u00e3o, esclarecimento e nova data de Sess\u00e3o \u2013 A C\u00e2mara Municipal de Contagem informa, referente ao Preg\u00e3o Presencial n\u00ba 004\/2022, Processo Administrativo n\u00ba 033\/2022, tipo menor pre\u00e7o, cujo o objeto \u00e9 CONTRATA\u00c7\u00c3O DE EMPRESA ESPECIALIZADA NA PRESTA\u00c7\u00c3O DE SERVI\u00c7OS TERCEIRIZADOS DE NATUREZA CONT\u00cdNUA, COM DEDICA\u00c7\u00c3O EXCLUSIVA DE M\u00c3O DE OBRA, SEM FORNECIMENTO DE MATERIAL NECESS\u00c1RIO A EXECU\u00c7\u00c3O DOS SERVI\u00c7OS, NAS DEPEND\u00caNCIAS DA C\u00c2MARA MUNICIPAL DE CONTAGEM, PELO PRAZO DE 12 (DOZE) MESES, A CONTAR DA DATA DE ASSINATURA DO CONTRATO, CONFORME ESPECIFICA\u00c7\u00d5ES E QUANTIDADES PRESENTE NO TERMO DE REFER\u00caNCIA, a impetra\u00e7\u00e3o de\u00a0 impugna\u00e7\u00e3o em face deste pela licitante AGILE EMPREENDIMENTOS E SERVI\u00c7OS EIRELI, bem como pedidos de esclarecimentos das licitantesSTARK TECNOLOGIA E FACILITIES LTDA. e BRITANICA ADMINISTRACAO &amp; TERCEIRIZACAO EIRELI.Assim, ap\u00f3s as devidas an\u00e1lises e retifica\u00e7\u00f5es fica a nova data de sess\u00e3o designada para 10 de junho de 2022 as 09h00min, em sua sede, na Pra\u00e7a S\u00e3o Gon\u00e7alo, n\u00ba 18, Centro, Contagem\/MG. O texto integral do edital (contendo todas as informa\u00e7\u00f5es sobre o certame) encontra-se \u00e0 disposi\u00e7\u00e3o dos interessados no site: http:\/\/www.cmc.mg.gov.br e pelo e-mail compras@cmc.mg.gov.br &#8211; Comiss\u00e3o Permanente de Licita\u00e7\u00e3o, telefone: (31) 3359-9200, no hor\u00e1rio de 09h00min as 18h00min horas, de segunda a sexta-feira, onde poder\u00e3o ser obtidos esclarecimentos adicionais. Contagem, 25 de maio de 2022. Th\u00e1ssia Dan\u00fabia Batista Le\u00e3o \u2013 Pregoeira.Vereador Alexsander Chiodi Maia, Presidente da C\u00e2mara Municipal de Contagem\/MG.<\/p>\n<ul>\n<li><a href=\"http:\/\/www.cmc.mg.gov.br\/wordpress\/wp-content\/uploads\/2022\/05\/NOVO-EDITAL-PP004-2022.pdf\" target=\"_blank\" rel=\"noopener noreferrer\">NOVO EDITAL<\/a> \u00a0&#8211; 27\/05\/22.<\/li>\n<li><a href=\"http:\/\/www.cmc.mg.gov.br\/wordpress\/wp-content\/uploads\/2022\/06\/RESPOST_PEDIDO_DE_ESCLARECIMENTO_4.pdf\">RESPOSTA PEDIDO DE ESCLARECIMENTO 4<\/a> &#8211; 06\/06\/2022<\/li>\n<li><a href=\"http:\/\/www.cmc.mg.gov.br\/wordpress\/wp-content\/uploads\/2022\/06\/RESPOSTA_PEDIDO_DE_ESCLARECIMENTO_5.pdf\">RESPOSTA PEDIDO DE ESCLARECIMENTO 5<\/a> &#8211; 06\/06\/2022<\/li>\n<li><a href=\"http:\/\/www.cmc.mg.gov.br\/wordpress\/wp-content\/uploads\/2022\/05\/Impugna\u00e7\u00e3o-Camara-Municipal-Contagem.pdf\" target=\"_blank\" rel=\"noopener noreferrer\">Impugna\u00e7\u00e3o Camara Municipal Contagem<\/a> &#8211; 08\/06\/2022.<\/li>\n<li><a href=\"http:\/\/www.cmc.mg.gov.br\/wordpress\/wp-content\/uploads\/2022\/05\/RESPOSTA-PEDIDO-DE-ESCLARECIMENTO-6.pdf\" target=\"_blank\" rel=\"noopener noreferrer\">RESPOSTA PEDIDO DE ESCLARECIMENTO 6<\/a> &#8211; 08\/06\/2022.<\/li>\n<li><a href=\"http:\/\/www.cmc.mg.gov.br\/wordpress\/wp-content\/uploads\/2022\/05\/RESPOSTA-PEDIDO-DE-ESCLARECIMENTO-7.pdf\" target=\"_blank\" rel=\"noopener noreferrer\">RESPOSTA PEDIDO DE ESCLARECIMENTO 7<\/a> &#8211; 08\/06\/2022.<\/li>\n<li><a href=\"http:\/\/www.cmc.mg.gov.br\/wordpress\/wp-content\/uploads\/2022\/05\/RESPOSTA-PEDIDO-DE-ESCLARECIMENTO-8.pdf\" target=\"_blank\" rel=\"noopener noreferrer\">RESPOSTA PEDIDO DE ESCLARECIMENTO 8<\/a> &#8211; 08\/06\/2022.<\/li>\n<li><a href=\"http:\/\/www.cmc.mg.gov.br\/wordpress\/wp-content\/uploads\/2022\/05\/RESPOSTA-PEDIDO-DE-ESCLARECIMENTO-9.pdf\" target=\"_blank\" rel=\"noopener noreferrer\">RESPOSTA PEDIDO DE ESCLARECIMENTO 9<\/a> &#8211; 08\/06\/2022.<\/li>\n<li><a href=\"http:\/\/www.cmc.mg.gov.br\/wordpress\/wp-content\/uploads\/2022\/05\/RESPOSTA-IMPUGNA\u00c7\u00c3O-SM-PP-04.2022.pdf\" target=\"_blank\" rel=\"noopener noreferrer\">RESPOSTA IMPUGNA\u00c7\u00c3O S&amp;M PP 04.2022<\/a> &#8211; 09\/06\/2022.<\/li>\n<li><a href=\"http:\/\/www.cmc.mg.gov.br\/wordpress\/wp-content\/uploads\/2022\/06\/ATA_PREGAO_PP_04_22.pdf\" target=\"_blank\" rel=\"noopener noreferrer\">ATA PREG\u00c3O PP 04.2022<\/a> &#8211; 10\/06\/2022.<\/li>\n<\/ul>\n<p>&nbsp;<\/p>\n<h3 style=\"text-align: center;\"><span style=\"text-decoration: underline;\"><strong>C\u00c2MARA MUNICIPAL DE CONTAGEM<\/strong><\/span><\/h3>\n<p style=\"text-align: justify;\">AVISO DE REMARCA\u00c7\u00c3O \u2013 A C\u00e2mara Municipal de Contagem, torna p\u00fablico para conhecimento dos interessados, que a sess\u00e3o referente ao Preg\u00e3o Presencial n\u00ba 004\/2022, Processo Administrativo n\u00ba 033\/2022, tipo menor pre\u00e7o, cujo o objeto \u00e9 CONTRATA\u00c7\u00c3O DE EMPRESA ESPECIALIZADA NA PRESTA\u00c7\u00c3O DE SERVI\u00c7OS TERCEIRIZADOS DE NATUREZA CONT\u00cdNUA, COM DEDICA\u00c7\u00c3O EXCLUSIVA DE M\u00c3O DE OBRA, SEM FORNECIMENTO DE MATERIAL NECESS\u00c1RIO A EXECU\u00c7\u00c3O DOS SERVI\u00c7OS, NAS DEPEND\u00caNCIAS DA C\u00c2MARA MUNICIPAL DE CONTAGEM, PELO PRAZO DE 12 (DOZE) MESES, A CONTAR DA DATA DE ASSINATURA DO CONTRATO, CONFORME ESPECIFICA\u00c7\u00d5ES E QUANTIDADES PRESENTE NO TERMO DE REFER\u00caNCIA, marcada para o dia 14\/06\/2022 \u00e0s 13:00, foi reagendada para 21 (vinte e um) de junho de 2022, a partir das 09h00min, em sua sede, na Pra\u00e7a S\u00e3o Gon\u00e7alo, n\u00ba 18, Centro, Contagem\/MG. Todas as informa\u00e7\u00f5es sobre o certame encontram-se \u00e0 disposi\u00e7\u00e3o dos interessados no site: http:\/\/www.cmc.mg.gov.br e pelo e-mail compras@cmc.mg.gov.br &#8211; Comiss\u00e3o Permanente de Licita\u00e7\u00e3o, telefone: (31) 3359-9200 e (31) 3359-8700, no hor\u00e1rio de 09h00min as 18h00min horas, de segunda a sexta-feira, onde poder\u00e3o ser obtidos esclarecimentos adicionais. Contagem, 13 de junho de 2022.<\/p>\n<p style=\"text-align: justify;\">Th\u00e1ssia Dan\u00fabia Batista Le\u00e3o \u2013 Pregoeira.<\/p>\n<ul>\n<li><a href=\"http:\/\/www.cmc.mg.gov.br\/wordpress\/wp-content\/uploads\/2022\/06\/SOLICITACAODEDILIGENCIAS.pdf\" target=\"_blank\" rel=\"noopener noreferrer\">SOLICITA\u00c7\u00c3O DE DILIG\u00caNCIAS<\/a> &#8211; 15\/06\/2022.<\/li>\n<li><a href=\"http:\/\/www.cmc.mg.gov.br\/wordpress\/wp-content\/uploads\/2022\/06\/RESPOSTAS_DILIGENCIAS.pdf\">RESPOSTAS DILIG\u00caNCIAS<\/a> &#8211; 20\/06\/2022.<\/li>\n<li><a href=\"http:\/\/www.cmc.mg.gov.br\/wordpress\/wp-content\/uploads\/2022\/06\/RESPOSTA_DILIGENCIA_GARCIA.pdf\">RESPOSTA DILIG\u00caNCIA GARCIA<\/a> &#8211; 21\/06\/2022.<\/li>\n<li><a href=\"http:\/\/www.cmc.mg.gov.br\/wordpress\/wp-content\/uploads\/PDF\/2_ATA_PP_04-22_ASSINADA.pdf\" target=\"_blank\" rel=\"noopener noreferrer\">2\u00aa ATA PREG\u00c3O PP 04.2022<\/a> &#8211; 21\/06\/2022.<\/li>\n<li><a href=\"http:\/\/www.cmc.mg.gov.br\/wordpress\/wp-content\/uploads\/2022\/06\/PROPOSTA_AJUSTA_DA_PP042022.pdf\">PROPOSTA AJUSTA DA PP04.2022<\/a> &#8211; 23\/06\/2022.<\/li>\n<li><a href=\"http:\/\/www.cmc.mg.gov.br\/wordpress\/wp-content\/uploads\/2022\/05\/RECURSO-PP04.2022-EMPRESA-COLABORE.pdf\" target=\"_blank\" rel=\"noopener noreferrer\">RECURSO PP04.2022 EMPRESA COLABORE<\/a> &#8211; 27\/06\/2022.<\/li>\n<li><a href=\"http:\/\/www.cmc.mg.gov.br\/wordpress\/wp-content\/uploads\/2022\/06\/RECURSO_PP042022_EMPRESA_INOVA.pdf\">RECURSO PP04.2022 EMPRESA INOVA<\/a> -27\/06\/2022.<\/li>\n<li><a href=\"http:\/\/www.cmc.mg.gov.br\/wordpress\/wp-content\/uploads\/2022\/05\/Declicio-recurso-C\u00e2mara-de-Contagem.pdf\" target=\"_blank\" rel=\"noopener noreferrer\">Declicio recurso &#8211; C\u00e2mara de Contagem<\/a> &#8211; 27\/06\/2022.<\/li>\n<li><a href=\"http:\/\/www.cmc.mg.gov.br\/wordpress\/wp-content\/uploads\/2022\/05\/CONTRARRAZ\u00d5ES-RECURSAIS-CONSERVO-PP04.2022.pdf\" target=\"_blank\" rel=\"noopener noreferrer\">CONTRARRAZ\u00d5ES RECURSAIS CONSERVO PP04.2022<\/a> &#8211; 30\/06\/2022.<\/li>\n<li><a href=\"http:\/\/www.cmc.mg.gov.br\/wordpress\/wp-content\/uploads\/2022\/07\/REPOSTA_RECURSOS_PP_04.2022.pdf\">REPOSTA RECURSOS PP 04.2022<\/a> &#8211; 07\/07\/2022<\/li>\n<\/ul>\n","protected":false},"excerpt":{"rendered":"<p>&nbsp; AVISO DE LICITA\u00c7\u00c3O A C\u00e2mara Municipal de Contagem torna p\u00fablico, para conhecimento dos interessados, que far\u00e1 realizar licita\u00e7\u00e3o na modalidade Preg\u00e3o Presencial n\u00ba 004\/2022, Processo Administrativo n\u00ba 033\/2022, tipo menor pre\u00e7o, cujo o objeto \u00e9 CONTRATA\u00c7\u00c3O DE EMPRESA ESPECIALIZADA NA PRESTA\u00c7\u00c3O DE SERVI\u00c7OS TERCEIRIZADOS DE NATUREZA CONT\u00cdNUA, COM DEDICA\u00c7\u00c3O EXCLUSIVA DE M\u00c3O DE OBRA, &hellip; <a href=\"https:\/\/www.cmc.mg.gov.br\/?p=20803\" class=\"more-link\">Continue lendo <span class=\"screen-reader-text\">Preg\u00e3o Presencial n\u00ba 004\/2022 &#8211; Servi\u00e7os terceirizados de m\u00e3o de obra<\/span> <span class=\"meta-nav\">&rarr;<\/span><\/a><\/p>\n","protected":false},"author":3,"featured_media":0,"comment_status":"open","ping_status":"open","sticky":false,"template":"","format":"standard","meta":{"_exactmetrics_skip_tracking":false,"_exactmetrics_sitenote_active":false,"_exactmetrics_sitenote_note":"","_exactmetrics_sitenote_category":0,"footnotes":""},"categories":[21],"tags":[],"class_list":["post-20803","post","type-post","status-publish","format-standard","hentry","category-licitacoes"],"_links":{"self":[{"href":"https:\/\/www.cmc.mg.gov.br\/index.php?rest_route=\/wp\/v2\/posts\/20803","targetHints":{"allow":["GET"]}}],"collection":[{"href":"https:\/\/www.cmc.mg.gov.br\/index.php?rest_route=\/wp\/v2\/posts"}],"about":[{"href":"https:\/\/www.cmc.mg.gov.br\/index.php?rest_route=\/wp\/v2\/types\/post"}],"author":[{"embeddable":true,"href":"https:\/\/www.cmc.mg.gov.br\/index.php?rest_route=\/wp\/v2\/users\/3"}],"replies":[{"embeddable":true,"href":"https:\/\/www.cmc.mg.gov.br\/index.php?rest_route=%2Fwp%2Fv2%2Fcomments&post=20803"}],"version-history":[{"count":39,"href":"https:\/\/www.cmc.mg.gov.br\/index.php?rest_route=\/wp\/v2\/posts\/20803\/revisions"}],"predecessor-version":[{"id":21232,"href":"https:\/\/www.cmc.mg.gov.br\/index.php?rest_route=\/wp\/v2\/posts\/20803\/revisions\/21232"}],"wp:attachment":[{"href":"https:\/\/www.cmc.mg.gov.br\/index.php?rest_route=%2Fwp%2Fv2%2Fmedia&parent=20803"}],"wp:term":[{"taxonomy":"category","embeddable":true,"href":"https:\/\/www.cmc.mg.gov.br\/index.php?rest_route=%2Fwp%2Fv2%2Fcategories&post=20803"},{"taxonomy":"post_tag","embeddable":true,"href":"https:\/\/www.cmc.mg.gov.br\/index.php?rest_route=%2Fwp%2Fv2%2Ftags&post=20803"}],"curies":[{"name":"wp","href":"https:\/\/api.w.org\/{rel}","templated":true}]}}