
{"id":21045,"date":"2022-06-16T16:50:07","date_gmt":"2022-06-16T19:50:07","guid":{"rendered":"http:\/\/www.cmc.mg.gov.br\/?p=21045"},"modified":"2022-06-16T20:35:45","modified_gmt":"2022-06-16T23:35:45","slug":"nota-de-falecimento-8","status":"publish","type":"post","link":"https:\/\/www.cmc.mg.gov.br\/?p=21045","title":{"rendered":"Nota de Falecimento"},"content":{"rendered":"<p style=\"text-align: justify;\">Com profundo pesar, comunicamos o falecimento, nesta quinta-feira (16\/06), de Gilberto Vianna, pai do vereador L\u00e9o da Academia.<\/p>\n<p style=\"text-align: justify;\">O vel\u00f3rio ser\u00e1 realizado nesta sexta-feira (17\/06) das 14h \u00e0s 16h30, no Memorial Grupo Zelo (Rua Dr. Cassiano, 76, Centro. Contagem).<\/p>\n","protected":false},"excerpt":{"rendered":"<p>Com profundo pesar, comunicamos o falecimento, nesta quinta-feira (16\/06), de Gilberto Vianna, pai do vereador L\u00e9o da Academia. O vel\u00f3rio ser\u00e1 realizado nesta sexta-feira (17\/06) das 14h \u00e0s 16h30, no Memorial Grupo Zelo (Rua Dr. Cassiano, 76, Centro. Contagem).<\/p>\n","protected":false},"author":3,"featured_media":21046,"comment_status":"open","ping_status":"open","sticky":false,"template":"","format":"standard","meta":{"_exactmetrics_skip_tracking":false,"_exactmetrics_sitenote_active":false,"_exactmetrics_sitenote_note":"","_exactmetrics_sitenote_category":0,"footnotes":""},"categories":[27],"tags":[],"class_list":["post-21045","post","type-post","status-publish","format-standard","has-post-thumbnail","hentry","category-noticias"],"_links":{"self":[{"href":"https:\/\/www.cmc.mg.gov.br\/index.php?rest_route=\/wp\/v2\/posts\/21045","targetHints":{"allow":["GET"]}}],"collection":[{"href":"https:\/\/www.cmc.mg.gov.br\/index.php?rest_route=\/wp\/v2\/posts"}],"about":[{"href":"https:\/\/www.cmc.mg.gov.br\/index.php?rest_route=\/wp\/v2\/types\/post"}],"author":[{"embeddable":true,"href":"https:\/\/www.cmc.mg.gov.br\/index.php?rest_route=\/wp\/v2\/users\/3"}],"replies":[{"embeddable":true,"href":"https:\/\/www.cmc.mg.gov.br\/index.php?rest_route=%2Fwp%2Fv2%2Fcomments&post=21045"}],"version-history":[{"count":4,"href":"https:\/\/www.cmc.mg.gov.br\/index.php?rest_route=\/wp\/v2\/posts\/21045\/revisions"}],"predecessor-version":[{"id":21050,"href":"https:\/\/www.cmc.mg.gov.br\/index.php?rest_route=\/wp\/v2\/posts\/21045\/revisions\/21050"}],"wp:featuredmedia":[{"embeddable":true,"href":"https:\/\/www.cmc.mg.gov.br\/index.php?rest_route=\/wp\/v2\/media\/21046"}],"wp:attachment":[{"href":"https:\/\/www.cmc.mg.gov.br\/index.php?rest_route=%2Fwp%2Fv2%2Fmedia&parent=21045"}],"wp:term":[{"taxonomy":"category","embeddable":true,"href":"https:\/\/www.cmc.mg.gov.br\/index.php?rest_route=%2Fwp%2Fv2%2Fcategories&post=21045"},{"taxonomy":"post_tag","embeddable":true,"href":"https:\/\/www.cmc.mg.gov.br\/index.php?rest_route=%2Fwp%2Fv2%2Ftags&post=21045"}],"curies":[{"name":"wp","href":"https:\/\/api.w.org\/{rel}","templated":true}]}}