
{"id":21296,"date":"2022-08-09T17:01:24","date_gmt":"2022-08-09T20:01:24","guid":{"rendered":"http:\/\/www.cmc.mg.gov.br\/?p=21296"},"modified":"2022-08-09T17:05:41","modified_gmt":"2022-08-09T20:05:41","slug":"em-votacao-apertada-semana-municipal-paulo-freire-e-reprovada-na-camara-de-contagem","status":"publish","type":"post","link":"https:\/\/www.cmc.mg.gov.br\/?p=21296","title":{"rendered":"Em vota\u00e7\u00e3o apertada, Semana Municipal Paulo Freire \u00e9 reprovada na C\u00e2mara de Contagem"},"content":{"rendered":"<p style=\"text-align: justify;\"><span style=\"font-weight: 400;\">Por 11 votos a 9, um projeto de Lei que propunha instituir em Contagem a \u201cSemana Municipal Paulo Freire\u201d foi rejeitado e arquivado na C\u00e2mara Municipal de Contagem na reuni\u00e3o ordin\u00e1ria desta ter\u00e7a-feira (09\/08). O <a href=\"http:\/\/legislativo.cmc.mg.gov.br:8080\/sapl\/sapl_documentos\/materia\/32230_texto_integral\" target=\"_blank\" rel=\"noopener noreferrer\">PL 243\/2021<\/a>, de autoria da vereadora Moara Saboia (PT), tramitava no Legislativo desde o final de 2021.<\/span><\/p>\n<p style=\"text-align: justify;\"><span style=\"font-weight: 400;\">Durante a discuss\u00e3o do projeto, em plen\u00e1rio, o vereador Abne Motta (DC) questionou o m\u00e9rito da mat\u00e9ria, e disse que \u201cmuito se fala sobre Paulo Freire, mas poucas pessoas sabem realmente quem foi essa pessoa\u201d. <\/span><\/p>\n<p style=\"text-align: justify;\"><span style=\"font-weight: 400;\">De acordo com o vereador, \u00e9 uma \u201cinfelicidade\u201d a proposi\u00e7\u00e3o deste projeto na cidade, haja vista \u201cas pessoas que esse ser apoia\u201d. Citando trechos do livro \u201cPedagogia do Oprimido\u201d (1968), de autoria de Freire, Motta afirma que o autor defendia \u201cverdadeiros ditadores e genocidas\u201d, como Che Guevara e Mao Tse-Tung. <a href=\"http:\/\/www.cmc.mg.gov.br\/wordpress\/wp-content\/uploads\/2022\/08\/IMG_1851-Copy.jpg\"><img loading=\"lazy\" decoding=\"async\" class=\"size-medium wp-image-21299 alignright\" src=\"http:\/\/www.cmc.mg.gov.br\/wordpress\/wp-content\/uploads\/2022\/08\/IMG_1851-Copy-300x200.jpg\" alt=\"\" width=\"300\" height=\"200\" srcset=\"https:\/\/www.cmc.mg.gov.br\/wordpress\/wp-content\/uploads\/2022\/08\/IMG_1851-Copy-300x200.jpg 300w, https:\/\/www.cmc.mg.gov.br\/wordpress\/wp-content\/uploads\/2022\/08\/IMG_1851-Copy-768x512.jpg 768w, https:\/\/www.cmc.mg.gov.br\/wordpress\/wp-content\/uploads\/2022\/08\/IMG_1851-Copy.jpg 1024w\" sizes=\"auto, (max-width: 300px) 100vw, 300px\" \/><\/a><br \/>\n<\/span><\/p>\n<p style=\"text-align: justify;\"><span style=\"font-weight: 400;\">Em defesa do projeto, a autora pediu a palavra e destacou a import\u00e2ncia n\u00e3o s\u00f3 da obra citada, mas do pr\u00f3prio educador e fil\u00f3sofo Paulo Freire para a educa\u00e7\u00e3o em todo o mundo. O livro \u201cPedagogia do Oprimido\u201d, escrito durante seu ex\u00edlio no Chile, \u00e9 a terceira obra mais citada nas ci\u00eancias humanas no contexto acad\u00eamico mundial e est\u00e1 entre os 100 livros mais requisitados nas universidades de l\u00edngua inglesa.<\/span><\/p>\n<p style=\"text-align: justify;\"><span style=\"font-weight: 400;\">Em suas redes sociais, Moara gravou um v\u00eddeo em que repulsa a vota\u00e7\u00e3o do plen\u00e1rio, dizendo que, embora Freire seja considerado o patrono da Educa\u00e7\u00e3o Brasileira pela <a href=\"http:\/\/www.cmc.mg.gov.br\/wordpress\/wp-admin\/post.php?post=21296&amp;action=edit\" target=\"_blank\" rel=\"noopener noreferrer\">Lei Federal 12.612\/2012<\/a>, \u201cem Contagem os vereadores acham que ele n\u00e3o merece uma semana e n\u00e3o merece ser homenageado\u201d. Ainda em seu v\u00eddeo, a vereadora diz que Contagem tem uma prefeita progressista e que valoriza a educa\u00e7\u00e3o, mas \u201cuma C\u00e2mara que n\u00e3o acompanha\u201d.\u00a0\u00a0<\/span><\/p>\n<p style=\"text-align: justify;\">\n","protected":false},"excerpt":{"rendered":"<p>Por 11 votos a 9, um projeto de Lei que propunha instituir em Contagem a \u201cSemana Municipal Paulo Freire\u201d foi rejeitado e arquivado na C\u00e2mara Municipal de Contagem na reuni\u00e3o ordin\u00e1ria desta ter\u00e7a-feira (09\/08). O PL 243\/2021, de autoria da vereadora Moara Saboia (PT), tramitava no Legislativo desde o final de 2021. Durante a discuss\u00e3o &hellip; <a href=\"https:\/\/www.cmc.mg.gov.br\/?p=21296\" class=\"more-link\">Continue lendo <span class=\"screen-reader-text\">Em vota\u00e7\u00e3o apertada, Semana Municipal Paulo Freire \u00e9 reprovada na C\u00e2mara de Contagem<\/span> <span class=\"meta-nav\">&rarr;<\/span><\/a><\/p>\n","protected":false},"author":2,"featured_media":21297,"comment_status":"open","ping_status":"open","sticky":false,"template":"","format":"standard","meta":{"_exactmetrics_skip_tracking":false,"_exactmetrics_sitenote_active":false,"_exactmetrics_sitenote_note":"","_exactmetrics_sitenote_category":0,"footnotes":""},"categories":[8,27,243,18],"tags":[],"class_list":["post-21296","post","type-post","status-publish","format-standard","has-post-thumbnail","hentry","category-camara","category-noticias","category-novas-noticias","category-plenario"],"_links":{"self":[{"href":"https:\/\/www.cmc.mg.gov.br\/index.php?rest_route=\/wp\/v2\/posts\/21296","targetHints":{"allow":["GET"]}}],"collection":[{"href":"https:\/\/www.cmc.mg.gov.br\/index.php?rest_route=\/wp\/v2\/posts"}],"about":[{"href":"https:\/\/www.cmc.mg.gov.br\/index.php?rest_route=\/wp\/v2\/types\/post"}],"author":[{"embeddable":true,"href":"https:\/\/www.cmc.mg.gov.br\/index.php?rest_route=\/wp\/v2\/users\/2"}],"replies":[{"embeddable":true,"href":"https:\/\/www.cmc.mg.gov.br\/index.php?rest_route=%2Fwp%2Fv2%2Fcomments&post=21296"}],"version-history":[{"count":3,"href":"https:\/\/www.cmc.mg.gov.br\/index.php?rest_route=\/wp\/v2\/posts\/21296\/revisions"}],"predecessor-version":[{"id":21302,"href":"https:\/\/www.cmc.mg.gov.br\/index.php?rest_route=\/wp\/v2\/posts\/21296\/revisions\/21302"}],"wp:featuredmedia":[{"embeddable":true,"href":"https:\/\/www.cmc.mg.gov.br\/index.php?rest_route=\/wp\/v2\/media\/21297"}],"wp:attachment":[{"href":"https:\/\/www.cmc.mg.gov.br\/index.php?rest_route=%2Fwp%2Fv2%2Fmedia&parent=21296"}],"wp:term":[{"taxonomy":"category","embeddable":true,"href":"https:\/\/www.cmc.mg.gov.br\/index.php?rest_route=%2Fwp%2Fv2%2Fcategories&post=21296"},{"taxonomy":"post_tag","embeddable":true,"href":"https:\/\/www.cmc.mg.gov.br\/index.php?rest_route=%2Fwp%2Fv2%2Ftags&post=21296"}],"curies":[{"name":"wp","href":"https:\/\/api.w.org\/{rel}","templated":true}]}}