
{"id":21311,"date":"2022-08-15T17:52:29","date_gmt":"2022-08-15T20:52:29","guid":{"rendered":"http:\/\/www.cmc.mg.gov.br\/?p=21311"},"modified":"2022-08-15T17:52:29","modified_gmt":"2022-08-15T20:52:29","slug":"apos-cobrancas-da-camara-saude-anuncia-reforco-nas-castracoes","status":"publish","type":"post","link":"https:\/\/www.cmc.mg.gov.br\/?p=21311","title":{"rendered":"Ap\u00f3s cobran\u00e7as da C\u00e2mara, Sa\u00fade anuncia refor\u00e7o nas castra\u00e7\u00f5es"},"content":{"rendered":"<p style=\"text-align: justify;\">Os servi\u00e7os de castra\u00e7\u00e3o de c\u00e3es e gatos em Contagem foram interrompidos durante a pandemia da Covid-19, e at\u00e9 hoje n\u00e3o haviam sido regularizados pela Unidade de Vigil\u00e2ncia e Controle de Zoonoses (UVZ). No entanto, ap\u00f3s muitas cobran\u00e7as da C\u00e2mara, representantes da Secretaria Municipal de Sa\u00fade e da UVZ anunciaram, na \u00faltima semana, uma s\u00e9rie de a\u00e7\u00f5es para atender a demanda da sa\u00fade animal no munic\u00edpio.<\/p>\n<p style=\"text-align: justify;\">A Comiss\u00e3o de Sa\u00fade do Legislativo &#8211; representada pelos vereadores Vin\u00edcius Faria (Republicanos) e Bruno Barreiro (PV) &#8211; e o presidente da C\u00e2mara, vereador Alex Chiodi (Solidariedade), se reuniram com representantes desses \u00f3rg\u00e3os para, mais uma vez, cobrar solu\u00e7\u00f5es para a pol\u00edtica de controle populacional dos animais, e sa\u00edram do encontro com boas not\u00edcias.<\/p>\n<p style=\"text-align: justify;\">Uma delas \u00e9 a realiza\u00e7\u00e3o, entre os dias 15 e 19 de agosto, do mutir\u00e3o de castra\u00e7\u00e3o gratuito de c\u00e3es e gatos no Parque Tropical. Promovida em parceria com a Organiza\u00e7\u00e3o Ajuda (Alian\u00e7a Juizforana pela Defesa dos Animais), a a\u00e7\u00e3o ser\u00e1 realizada por meio da Unidade M\u00f3vel de Esteriliza\u00e7\u00e3o &#8211; Castram\u00f3vel &#8211; e a expectativa \u00e9 pela castra\u00e7\u00e3o de 540 animais previamente cadastrados por seus tutores (as inscri\u00e7\u00f5es j\u00e1 est\u00e3o esgotadas para essa a\u00e7\u00e3o).<\/p>\n<p style=\"text-align: justify;\">E outras iniciativas foram anunciadas pelo secret\u00e1rio de Sa\u00fade, Fabr\u00edcio Sim\u00f5es. &#8220;A pol\u00edtica de defesa dos animais \u00e9 uma preocupa\u00e7\u00e3o da prefeita Mar\u00edlia Campos (PT), e a castra\u00e7\u00e3o n\u00e3o parou, apenas teve uma redu\u00e7\u00e3o por conta das quest\u00f5es da pandemia. Ela ser\u00e1 retomada a partir de 15 de agosto, com a castra\u00e7\u00e3o dos c\u00e3es; e voltaremos, a partir de setembro, com as parcerias, com o credenciamento de cl\u00ednicas, para termos uma amplia\u00e7\u00e3o importante nesse servi\u00e7o&#8221;, destacou.<\/p>\n<p style=\"text-align: justify;\">Alex Chiodi ressaltou que a luta do Legislativo gerou bons resultados. &#8220;A C\u00e2mara foi muito demandada em rela\u00e7\u00e3o \u00e0s castra\u00e7\u00f5es, cobrou bastante o poder Executivo, e a not\u00edcia \u00e9 que, com essas a\u00e7\u00f5es, Contagem vai realizar cerca de 4.500 castra\u00e7\u00f5es nos pr\u00f3ximos meses, o que n\u00e3o \u00e9 suficiente para zerar a fila, mas que j\u00e1 vai atender parte da demanda e proporcionar um avan\u00e7o importante na pol\u00edtica de sa\u00fade animal&#8221;, pontuou.<\/p>\n","protected":false},"excerpt":{"rendered":"<p>Os servi\u00e7os de castra\u00e7\u00e3o de c\u00e3es e gatos em Contagem foram interrompidos durante a pandemia da Covid-19, e at\u00e9 hoje n\u00e3o haviam sido regularizados pela Unidade de Vigil\u00e2ncia e Controle de Zoonoses (UVZ). No entanto, ap\u00f3s muitas cobran\u00e7as da C\u00e2mara, representantes da Secretaria Municipal de Sa\u00fade e da UVZ anunciaram, na \u00faltima semana, uma s\u00e9rie &hellip; <a href=\"https:\/\/www.cmc.mg.gov.br\/?p=21311\" class=\"more-link\">Continue lendo <span class=\"screen-reader-text\">Ap\u00f3s cobran\u00e7as da C\u00e2mara, Sa\u00fade anuncia refor\u00e7o nas castra\u00e7\u00f5es<\/span> <span class=\"meta-nav\">&rarr;<\/span><\/a><\/p>\n","protected":false},"author":3,"featured_media":21312,"comment_status":"open","ping_status":"open","sticky":false,"template":"","format":"standard","meta":{"_exactmetrics_skip_tracking":false,"_exactmetrics_sitenote_active":false,"_exactmetrics_sitenote_note":"","_exactmetrics_sitenote_category":0,"footnotes":""},"categories":[27],"tags":[],"class_list":["post-21311","post","type-post","status-publish","format-standard","has-post-thumbnail","hentry","category-noticias"],"_links":{"self":[{"href":"https:\/\/www.cmc.mg.gov.br\/index.php?rest_route=\/wp\/v2\/posts\/21311","targetHints":{"allow":["GET"]}}],"collection":[{"href":"https:\/\/www.cmc.mg.gov.br\/index.php?rest_route=\/wp\/v2\/posts"}],"about":[{"href":"https:\/\/www.cmc.mg.gov.br\/index.php?rest_route=\/wp\/v2\/types\/post"}],"author":[{"embeddable":true,"href":"https:\/\/www.cmc.mg.gov.br\/index.php?rest_route=\/wp\/v2\/users\/3"}],"replies":[{"embeddable":true,"href":"https:\/\/www.cmc.mg.gov.br\/index.php?rest_route=%2Fwp%2Fv2%2Fcomments&post=21311"}],"version-history":[{"count":1,"href":"https:\/\/www.cmc.mg.gov.br\/index.php?rest_route=\/wp\/v2\/posts\/21311\/revisions"}],"predecessor-version":[{"id":21313,"href":"https:\/\/www.cmc.mg.gov.br\/index.php?rest_route=\/wp\/v2\/posts\/21311\/revisions\/21313"}],"wp:featuredmedia":[{"embeddable":true,"href":"https:\/\/www.cmc.mg.gov.br\/index.php?rest_route=\/wp\/v2\/media\/21312"}],"wp:attachment":[{"href":"https:\/\/www.cmc.mg.gov.br\/index.php?rest_route=%2Fwp%2Fv2%2Fmedia&parent=21311"}],"wp:term":[{"taxonomy":"category","embeddable":true,"href":"https:\/\/www.cmc.mg.gov.br\/index.php?rest_route=%2Fwp%2Fv2%2Fcategories&post=21311"},{"taxonomy":"post_tag","embeddable":true,"href":"https:\/\/www.cmc.mg.gov.br\/index.php?rest_route=%2Fwp%2Fv2%2Ftags&post=21311"}],"curies":[{"name":"wp","href":"https:\/\/api.w.org\/{rel}","templated":true}]}}