
{"id":21392,"date":"2022-08-23T16:36:24","date_gmt":"2022-08-23T19:36:24","guid":{"rendered":"http:\/\/www.cmc.mg.gov.br\/?p=21392"},"modified":"2022-08-23T16:36:33","modified_gmt":"2022-08-23T19:36:33","slug":"profissionais-da-saude-ganham-dia-de-homenagem-especial-no-legislativo","status":"publish","type":"post","link":"https:\/\/www.cmc.mg.gov.br\/?p=21392","title":{"rendered":"Profissionais da Sa\u00fade ganham dia de homenagem especial no Legislativo"},"content":{"rendered":"<h6><strong><em>*A ilustra\u00e7\u00e3o foi feita pelo pintor de graffiti, pintor de telas, ativista pol\u00edtico e diretor de cinema brit\u00e2nico, Bansky. A obra de arte foi postada em sua p\u00e1gina do Instagram com o t\u00edtulo \u201cGame Changer\u201d, referindo-se ao fato de que o garoto da pintura abandonou os super-her\u00f3is tradicionais, como Batman e Homem-Aranha, em troca de um novo her\u00f3i, a enfermeira.<\/em><\/strong><\/h6>\n<p style=\"text-align: justify;\"><span style=\"font-weight: 400;\">A pandemia da Covid-19 veio refor\u00e7ar a import\u00e2ncia dos profissionais de sa\u00fade no Pa\u00eds e, ao mesmo tempo, o quanto eles ainda precisam de valoriza\u00e7\u00e3o. Sofrendo com exaust\u00e3o, medo, esgotamento f\u00edsico e emocional, abusos, estresse e outras situa\u00e7\u00f5es degradantes, esses trabalhadores arriscaram suas pr\u00f3prias vidas para salvar outras.<\/span><\/p>\n<p style=\"text-align: justify;\"><span style=\"font-weight: 400;\">Este \u00e9 o caso, por exemplo, da enfermeira contagense Maria Aparecida de Andrade, que prestava servi\u00e7o na Unidade de Pronto Atendimento do Ressaca, e que foi uma dos pelo menos 100 mil profissionais da sa\u00fade &#8211; dados estimados pela Organiza\u00e7\u00e3o Mundial da Sa\u00fade, entre janeiro de 2020 e maio de 2021 &#8211; mortos durante a pandemia em raz\u00e3o da exposi\u00e7\u00e3o ao v\u00edrus no local de trabalho.\u00a0<\/span><\/p>\n<p style=\"text-align: justify;\"><span style=\"font-weight: 400;\">Para homenagear e valorizar Maria Aparecida e todos os demais trabalhadores da sa\u00fade de Contagem, o vereador Pastor Itamar prop\u00f4s o <a href=\"http:\/\/legislativo.cmc.mg.gov.br:8080\/sapl\/consultas\/materia\/materia_mostrar_proc?cod_materia=33502\" target=\"_blank\" rel=\"noopener noreferrer\">Projeto de Lei n\u00ba 082\/2022<\/a>, que cria o &#8220;Diploma do M\u00e9rito da Sa\u00fade no Munic\u00edpio de Contagem e d\u00e1 outras provid\u00eancias\u201d.<\/span><\/p>\n<p style=\"text-align: justify;\"><span style=\"font-weight: 400;\">O Diploma de M\u00e9rito da Sa\u00fade, em teoria, j\u00e1 existe na cidade desde 2004, institu\u00eddo pela <a href=\"http:\/\/portalpmc.contagem.mg.gov.br\/exibicao\/legislacao_leitura_livre.php?legislacao=014955\" target=\"_blank\" rel=\"noopener noreferrer\">Lei Municipal 3.807\/2004<\/a>, por\u00e9m n\u00e3o chegou a ser outorgado. Agora, com a aprova\u00e7\u00e3o por unanimidade entre os vereadores, a proposta de Itamar, al\u00e9m de dar \u201cnome\u201d \u00e0 honraria, estabelece sua entrega anual, a partir de 2023, na C\u00e2mara Municipal de Contagem.<\/span><\/p>\n<p style=\"text-align: justify;\"><span style=\"font-weight: 400;\">Sendo assim, na primeira quinzena de agosto, em data exata ainda a ser definida pela Mesa Diretora da Casa, a C\u00e2mara realizar\u00e1 uma solenidade de entrega desta honraria a profissionais da Sa\u00fade que se destacam pelos servi\u00e7os prestados no munic\u00edpio.<\/span><\/p>\n<p style=\"text-align: justify;\"><span style=\"font-weight: 400;\">Por meio de uma emenda parlamentar idealizada pelo vereador Z\u00e9 Ant\u00f4nio do Hospital Santa Helena e assinada por quase todos os vereadores, o projeto foi ampliado. Al\u00e9m de profissionais, os vereadores poder\u00e3o agraciar tamb\u00e9m institui\u00e7\u00f5es de sa\u00fade. Cada parlamentar vai ter direito a uma indica\u00e7\u00e3o por ano.<\/span><\/p>\n<p style=\"text-align: justify;\"><span style=\"font-weight: 400;\">O projeto, em plen\u00e1rio, foi parabenizado por v\u00e1rios vereadores, tanto na sua aprova\u00e7\u00e3o em primeiro, quanto em segundo turno e reda\u00e7\u00e3o final, o que aconteceu na 26\u00aa reuni\u00e3o ordin\u00e1ria da C\u00e2mara, realizada em 16 de agosto. As vereadoras Daisy Silva e Gl\u00f3ria da Aposentadoria, que conheciam de perto o trabalho de Maria Aparecida, pediram permiss\u00e3o ao autor para assinarem conjuntamente o projeto de lei.\u00a0<\/span><\/p>\n<p style=\"text-align: justify;\"><span style=\"font-weight: 400;\">Segundo Pastor Itamar, \u201co prop\u00f3sito deste projeto de lei \u00e9 valorizar os profissionais de sa\u00fade porque (&#8230;) quando os valorizamos, estamos dando a eles um incentivo maior para que possam melhorar seus servi\u00e7os, pois saber\u00e3o que est\u00e3o sendo vistos, avaliados e reconhecidos, e isso faz com que cada um d\u00ea o seu melhor\u201d, disse, acreditando que o diploma ser\u00e1 tamb\u00e9m uma inspira\u00e7\u00e3o \u201cpara aqueles que iniciam nessa caminhada\u201d e que refletir\u00e1 num melhor atendimento da popula\u00e7\u00e3o nos servi\u00e7os de sa\u00fade da cidade.\u00a0\u00a0<\/span><\/p>\n<p style=\"text-align: justify;\"><span style=\"font-weight: 400;\">Para se tornar lei municipal e passar a ser parte do calend\u00e1rio oficial de eventos da C\u00e2mara Municipal de Contagem, a proposi\u00e7\u00e3o precisa ser sancionada pela prefeita Mar\u00edlia Campos, o que deve ocorrer nos pr\u00f3ximos dias. <\/span><\/p>\n","protected":false},"excerpt":{"rendered":"<p>*A ilustra\u00e7\u00e3o foi feita pelo pintor de graffiti, pintor de telas, ativista pol\u00edtico e diretor de cinema brit\u00e2nico, Bansky. A obra de arte foi postada em sua p\u00e1gina do Instagram com o t\u00edtulo \u201cGame Changer\u201d, referindo-se ao fato de que o garoto da pintura abandonou os super-her\u00f3is tradicionais, como Batman e Homem-Aranha, em troca de &hellip; <a href=\"https:\/\/www.cmc.mg.gov.br\/?p=21392\" class=\"more-link\">Continue lendo <span class=\"screen-reader-text\">Profissionais da Sa\u00fade ganham dia de homenagem especial no Legislativo<\/span> <span class=\"meta-nav\">&rarr;<\/span><\/a><\/p>\n","protected":false},"author":2,"featured_media":21393,"comment_status":"open","ping_status":"open","sticky":false,"template":"","format":"standard","meta":{"_exactmetrics_skip_tracking":false,"_exactmetrics_sitenote_active":false,"_exactmetrics_sitenote_note":"","_exactmetrics_sitenote_category":0,"footnotes":""},"categories":[11,24,27,243,7],"tags":[],"class_list":["post-21392","post","type-post","status-publish","format-standard","has-post-thumbnail","hentry","category-eventos","category-eventos-institucionais","category-noticias","category-novas-noticias","category-vereadores"],"_links":{"self":[{"href":"https:\/\/www.cmc.mg.gov.br\/index.php?rest_route=\/wp\/v2\/posts\/21392","targetHints":{"allow":["GET"]}}],"collection":[{"href":"https:\/\/www.cmc.mg.gov.br\/index.php?rest_route=\/wp\/v2\/posts"}],"about":[{"href":"https:\/\/www.cmc.mg.gov.br\/index.php?rest_route=\/wp\/v2\/types\/post"}],"author":[{"embeddable":true,"href":"https:\/\/www.cmc.mg.gov.br\/index.php?rest_route=\/wp\/v2\/users\/2"}],"replies":[{"embeddable":true,"href":"https:\/\/www.cmc.mg.gov.br\/index.php?rest_route=%2Fwp%2Fv2%2Fcomments&post=21392"}],"version-history":[{"count":2,"href":"https:\/\/www.cmc.mg.gov.br\/index.php?rest_route=\/wp\/v2\/posts\/21392\/revisions"}],"predecessor-version":[{"id":21395,"href":"https:\/\/www.cmc.mg.gov.br\/index.php?rest_route=\/wp\/v2\/posts\/21392\/revisions\/21395"}],"wp:featuredmedia":[{"embeddable":true,"href":"https:\/\/www.cmc.mg.gov.br\/index.php?rest_route=\/wp\/v2\/media\/21393"}],"wp:attachment":[{"href":"https:\/\/www.cmc.mg.gov.br\/index.php?rest_route=%2Fwp%2Fv2%2Fmedia&parent=21392"}],"wp:term":[{"taxonomy":"category","embeddable":true,"href":"https:\/\/www.cmc.mg.gov.br\/index.php?rest_route=%2Fwp%2Fv2%2Fcategories&post=21392"},{"taxonomy":"post_tag","embeddable":true,"href":"https:\/\/www.cmc.mg.gov.br\/index.php?rest_route=%2Fwp%2Fv2%2Ftags&post=21392"}],"curies":[{"name":"wp","href":"https:\/\/api.w.org\/{rel}","templated":true}]}}