
{"id":21635,"date":"2022-09-09T13:29:40","date_gmt":"2022-09-09T16:29:40","guid":{"rendered":"http:\/\/www.cmc.mg.gov.br\/?p=21635"},"modified":"2022-10-18T15:33:27","modified_gmt":"2022-10-18T18:33:27","slug":"portaria-n-013-2022-subcomissao-tecnica-concorrencia-no-01-2022","status":"publish","type":"post","link":"https:\/\/www.cmc.mg.gov.br\/?p=21635","title":{"rendered":"Portaria n\u00b0 013\/2022 &#8211; Subcomiss\u00e3o T\u00e9cnica &#8211; Concorr\u00eancia n\u00ba 01\/2022"},"content":{"rendered":"<ul>\n<li style=\"text-align: justify;\"><a href=\"http:\/\/www.cmc.mg.gov.br\/wordpress\/wp-content\/uploads\/2022\/09\/PORTARIA-013.2022-1.pdf\" target=\"_blank\" rel=\"noopener noreferrer\">PORTARIA 013.2022<\/a> &#8211; 09\/09\/2022.<\/li>\n<\/ul>\n<p style=\"text-align: justify;\">AVISO DE PUBLICA\u00c7\u00c3O DE RELA\u00c7\u00c3O DE INSCRITOS DA SUBCOMISS\u00c3O T\u00c9CNICA E SESS\u00c3O DE SORTEIO \u2013 A C\u00e2mara Municipal de Contagem torna p\u00fablico, para conhecimento dos interessados, que foi publicada a rela\u00e7\u00e3o dos nomes dos profissionais que tiveram suas inscri\u00e7\u00f5es, deferidas ou indeferidas, para a participa\u00e7\u00e3o no sorteio dos membros que ir\u00e3o compor a Subcomiss\u00e3o T\u00e9cnica que ir\u00e1 proceder \u00e0 an\u00e1lise e ao julgamento das propostas t\u00e9cnicas a serem apresentadas no \u00e2mbito da Concorr\u00eancia n\u00ba 01\/2022, Processo Administrativo n\u00ba 051\/2022, que tem por objeto a CONTRATA\u00c7\u00c3O DE 01 (UMA) AG\u00caNCIA DE PUBLICIDADE\/PROPAGANDA PARA A PRESTA\u00c7\u00c3O DE SERVI\u00c7OS DE PUBLICIDADE E MARKETING, VISANDO O PLANEJAMENTO, ESTUDO, PESQUISA, CRIA\u00c7\u00c3O, VEICULA\u00c7\u00c3O E CONTROLE DE RESULTADO DE CAMPANHAS PUBLICIT\u00c1RIAS E INSTITUCIONAIS DE CAR\u00c1TER INFORMATIVO, EDUCATIVO E DE ORIENTA\u00c7\u00c3O SOCIAL DE INTERESSE DA C\u00c2MARA MUNICIPAL DE CONTAGEM, PELO PER\u00cdODO DE 12 (DOZE) MESES A CONTAR DA DATA DE ASSINATURA DO CONTRATO, CONFORME ESPECIFICA\u00c7\u00d5ES PRESENTES NO TERMO DE REFER\u00caNCIA. A sess\u00e3o p\u00fablica para sorteio dos profissionais que ir\u00e3o compor a Subcomiss\u00e3o T\u00e9cnica, ser\u00e1 no dia 14 (quatorze) de outubro de 2022 \u00e0s 17h30min, em sua sede, localizada na Pra\u00e7a S\u00e3o Gon\u00e7alo, n\u00ba 18 &#8211; Centro &#8211; Contagem\/MG, nos termos da Portaria n\u00ba 013\/2022. A Rela\u00e7\u00e3o de Inscritos e o texto integral da Portaria (contendo todas as informa\u00e7\u00f5es) encontram-se \u00e0 disposi\u00e7\u00e3o dos interessados no site: http:\/\/www.cmc.mg.gov.br e pelo e-mail <a href=\"mailto:compras@cmc.mg.gov.br\">compras@cmc.mg.gov.br<\/a> &#8211; Comiss\u00e3o Permanente de Licita\u00e7\u00e3o, telefone: (31) 3359-9200 e (31) 3359-8700, no hor\u00e1rio de 09h00min as 18h00min horas, de segunda a sexta-feira, onde poder\u00e3o ser obtidos esclarecimentos adicionais. Contagem, 28 de setembro de 2022. Carina Gil dos Santos &#8211; Presidente da CPL.<\/p>\n<ul style=\"text-align: justify;\">\n<li><a href=\"http:\/\/www.cmc.mg.gov.br\/wordpress\/wp-content\/uploads\/2022\/09\/RELA\u00c7\u00c3O-DE-INSCRITOS-SUBCOMISS\u00c3O-CC-01-2022.pdf\" target=\"_blank\" rel=\"noopener noreferrer\">RELA\u00c7\u00c3O DE INSCRITOS SUBCOMISS\u00c3O CC 01-2022<\/a> &#8211; 28\/09\/2022.<\/li>\n<li><a href=\"http:\/\/www.cmc.mg.gov.br\/wordpress\/wp-content\/uploads\/2022\/10\/2. ATA_DA_REUNIAO_CPL-SORTEIO_INSCRITOS_SUBCOMISSO CC01-2022.pdf\">ATA DA REUNI\u00c3O CPL &#8211; SORTEIO INSCRITOS SUBCOMISS\u00c3O CC 01-2022<\/a> &#8211; 07\/10\/2022.<\/li>\n<\/ul>\n<p>&nbsp;<\/p>\n<p style=\"text-align: justify;\">*<em> Esta publica\u00e7\u00e3o \u00e9 de inteira responsabilidade da Diretoria de Compras da C\u00e2mara Municipal de Contagem.<\/em><\/p>\n","protected":false},"excerpt":{"rendered":"<p>PORTARIA 013.2022 &#8211; 09\/09\/2022. AVISO DE PUBLICA\u00c7\u00c3O DE RELA\u00c7\u00c3O DE INSCRITOS DA SUBCOMISS\u00c3O T\u00c9CNICA E SESS\u00c3O DE SORTEIO \u2013 A C\u00e2mara Municipal de Contagem torna p\u00fablico, para conhecimento dos interessados, que foi publicada a rela\u00e7\u00e3o dos nomes dos profissionais que tiveram suas inscri\u00e7\u00f5es, deferidas ou indeferidas, para a participa\u00e7\u00e3o no sorteio dos membros que ir\u00e3o &hellip; <a href=\"https:\/\/www.cmc.mg.gov.br\/?p=21635\" class=\"more-link\">Continue lendo <span class=\"screen-reader-text\">Portaria n\u00b0 013\/2022 &#8211; Subcomiss\u00e3o T\u00e9cnica &#8211; Concorr\u00eancia n\u00ba 01\/2022<\/span> <span class=\"meta-nav\">&rarr;<\/span><\/a><\/p>\n","protected":false},"author":3,"featured_media":0,"comment_status":"open","ping_status":"open","sticky":false,"template":"","format":"standard","meta":{"_exactmetrics_skip_tracking":false,"_exactmetrics_sitenote_active":false,"_exactmetrics_sitenote_note":"","_exactmetrics_sitenote_category":0,"footnotes":""},"categories":[21],"tags":[],"class_list":["post-21635","post","type-post","status-publish","format-standard","hentry","category-licitacoes"],"_links":{"self":[{"href":"https:\/\/www.cmc.mg.gov.br\/index.php?rest_route=\/wp\/v2\/posts\/21635","targetHints":{"allow":["GET"]}}],"collection":[{"href":"https:\/\/www.cmc.mg.gov.br\/index.php?rest_route=\/wp\/v2\/posts"}],"about":[{"href":"https:\/\/www.cmc.mg.gov.br\/index.php?rest_route=\/wp\/v2\/types\/post"}],"author":[{"embeddable":true,"href":"https:\/\/www.cmc.mg.gov.br\/index.php?rest_route=\/wp\/v2\/users\/3"}],"replies":[{"embeddable":true,"href":"https:\/\/www.cmc.mg.gov.br\/index.php?rest_route=%2Fwp%2Fv2%2Fcomments&post=21635"}],"version-history":[{"count":5,"href":"https:\/\/www.cmc.mg.gov.br\/index.php?rest_route=\/wp\/v2\/posts\/21635\/revisions"}],"predecessor-version":[{"id":21709,"href":"https:\/\/www.cmc.mg.gov.br\/index.php?rest_route=\/wp\/v2\/posts\/21635\/revisions\/21709"}],"wp:attachment":[{"href":"https:\/\/www.cmc.mg.gov.br\/index.php?rest_route=%2Fwp%2Fv2%2Fmedia&parent=21635"}],"wp:term":[{"taxonomy":"category","embeddable":true,"href":"https:\/\/www.cmc.mg.gov.br\/index.php?rest_route=%2Fwp%2Fv2%2Fcategories&post=21635"},{"taxonomy":"post_tag","embeddable":true,"href":"https:\/\/www.cmc.mg.gov.br\/index.php?rest_route=%2Fwp%2Fv2%2Ftags&post=21635"}],"curies":[{"name":"wp","href":"https:\/\/api.w.org\/{rel}","templated":true}]}}