
{"id":21671,"date":"2022-10-07T15:54:18","date_gmt":"2022-10-07T18:54:18","guid":{"rendered":"http:\/\/www.cmc.mg.gov.br\/?p=21671"},"modified":"2022-10-07T15:54:18","modified_gmt":"2022-10-07T18:54:18","slug":"mesmo-sem-vitoria-nas-urnas-candidatos-da-camara-certificam-a-forca-de-contagem","status":"publish","type":"post","link":"https:\/\/www.cmc.mg.gov.br\/?p=21671","title":{"rendered":"Mesmo sem vit\u00f3ria nas urnas, candidatos da C\u00e2mara certificam a for\u00e7a de Contagem"},"content":{"rendered":"<p style=\"text-align: justify;\"><span style=\"font-weight: 400;\">Tradicionalmente, a C\u00e2mara de Contagem elenca as elei\u00e7\u00f5es para deputados estaduais e federais com os nomes de vereadores que se colocam \u00e0 disposi\u00e7\u00e3o dos seus respectivos partidos para concorrer a vagas na Assembleia e na C\u00e2mara Federal.<\/span><\/p>\n<p style=\"text-align: justify;\"><span style=\"font-weight: 400;\">Nestas elei\u00e7\u00f5es, n\u00e3o foi diferente: foram seis vereadores candidatos. Carlin Moura, Denilson da Juc, Gl\u00f3ria da Aposentadoria, Moara Saboia e Silvinha Dudu se candidataram a deputado(a) estadual e o vereador Daniel Carvalho, a deputado federal.\u00a0 Embora nenhum tenha sido eleito &#8211; por\u00e9m, Moara \u00e9 a primeira suplente do PT na ALMG &#8211; , os seis candidatos, juntos, somaram mais de 104 mil votos, mostrando a import\u00e2ncia e a for\u00e7a de Contagem no cen\u00e1rio pol\u00edtico estadual e nacional.<\/span><\/p>\n<p style=\"text-align: justify;\"><span style=\"font-weight: 400;\">Nesta ter\u00e7a-feira (04\/10), a primeira depois do pleito, acontecido no \u00faltimo domingo (02\/10), os vereadores repercutiram as vota\u00e7\u00f5es. Al\u00e9m de exaltarem a coragem, disposi\u00e7\u00e3o e prestatividade dos vereadores candidatos, os parlamentares falaram da elei\u00e7\u00e3o de outros candidatos, que n\u00e3o s\u00e3o vereadores mas foram apoiados por estes e que, nos pr\u00f3ximos anos, poder\u00e3o ajudar a cidade com recursos.\u00a0<\/span><\/p>\n<p style=\"text-align: justify;\"><span style=\"font-weight: 400;\">Z\u00e9 Ant\u00f4nio do Hospital Santa Helena fez uma congratula\u00e7\u00e3o especial \u00e0 sua colega de partido e vereadora, Moara Saboia. Ressaltando o trabalho e a milit\u00e2ncia da parlamentar dentro do Partido dos Trabalhadores desde 2004, Z\u00e9 Ant\u00f4nio disse que sua expressiva vota\u00e7\u00e3o s\u00f3 surpreende a quem n\u00e3o a conhece. \u201cNo PT, todo mundo sabe quem \u00e9 Moara, que sempre contribuiu com o partido no munic\u00edpio, no estado e no Pa\u00eds\u201d, ressaltou.<\/span><\/p>\n<p style=\"text-align: justify;\"><span style=\"font-weight: 400;\">Carlin Moura, por sua vez, agradeceu aos seus eleitores, falou sobre as dificuldades do processo eleitoral e fez um desabafo sobre as injusti\u00e7as sofridas por alguns dos que saem em busca de votos. \u201cEu t\u00f4 na rua todo dia, (&#8230;), n\u00e3o faltei um dia sequer nesta Casa [C\u00e2mara], n\u00e3o deixei de discutir nenhum projeto nem de receber ningu\u00e9m desta cidade, (&#8230;) qualquer demanda que chegue at\u00e9 a mim, em qualquer lugar, eu vou. N\u00e3o tem um s\u00e1bado e domingo que eu fique em casa com minha fam\u00edlia, e n\u00e3o s\u00f3 em \u00e9poca de elei\u00e7\u00e3o. Mas, quando voc\u00ea bota a cara na rua pra pedir voto, a primeira coisa que o povo fala \u00e9 \u2018apareceu, n\u00e9, \u00e9 elei\u00e7\u00e3o&#8221;.<\/span><\/p>\n<p style=\"text-align: justify;\"><span style=\"font-weight: 400;\">De acordo com o vereador, essas situa\u00e7\u00f5es n\u00e3o acontecem por \u201cculpa\u201d das pessoas, mas s\u00e3o resultado de confus\u00f5es que o processo eleitoral causa, deliberadamente. Como exemplo, o vereador citou as <\/span><i><span style=\"font-weight: 400;\">fakenews<\/span><\/i><span style=\"font-weight: 400;\"> e o direcionamento das discuss\u00f5es para aspectos menos importantes, que n\u00e3o aqueles que efetivamente influenciam no dia a dia e na vida do cidad\u00e3o, como a recupera\u00e7\u00e3o econ\u00f4mica, os empregos, transporte p\u00fablico etc.<\/span><\/p>\n<p style=\"text-align: justify;\"><span style=\"font-weight: 400;\">A fala do presidente da C\u00e2mara, vereador Alex Chiodi, foi marcada pelo reconhecimento do que ele chama de \u201catitude republicana&#8221; da prefeita Mar\u00edlia Campos, que \u201cparticipou de forma ativa de todas as campanhas que foi convidada, daqueles que contribuem ou contribu\u00edram com o munic\u00edpio de Contagem, ligados ou n\u00e3o a quest\u00f5es partid\u00e1rias\u201d, disse, ressaltando que o resultado \u00e9 uma pluralidade de representa\u00e7\u00e3o que ser\u00e1 ben\u00e9fica para a cidade.\u00a0<\/span><\/p>\n<p style=\"text-align: justify;\"><span style=\"font-weight: 400;\">Sobre os vereadores, Chiodi parabenizou os parlamentares que foram candidatos, n\u00e3o s\u00f3 pelas vota\u00e7\u00f5es e pela disponibilidade, mas pela condu\u00e7\u00e3o dos trabalhos legislativos durante toda a campanha. \u201cRecebam desta Casa os parab\u00e9ns. Em nome da presid\u00eancia, quero agradecer pela campanha que fizeram, pela vota\u00e7\u00e3o e dedica\u00e7\u00e3o, lembrando que voc\u00eas, mesmo em uma campanha dif\u00edcil e disputada, jamais deixaram de cumprir o papel de legisladores, presentes em todas as plen\u00e1rias, em todas as vota\u00e7\u00f5es. Isso mostra n\u00e3o s\u00f3 compromisso com a Casa, mas respeito com os eleitores\u201d, finalizou.<\/span><\/p>\n<p style=\"text-align: justify;\"><span style=\"font-weight: 400;\">Por fim, os vereadores, em suas manifesta\u00e7\u00f5es, tamb\u00e9m parabenizaram os dois ex-vereadores e deputados Professor Irineu (Estadual) e Leo Motta (Federal), que assumiram o mandato em 2020, mas neste pleito n\u00e3o conseguiram se reeleger. Alguns vereadores tamb\u00e9m comentaram a elei\u00e7\u00e3o de candidatos nascidos e\/ou moradores de Contagem, como Miguel \u00c2ngelo, filho do ex-vereador de Contagem, Durval \u00c2ngelo, Newton Junior, filho do ex-prefeito de Contagem, Newton Cardoso, e Ricardo Campos, morador do bairro Santa Helena.\u00a0<\/span><\/p>\n<p style=\"text-align: justify;\"><span style=\"font-weight: 400;\">Em Minas, as elei\u00e7\u00f5es para governo estadual se encerraram no domingo, com a vit\u00f3ria e reelei\u00e7\u00e3o do governador Romeu Zema, que obteve 56,18% dos votos v\u00e1lidos. No dia 30 de outubro, domingo, ser\u00e1\u00a0 dia de voltar \u00e0s urnas para escolher o presidente da Rep\u00fablica, que assumir\u00e1 o mandato no pr\u00f3ximo dia 1 de janeiro. Lula, candidato do PT, liderou a corrida no primeiro turno, com 48,29% dos votos v\u00e1lidos, contra 43,60% do atual presidente, Jair Bolsonaro.\u00a0\u00a0<\/span><\/p>\n<p style=\"text-align: justify;\"><span style=\"font-weight: 400;\">\u00c9 poss\u00edvel acessar o resultado das vota\u00e7\u00f5es e os n\u00fameros individuais dos candidatos pelo site do <a href=\"https:\/\/resultados.tse.jus.br\/oficial\/app\/index.html#\/eleicao\/resultados\" target=\"_blank\" rel=\"noopener noreferrer\">TSE<\/a>.<\/span><\/p>\n<p style=\"text-align: justify;\">\n","protected":false},"excerpt":{"rendered":"<p>Tradicionalmente, a C\u00e2mara de Contagem elenca as elei\u00e7\u00f5es para deputados estaduais e federais com os nomes de vereadores que se colocam \u00e0 disposi\u00e7\u00e3o dos seus respectivos partidos para concorrer a vagas na Assembleia e na C\u00e2mara Federal. Nestas elei\u00e7\u00f5es, n\u00e3o foi diferente: foram seis vereadores candidatos. Carlin Moura, Denilson da Juc, Gl\u00f3ria da Aposentadoria, Moara &hellip; <a href=\"https:\/\/www.cmc.mg.gov.br\/?p=21671\" class=\"more-link\">Continue lendo <span class=\"screen-reader-text\">Mesmo sem vit\u00f3ria nas urnas, candidatos da C\u00e2mara certificam a for\u00e7a de Contagem<\/span> <span class=\"meta-nav\">&rarr;<\/span><\/a><\/p>\n","protected":false},"author":2,"featured_media":21672,"comment_status":"open","ping_status":"open","sticky":false,"template":"","format":"standard","meta":{"_exactmetrics_skip_tracking":false,"_exactmetrics_sitenote_active":false,"_exactmetrics_sitenote_note":"","_exactmetrics_sitenote_category":0,"footnotes":""},"categories":[8,27,7],"tags":[],"class_list":["post-21671","post","type-post","status-publish","format-standard","has-post-thumbnail","hentry","category-camara","category-noticias","category-vereadores"],"_links":{"self":[{"href":"https:\/\/www.cmc.mg.gov.br\/index.php?rest_route=\/wp\/v2\/posts\/21671","targetHints":{"allow":["GET"]}}],"collection":[{"href":"https:\/\/www.cmc.mg.gov.br\/index.php?rest_route=\/wp\/v2\/posts"}],"about":[{"href":"https:\/\/www.cmc.mg.gov.br\/index.php?rest_route=\/wp\/v2\/types\/post"}],"author":[{"embeddable":true,"href":"https:\/\/www.cmc.mg.gov.br\/index.php?rest_route=\/wp\/v2\/users\/2"}],"replies":[{"embeddable":true,"href":"https:\/\/www.cmc.mg.gov.br\/index.php?rest_route=%2Fwp%2Fv2%2Fcomments&post=21671"}],"version-history":[{"count":1,"href":"https:\/\/www.cmc.mg.gov.br\/index.php?rest_route=\/wp\/v2\/posts\/21671\/revisions"}],"predecessor-version":[{"id":21673,"href":"https:\/\/www.cmc.mg.gov.br\/index.php?rest_route=\/wp\/v2\/posts\/21671\/revisions\/21673"}],"wp:featuredmedia":[{"embeddable":true,"href":"https:\/\/www.cmc.mg.gov.br\/index.php?rest_route=\/wp\/v2\/media\/21672"}],"wp:attachment":[{"href":"https:\/\/www.cmc.mg.gov.br\/index.php?rest_route=%2Fwp%2Fv2%2Fmedia&parent=21671"}],"wp:term":[{"taxonomy":"category","embeddable":true,"href":"https:\/\/www.cmc.mg.gov.br\/index.php?rest_route=%2Fwp%2Fv2%2Fcategories&post=21671"},{"taxonomy":"post_tag","embeddable":true,"href":"https:\/\/www.cmc.mg.gov.br\/index.php?rest_route=%2Fwp%2Fv2%2Ftags&post=21671"}],"curies":[{"name":"wp","href":"https:\/\/api.w.org\/{rel}","templated":true}]}}