
{"id":21714,"date":"2022-10-20T16:29:38","date_gmt":"2022-10-20T19:29:38","guid":{"rendered":"http:\/\/www.cmc.mg.gov.br\/?p=21714"},"modified":"2023-02-16T16:34:50","modified_gmt":"2023-02-16T19:34:50","slug":"cc-01-2022-agencia-de-publicidade","status":"publish","type":"post","link":"https:\/\/www.cmc.mg.gov.br\/?p=21714","title":{"rendered":"CONCORR\u00caNCIA N\u00ba 01\/2022 &#8211; AG\u00caNCIA DE PUBLICIDADE\/PROPAGANDA"},"content":{"rendered":"<p style=\"text-align: center;\">AVISO DE LICITA\u00c7\u00c3O<\/p>\n<p style=\"text-align: justify;\">A C\u00e2mara Municipal de Contagem torna p\u00fablico para conhecimento dos interessados, que far\u00e1 realizar licita\u00e7\u00e3o na modalidade Concorr\u00eancia n\u00ba 01\/2022, Processo Administrativo n\u00ba 49\/2022, tipo t\u00e9cnica e pre\u00e7o, cujo o objeto \u00e9 CONTRATA\u00c7\u00c3O DE 01 (UMA) AG\u00caNCIA DE PUBLICIDADE\/PROPAGANDA PARA A PRESTA\u00c7\u00c3O DE SERVI\u00c7OS DE PUBLICIDADE E MARKETING, VISANDO O PLANEJAMENTO, ESTUDO, PESQUISA, CRIA\u00c7\u00c3O, VEICULA\u00c7\u00c3O E CONTROLE DE RESULTADO DE CAMPANHAS PUBLICIT\u00c1RIAS E INSTITUCIONAIS DE CAR\u00c1TER INFORMATIVO, EDUCATIVO E DE ORIENTA\u00c7\u00c3O SOCIAL DE INTERESSE DA C\u00c2MARA MUNICIPAL DE CONTAGEM, PELO PER\u00cdODO DE 12 (DOZE) MESES, CONFORME ESPECIFICA\u00c7\u00d5ES PRESENTES NO TERMO DE REFER\u00caNCIA, com entrega dos envelopes de documenta\u00e7\u00e3o e propostas at\u00e9 \u00e0s 09h30min (nove horas e trinta minutos) do dia 05 (cinco) de dezembro de 2022 e com a abertura marcada para as 09h31min (nove horas e trinta e um minutos) do dia 05 (cinco) de dezembro de 2022. Os interessados poder\u00e3o ler e obter o texto integral do Edital e seus Anexos, que estar\u00e3o dispon\u00edveis a partir do dia 20 (vinte) de outubro de 2022, pelo site http:\/\/www.cmc.mg.gov.br ou na sala da Comiss\u00e3o Permanente de Licita\u00e7\u00f5es, situada \u00e0 Pra\u00e7a S\u00e3o Gon\u00e7alo, 18, Centro &#8211; Contagem\/MG, tel.: (0**31) 3359-9200, de segunda \u00e0 sexta-feira, no hor\u00e1rio de 09h00min \u00e0s 12h00min e de 13h00min \u00e0s 18h00min, mediante apresenta\u00e7\u00e3o de pen drive ou outro meio compat\u00edvel \u00e0 Comiss\u00e3o Permanente de Licita\u00e7\u00f5es. Contagem, 19 de outubro de 2022. Vereador Alexsander Chiodi Maia &#8211; Presidente da C\u00e2mara Municipal de Contagem\/MG.<\/p>\n<ul id=\"attachment-list\">\n<li id=\"attach2\" class=\"application pdf\"><a href=\"http:\/\/www.cmc.mg.gov.br\/wordpress\/wp-content\/uploads\/2022\/10\/EDITAL_CC_001_2022_AGENCIA_DE_PUBLICIDADE.pdf\">EDITAL CC 001.2022.AG\u00caNCIA DE PUBLICIDADE<\/a> &#8211; 20\/10\/2022.<\/li>\n<li><a href=\"http:\/\/www.cmc.mg.gov.br\/wordpress\/wp-content\/uploads\/2022\/10\/RESPOSTA-PEDIDO-DE-ESCLARECIMENTO-CC01.2022.pdf\" target=\"_blank\" rel=\"noopener noreferrer\">RESPOSTA PEDIDO DE ESCLARECIMENTO &#8211; CC01.2022<\/a> &#8211; 23\/11\/2022.<\/li>\n<\/ul>\n<p style=\"text-align: center;\"><strong>AVISO DE NOVA DATA DE SESS\u00c3O<\/strong><\/p>\n<p style=\"text-align: justify;\"><strong>AVISO DE LICITA\u00c7\u00c3O REMARCA\u00c7\u00c3O DE SESS\u00c3O DE LICITA\u00c7\u00c3O<\/strong> &#8211; A C\u00c2MARA MUNICIPAL DE CONTAGEM, atrav\u00e9s da Comiss\u00e3o Permanente de Licita\u00e7\u00e3o (CPL), informa e torna p\u00fablico a <strong>REMARCA\u00c7\u00c3O DA SESS\u00c3O DE LICITA\u00c7\u00c3O<\/strong>, na modalidade <strong>CONCORR\u00caNCIA n\u00ba 01\/2022<\/strong>, PROCESSO N\u00ba 049\/2022, tipo MENOR PRE\u00c7O, que tem como objeto a CONTRATA\u00c7\u00c3O DE 01 (UMA) AG\u00caNCIA DE PUBLICIDADE\/PROPAGANDA PARA A PRESTA\u00c7\u00c3O DE SERVI\u00c7OS DE PUBLICIDADE E MARKETING, VISANDO O PLANEJAMENTO, ESTUDO, PESQUISA, CRIA\u00c7\u00c3O, VEICULA\u00c7\u00c3O E CONTROLE DE RESULTADO DE CAMPANHAS PUBLICIT\u00c1RIAS E INSTITUCIONAIS DE CAR\u00c1TER INFORMATIVO, EDUCATIVO E DE ORIENTA\u00c7\u00c3O SOCIAL DE INTERESSE DA C\u00c2MARA MUNICIPAL DE CONTAGEM, PELO PER\u00cdODO DE 12 (DOZE) MESES A CONTAR DA DATA DE ASSINATURA DO CONTRATO CONFORME ESPECIFICA\u00c7\u00d5ES PRESENTES NO TERMO DE REFER\u00caNCIA, que est\u00e1 previsto para realizar-se \u00e0s 09h, no dia 05 de dezembro de 2022, conforme especifica\u00e7\u00f5es contidas no edital e seus anexos. A REMARCA\u00c7\u00c3O se justifica por motivos de for\u00e7a maior. <strong>Portanto, FICA A NOVA DATA DE SESS\u00c3O, REDEFINIDA PARA O DIA 12 (DOZE) DE DEZEMBRO DE 2022, no hor\u00e1rio de <\/strong><strong>09h00min \u00e0s 09h30min (credenciamento e entrega dos inv\u00f3lucros) e 09h31min (abertura dos inv\u00f3lucros). <\/strong>Os interessados poder\u00e3o ler e conter o texto integral do Edital e seus Anexos, bem como obter maiores informa\u00e7\u00f5es pelo site http:\/\/www.cmc.mg.gov.br ou na sala da Comiss\u00e3o Permanente de Licita\u00e7\u00f5es, situada \u00e0 Pra\u00e7a S\u00e3o Gon\u00e7alo, 18, Centro &#8211; Contagem\/MG, tel.: (0**31) 3359-9200, de segunda \u00e0 sexta-feira, no hor\u00e1rio das 09h00min \u00e0s 12h00min e das 13h00min \u00e0s 18h00min.\u00a0 Contagem, 30 de novembro de 2022. Vereador Alexsander Chiodi Maia &#8211; Presidente da C\u00e2mara Municipal de Contagem\/MG. &#8211; Publicado em 01\/12\/2022.<\/p>\n<ul>\n<li><a href=\"http:\/\/www.cmc.mg.gov.br\/wordpress\/wp-content\/uploads\/2022\/12\/CC012022ATA01.pdf\" target=\"_blank\" rel=\"noopener noreferrer\">ATA CC 01.2022<\/a>\u00a0 &#8211; 12\/12\/2022.<\/li>\n<li><a href=\"http:\/\/www.cmc.mg.gov.br\/wordpress\/wp-content\/uploads\/2022\/12\/COMUNICADO_Empresas_particiantes.pdf\" target=\"_blank\" rel=\"noopener noreferrer\">COMUNICADO<\/a> &#8211; 12\/12\/2022<\/li>\n<li><a href=\"http:\/\/www.cmc.mg.gov.br\/wordpress\/wp-content\/uploads\/2022\/12\/CONVOCACAOSUBCOMISSAO.pdf\" target=\"_blank\" rel=\"noopener noreferrer\">CONVOCA\u00c7\u00c3O REUNI\u00c3O SUBCOMISS\u00c3O T\u00c9CNICA<\/a> &#8211; 12\/12\/2022<\/li>\n<li><a href=\"http:\/\/www.cmc.mg.gov.br\/wordpress\/wp-content\/uploads\/2022\/12\/1ATAREUNIAOCPLCC01.pdf\">1\u00aa REUNI\u00c3O CPL CC 01<\/a> &#8211; 14\/12\/2022<\/li>\n<li><a href=\"http:\/\/www.cmc.mg.gov.br\/wordpress\/wp-content\/uploads\/2022\/12\/2ATAREUNIAOCPLCC01.pdf\">2\u00aa REUNI\u00c3O CPL CC 01<\/a> &#8211; 21\/12\/2022<\/li>\n<li><a href=\"http:\/\/www.cmc.mg.gov.br\/wordpress\/wp-content\/uploads\/2022\/12\/CC-012022-ATA02.pdf\">ATA 02 CC 01.2022<\/a> &#8211; 26\/12\/2022<\/li>\n<li><a href=\"http:\/\/www.cmc.mg.gov.br\/wordpress\/wp-content\/uploads\/2022\/12\/RESULTADODOJULGAMENTODASPROPOSTASTECNICAS.pdf\">RESUTADO DO JULGAMENTO DA PROPOSTAS T\u00c9CNICAS<\/a> &#8211; 26\/12\/2022<\/li>\n<li><a href=\"http:\/\/www.cmc.mg.gov.br\/wordpress\/wp-content\/uploads\/2023\/01\/CONVOCACAO-PARA-ENTREGA-DOS-INVOLUCROS-4.pdf\">CONVOCA\u00c7\u00c3O PARA ENTREGA DOS INV\u00d3LUCROS 4<\/a> &#8211; 03\/01\/2023<\/li>\n<li><a href=\"http:\/\/www.cmc.mg.gov.br\/wordpress\/wp-content\/uploads\/2023\/01\/ATA-03-CC-01.2022.pdf\">ATA 03 CC 01.2022 <\/a>&#8211; 04\/01\/2023<\/li>\n<li><a href=\"http:\/\/www.cmc.mg.gov.br\/wordpress\/wp-content\/uploads\/2023\/01\/CLASSIFICACAO-DAS-PROPOSTAS-DE-PRECOS-E-DAS-NOTAS-FINAIS.pdf\">CLASSIFICA\u00c7\u00c3O DAS PROPOSTAS DE PRECOS E DAS NOTAS FINAIS<\/a> &#8211; 04\/01\/2023<\/li>\n<li><a href=\"http:\/\/www.cmc.mg.gov.br\/wordpress\/wp-content\/uploads\/2022\/10\/CONVOCA\u00c7\u00c3O-PARA-ENTREGA-DOS-INV\u00d3LUCROS-5.doc\" target=\"_blank\" rel=\"noopener noreferrer\">CONVOCA\u00c7\u00c3O PARA ENTREGA DOS INV\u00d3LUCROS<\/a> &#8211; 23\/01\/2023.<\/li>\n<li><a href=\"http:\/\/www.cmc.mg.gov.br\/wordpress\/wp-content\/uploads\/2022\/10\/ATA-04-CC-01.2022.pdf\" target=\"_blank\" rel=\"noopener noreferrer\">ATA 04 CC 01.2022<\/a> &#8211; 26\/01\/2023.<\/li>\n<li><a href=\"http:\/\/www.cmc.mg.gov.br\/wordpress\/wp-content\/uploads\/2022\/10\/3\u00aa-REUNI\u00c3O-CPL-01.2023.pdf\" target=\"_blank\" rel=\"noopener noreferrer\">3\u00aa REUNI\u00c3O CPL 01.2023<\/a> &#8211; 03\/02\/2023.<\/li>\n<li><a href=\"http:\/\/www.cmc.mg.gov.br\/wordpress\/wp-content\/uploads\/2022\/10\/RESULTADO-DA-FASE-DE-HABILITA\u00c7\u00c3O-_-RESULTADO-FINAL-DE-LICITA\u00c7\u00c3O.pdf\" target=\"_blank\" rel=\"noopener noreferrer\">RESULTADO DA FASE DE HABILITA\u00c7\u00c3O _ RESULTADO FINAL DE LICITA\u00c7\u00c3O<\/a> &#8211; 03\/02\/2023.<\/li>\n<li><a href=\"http:\/\/www.cmc.mg.gov.br\/wordpress\/wp-content\/uploads\/2022\/10\/TRANSCURSO-DO-PRAZO-PARA-APRESENTA\u00c7\u00c3O-DE-RECURSO.pdf\" target=\"_blank\" rel=\"noopener noreferrer\">TRANSCURSO DO PRAZO PARA APRESENTA\u00c7\u00c3O DE RECURSO<\/a> &#8211; 15\/02\/2023.<\/li>\n<\/ul>\n","protected":false},"excerpt":{"rendered":"<p>AVISO DE LICITA\u00c7\u00c3O A C\u00e2mara Municipal de Contagem torna p\u00fablico para conhecimento dos interessados, que far\u00e1 realizar licita\u00e7\u00e3o na modalidade Concorr\u00eancia n\u00ba 01\/2022, Processo Administrativo n\u00ba 49\/2022, tipo t\u00e9cnica e pre\u00e7o, cujo o objeto \u00e9 CONTRATA\u00c7\u00c3O DE 01 (UMA) AG\u00caNCIA DE PUBLICIDADE\/PROPAGANDA PARA A PRESTA\u00c7\u00c3O DE SERVI\u00c7OS DE PUBLICIDADE E MARKETING, VISANDO O PLANEJAMENTO, ESTUDO, &hellip; <a href=\"https:\/\/www.cmc.mg.gov.br\/?p=21714\" class=\"more-link\">Continue lendo <span class=\"screen-reader-text\">CONCORR\u00caNCIA N\u00ba 01\/2022 &#8211; AG\u00caNCIA DE PUBLICIDADE\/PROPAGANDA<\/span> <span class=\"meta-nav\">&rarr;<\/span><\/a><\/p>\n","protected":false},"author":13,"featured_media":0,"comment_status":"open","ping_status":"open","sticky":false,"template":"","format":"standard","meta":{"_exactmetrics_skip_tracking":false,"_exactmetrics_sitenote_active":false,"_exactmetrics_sitenote_note":"","_exactmetrics_sitenote_category":0,"footnotes":""},"categories":[21],"tags":[],"class_list":["post-21714","post","type-post","status-publish","format-standard","hentry","category-licitacoes"],"_links":{"self":[{"href":"https:\/\/www.cmc.mg.gov.br\/index.php?rest_route=\/wp\/v2\/posts\/21714","targetHints":{"allow":["GET"]}}],"collection":[{"href":"https:\/\/www.cmc.mg.gov.br\/index.php?rest_route=\/wp\/v2\/posts"}],"about":[{"href":"https:\/\/www.cmc.mg.gov.br\/index.php?rest_route=\/wp\/v2\/types\/post"}],"author":[{"embeddable":true,"href":"https:\/\/www.cmc.mg.gov.br\/index.php?rest_route=\/wp\/v2\/users\/13"}],"replies":[{"embeddable":true,"href":"https:\/\/www.cmc.mg.gov.br\/index.php?rest_route=%2Fwp%2Fv2%2Fcomments&post=21714"}],"version-history":[{"count":28,"href":"https:\/\/www.cmc.mg.gov.br\/index.php?rest_route=\/wp\/v2\/posts\/21714\/revisions"}],"predecessor-version":[{"id":22391,"href":"https:\/\/www.cmc.mg.gov.br\/index.php?rest_route=\/wp\/v2\/posts\/21714\/revisions\/22391"}],"wp:attachment":[{"href":"https:\/\/www.cmc.mg.gov.br\/index.php?rest_route=%2Fwp%2Fv2%2Fmedia&parent=21714"}],"wp:term":[{"taxonomy":"category","embeddable":true,"href":"https:\/\/www.cmc.mg.gov.br\/index.php?rest_route=%2Fwp%2Fv2%2Fcategories&post=21714"},{"taxonomy":"post_tag","embeddable":true,"href":"https:\/\/www.cmc.mg.gov.br\/index.php?rest_route=%2Fwp%2Fv2%2Ftags&post=21714"}],"curies":[{"name":"wp","href":"https:\/\/api.w.org\/{rel}","templated":true}]}}