
{"id":2188,"date":"2014-11-04T12:31:15","date_gmt":"2014-11-04T15:31:15","guid":{"rendered":"http:\/\/www.cmc.mg.gov.br\/?p=2188"},"modified":"2015-05-27T14:56:20","modified_gmt":"2015-05-27T17:56:20","slug":"parlamento-jovem-de-minas-aprova-propostas-para-a-terceira-idade","status":"publish","type":"post","link":"https:\/\/www.cmc.mg.gov.br\/?p=2188","title":{"rendered":"Parlamento Jovem de Minas aprova propostas para a terceira idade"},"content":{"rendered":"<p style=\"text-align: justify;\"><em>Em Contagem, sob coordena\u00e7\u00e3o da Escola do Legislativo da C\u00e2mara Municipal, duas institui\u00e7\u00f5es de ensino participaram ativamente do projeto.<\/em><\/p>\n<p style=\"text-align: justify;\">Iniciativa da Assembleia Legislativa de Minas Gerais (ALMG) em parceria com a PUC Minas e c\u00e2maras municipais \u2013 incluindo a C\u00e2mara Municipal de Contagem, atrav\u00e9s da sua Escola do Legislativo \u2013, a 11\u00aa edi\u00e7\u00e3o do Parlamento Jovem de Minas chegou ao seu final nesta sexta-feira (31), com a realiza\u00e7\u00e3o da plen\u00e1ria estadual, na ALMG.<\/p>\n<p style=\"text-align: justify;\">Estudantes de 27 cidades do Estado \u2013 incluindo Contagem, com o Instituto Educacional Novos Tempos e a Escola Estadual Jos\u00e9 da Silva Couto \u2013 aprovaram 15 propostas voltadas ao tema \u201cEnvelhecimento e qualidade de vida\u201d. O documento final com as sugest\u00f5es dos jovens foi entregue ao presidente da Comiss\u00e3o de Participa\u00e7\u00e3o Popular da ALMG, deputado Andr\u00e9 Quint\u00e3o (PT), que far\u00e1 os encaminhamentos necess\u00e1rios.<\/p>\n<p style=\"text-align: justify;\">A proposta de trabalho desta edi\u00e7\u00e3o foi subdividida em tr\u00eas subtemas: \u201cDireito ao envelhecimento com qualidade de vida\u201d; \u201cPromo\u00e7\u00e3o da conviv\u00eancia intergeracional\u201d; e \u201cProtagonismo social e pol\u00edtico\u201d. Nas etapas anteriores &#8211; municipal e regional &#8211; os estudantes selecionaram 56 sugest\u00f5es. E, a partir delas, grupos de trabalho priorizaram 12 propostas, que formaram o documento-base analisado na plen\u00e1ria final. Duas foram suprimidas e cinco novas acrescentadas, por vota\u00e7\u00e3o dos participantes.<\/p>\n<p style=\"text-align: justify;\">Entre as propostas aprovadas, est\u00e3o a implanta\u00e7\u00e3o gradual de alas geri\u00e1tricas nos hospitais p\u00fablicos e conveniados; a cria\u00e7\u00e3o da Secretaria Estadual do Idoso; a capacita\u00e7\u00e3o de professores para trabalharem de forma transversal o tema envelhecimento; e a isen\u00e7\u00e3o ou dedu\u00e7\u00e3o de impostos de empresas que empreguem determinada porcentagem de idosos.<\/p>\n<p style=\"text-align: justify;\">Tamb\u00e9m comp\u00f5em o documento final votado pelos estudantes a\u00e7\u00f5es como a cria\u00e7\u00e3o do Centro de Apoio e Valoriza\u00e7\u00e3o do Idoso (Cavi); de uma caravana voltada \u00e0 terceira idade, por parte da ALMG, que teria como objetivo oferecer informa\u00e7\u00f5es de utilidade p\u00fablica para os idosos; e de projetos em parceria com as c\u00e2maras municipais que visem \u00e0 participa\u00e7\u00e3o dos idosos como protagonistas na formula\u00e7\u00e3o de pol\u00edticas p\u00fablicas relacionadas a esse segmento.<\/p>\n<p style=\"text-align: justify;\"><strong>Autoridades destacam import\u00e2ncia do projeto <\/strong><\/p>\n<p style=\"text-align: justify;\"><a href=\"http:\/\/www.cmc.mg.gov.br\/wordpress\/wp-content\/uploads\/2014\/11\/14-11-03-Parlamento-Jovem-na-ALMG-Foto-Leandro-Perch\u00e9-45.jpg\"><img loading=\"lazy\" decoding=\"async\" class=\"alignleft wp-image-2177 size-medium\" src=\"http:\/\/www.cmc.mg.gov.br\/wordpress\/wp-content\/uploads\/2014\/11\/14-11-03-Parlamento-Jovem-na-ALMG-Foto-Leandro-Perch\u00e9-45-300x200.jpg\" alt=\"14-11-03 - Parlamento Jovem na ALMG - Foto Leandro Perch\u00e9 (45)\" width=\"300\" height=\"200\" srcset=\"https:\/\/www.cmc.mg.gov.br\/wordpress\/wp-content\/uploads\/2014\/11\/14-11-03-Parlamento-Jovem-na-ALMG-Foto-Leandro-Perch\u00e9-45-300x200.jpg 300w, https:\/\/www.cmc.mg.gov.br\/wordpress\/wp-content\/uploads\/2014\/11\/14-11-03-Parlamento-Jovem-na-ALMG-Foto-Leandro-Perch\u00e9-45-1024x682.jpg 1024w\" sizes=\"auto, (max-width: 300px) 100vw, 300px\" \/><\/a>O presidente da ALMG, deputado Dinis Pinheiro (PP), parabenizou a vontade de servir \u00e0 sociedade e a capacidade de colabora\u00e7\u00e3o dos participantes. \u201cN\u00e3o d\u00e1 para construir a sociedade do futuro sem a participa\u00e7\u00e3o de jovens idealistas como voc\u00eas. \u00c9 essencial a jun\u00e7\u00e3o da experi\u00eancia dos mais vividos com o \u00edmpeto dos mais novos\u201d, destacou.<\/p>\n<p style=\"text-align: justify;\">Em seu pronunciamento, o deputado Andr\u00e9 Quint\u00e3o tamb\u00e9m enfatizou a abertura crescente da Casa para eventos e projetos de participa\u00e7\u00e3o popular. Sobre o Parlamento Jovem de Minas, ele afirmou que \u00e9 com grande satisfa\u00e7\u00e3o que a cada edi\u00e7\u00e3o percebe o aperfei\u00e7oamento, a interioriza\u00e7\u00e3o e o envolvimento de novos parceiros no projeto. \u201cN\u00e3o \u00e9 um projeto para os jovens; ele \u00e9 constru\u00eddo com os jovens, importante para o protagonismo juvenil\u201d, resumiu.<\/p>\n<p style=\"text-align: justify;\">A contribui\u00e7\u00e3o do Parlamento Jovem de Minas para a democracia foi abordada pelo professor Wanderley Felipe, pr\u00f3-reitor de Extens\u00e3o da PUC Minas. \u201cA democracia \u00e9 uma conquista que precisa de vigil\u00e2ncia permanente, da participa\u00e7\u00e3o de toda a popula\u00e7\u00e3o, incluindo os jovens\u201d. O professor foi mais um a enaltecer o papel dos estudantes na iniciativa. \u201cPoucos jovens do Pa\u00eds fazem o que voc\u00eas fizeram: aderir a um projeto e gastar meses estudando-o, debatendo e formulando respostas\u201d, concluiu.<\/p>\n<p style=\"text-align: justify;\"><strong>PJ em Contagem<\/strong><\/p>\n<p style=\"text-align: justify;\"><a href=\"http:\/\/www.cmc.mg.gov.br\/wordpress\/wp-content\/uploads\/2014\/11\/14-11-03-Parlamento-Jovem-na-ALMG-Foto-Leandro-Perch\u00e9-31.jpg\"><img loading=\"lazy\" decoding=\"async\" class=\"alignright size-medium wp-image-2171\" src=\"http:\/\/www.cmc.mg.gov.br\/wordpress\/wp-content\/uploads\/2014\/11\/14-11-03-Parlamento-Jovem-na-ALMG-Foto-Leandro-Perch\u00e9-31-300x200.jpg\" alt=\"14-11-03 - Parlamento Jovem na ALMG - Foto Leandro Perch\u00e9 (31)\" width=\"300\" height=\"200\" srcset=\"https:\/\/www.cmc.mg.gov.br\/wordpress\/wp-content\/uploads\/2014\/11\/14-11-03-Parlamento-Jovem-na-ALMG-Foto-Leandro-Perch\u00e9-31-300x200.jpg 300w, https:\/\/www.cmc.mg.gov.br\/wordpress\/wp-content\/uploads\/2014\/11\/14-11-03-Parlamento-Jovem-na-ALMG-Foto-Leandro-Perch\u00e9-31-1024x682.jpg 1024w\" sizes=\"auto, (max-width: 300px) 100vw, 300px\" \/><\/a>A vers\u00e3o 2014 do Parlamento Jovem foi iniciada em abril. Em Contagem, os monitores da C\u00e2mara Municipal mobilizaram estudantes do ensino m\u00e9dio do Instituto Educacional Novos Tempos, na regi\u00e3o da Sede, e da Escola Estadual Jos\u00e9 da Silva Couto, na regional Ressaca, e trabalharam a forma\u00e7\u00e3o pol\u00edtica desses jovens, explicando caracter\u00edsticas e atribui\u00e7\u00f5es do Poder Legislativo e desenvolvendo o tema \u201cEnvelhecimento e qualidade de vida\u201d.<\/p>\n<p style=\"text-align: justify;\">Em agosto deste ano, 19 alunos das duas escolas participantes realizaram a <a href=\"http:\/\/www.cmc.mg.gov.br\/?p=1371\">plen\u00e1ria na C\u00e2mara<\/a> Municipal de Contagem, quando 48 sugest\u00f5es foram debatidas e votadas, dando origem a 19 propostas sobre o tema. Posteriormente, essas propostas integraram a plen\u00e1ria regional e foram apreciadas junto \u00e0s sugest\u00f5es de estudantes de Belo Horizonte e Betim.<\/p>\n<p style=\"text-align: justify;\">Em conclus\u00e3o, quatro estudantes de cada uma das 27 cidades participantes se reuniram na \u00faltima semana, avaliando e tirando as propostas que foram levadas \u00e0 plen\u00e1ria final na ALMG. Nessa etapa, representaram Contagem os estudantes Anna Carolina Maciel, Isadora Murta Valente e Yanka Medeiros Gon\u00e7alves, da escola Novos Tempos; e Gabriel Amorim Braga, da escola Jos\u00e9 da Silva Couto. Eles foram orientados pela monitora da Escola do Legislativo, Hellen Cristina Gomes Sobrinho, e sua coordenadora Eliene Carvalho.<\/p>\n<ul>\n<li style=\"text-align: justify;\">Confira mais imagens da plen\u00e1ria final na <a href=\"http:\/\/www.cmc.mg.gov.br\/?p=2109\">Galeria de Fotos<\/a>.<\/li>\n<\/ul>\n","protected":false},"excerpt":{"rendered":"<p>Em Contagem, sob coordena\u00e7\u00e3o da Escola do Legislativo da C\u00e2mara Municipal, duas institui\u00e7\u00f5es de ensino participaram ativamente do projeto. Iniciativa da Assembleia Legislativa de Minas Gerais (ALMG) em parceria com a PUC Minas e c\u00e2maras municipais \u2013 incluindo a C\u00e2mara Municipal de Contagem, atrav\u00e9s da sua Escola do Legislativo \u2013, a 11\u00aa edi\u00e7\u00e3o do Parlamento &hellip; <a href=\"https:\/\/www.cmc.mg.gov.br\/?p=2188\" class=\"more-link\">Continue lendo <span class=\"screen-reader-text\">Parlamento Jovem de Minas aprova propostas para a terceira idade<\/span> <span class=\"meta-nav\">&rarr;<\/span><\/a><\/p>\n","protected":false},"author":3,"featured_media":2184,"comment_status":"open","ping_status":"open","sticky":false,"template":"","format":"standard","meta":{"_exactmetrics_skip_tracking":false,"_exactmetrics_sitenote_active":false,"_exactmetrics_sitenote_note":"","_exactmetrics_sitenote_category":0,"footnotes":""},"categories":[26,27],"tags":[],"class_list":["post-2188","post","type-post","status-publish","format-standard","has-post-thumbnail","hentry","category-escola-do-legislativo","category-noticias"],"_links":{"self":[{"href":"https:\/\/www.cmc.mg.gov.br\/index.php?rest_route=\/wp\/v2\/posts\/2188","targetHints":{"allow":["GET"]}}],"collection":[{"href":"https:\/\/www.cmc.mg.gov.br\/index.php?rest_route=\/wp\/v2\/posts"}],"about":[{"href":"https:\/\/www.cmc.mg.gov.br\/index.php?rest_route=\/wp\/v2\/types\/post"}],"author":[{"embeddable":true,"href":"https:\/\/www.cmc.mg.gov.br\/index.php?rest_route=\/wp\/v2\/users\/3"}],"replies":[{"embeddable":true,"href":"https:\/\/www.cmc.mg.gov.br\/index.php?rest_route=%2Fwp%2Fv2%2Fcomments&post=2188"}],"version-history":[{"count":6,"href":"https:\/\/www.cmc.mg.gov.br\/index.php?rest_route=\/wp\/v2\/posts\/2188\/revisions"}],"predecessor-version":[{"id":2194,"href":"https:\/\/www.cmc.mg.gov.br\/index.php?rest_route=\/wp\/v2\/posts\/2188\/revisions\/2194"}],"wp:featuredmedia":[{"embeddable":true,"href":"https:\/\/www.cmc.mg.gov.br\/index.php?rest_route=\/wp\/v2\/media\/2184"}],"wp:attachment":[{"href":"https:\/\/www.cmc.mg.gov.br\/index.php?rest_route=%2Fwp%2Fv2%2Fmedia&parent=2188"}],"wp:term":[{"taxonomy":"category","embeddable":true,"href":"https:\/\/www.cmc.mg.gov.br\/index.php?rest_route=%2Fwp%2Fv2%2Fcategories&post=2188"},{"taxonomy":"post_tag","embeddable":true,"href":"https:\/\/www.cmc.mg.gov.br\/index.php?rest_route=%2Fwp%2Fv2%2Ftags&post=2188"}],"curies":[{"name":"wp","href":"https:\/\/api.w.org\/{rel}","templated":true}]}}