
{"id":22024,"date":"2022-12-01T16:39:51","date_gmt":"2022-12-01T19:39:51","guid":{"rendered":"http:\/\/www.cmc.mg.gov.br\/?p=22024"},"modified":"2022-12-14T19:01:31","modified_gmt":"2022-12-14T22:01:31","slug":"pregao-presencial-no-011-2022-contratacao-de-usina-sistema-de-geracao-de-energia-solar-fotovoltaica","status":"publish","type":"post","link":"https:\/\/www.cmc.mg.gov.br\/?p=22024","title":{"rendered":"Preg\u00e3o Presencial n\u00ba 011\/2022 &#8211; Contrata\u00e7\u00e3o de usina\/sistema de gera\u00e7\u00e3o de energia solar fotovoltaica"},"content":{"rendered":"<p style=\"text-align: center;\">AVISO DE LICITA\u00c7\u00c3O<\/p>\n<p style=\"text-align: justify;\">A C\u00e2mara Municipal de Contagem torna p\u00fablico, para conhecimento dos interessados, que far\u00e1 realizar licita\u00e7\u00e3o na modalidade Preg\u00e3o Presencial n\u00ba 011\/2022, Processo Administrativo n\u00ba 058\/2022, tipo menor pre\u00e7o, cujo o objeto \u00e9 CONTRATA\u00c7\u00c3O DE USINA\/SISTEMA DE GERA\u00c7\u00c3O DE ENERGIA SOLAR FOTOVOLTAICA ONGRID (SISTEMA CONECTADO \u00c0 REDE), POT\u00caNCIA NOMINAL DE 15.000 KWH\/M\u00caS, SOBRE O TELHADO MET\u00c1LICO DO PR\u00c9DIO PRINCIPAL E PR\u00c9DIO ANEXO DA C\u00c2MARA MUNICIPAL DE CONTAGEM, COMPREENDENDO A ELABORA\u00c7\u00c3O E APROVA\u00c7\u00c3O DOS PROJETOS ARQUITET\u00d4NICOS E EXECUTIVOS, A APROVA\u00c7\u00c3O DESTE JUNTO \u00c0 CONCESSION\u00c1RIA DE ENERGIA LOCAL (CEMIG), O FORNECIMENTO DE TODOS OS EQUIPAMENTOS E MATERIAIS, A INSTALA\u00c7\u00c3O E A EFETIVA\u00c7\u00c3O DO ACESSO JUNTO \u00c0 CONCESSION\u00c1RIA DE ENERGIA, CONFORME ESPECIFICA\u00c7\u00d5ES E QUANTIDADES PRESENTE NO TERMO DE REFER\u00caNCIA. Data: 14 (quatorze) de dezembro de 2022, a partir das 09h00min, em sua sede, na Pra\u00e7a S\u00e3o Gon\u00e7alo, n\u00ba 18, Centro, Contagem\/MG. O texto integral do edital (contendo todas as informa\u00e7\u00f5es sobre o certame) encontra-se \u00e0 disposi\u00e7\u00e3o dos interessados no site: http:\/\/www.cmc.mg.gov.br e pelo e-mail <a href=\"mailto:compras@cmc.mg.gov.br\">compras@cmc.mg.gov.br<\/a> &#8211; Comiss\u00e3o Permanente de Licita\u00e7\u00e3o, telefone: (31) 3359-9200 e (31) 3359-8700, no hor\u00e1rio de 09h00min as 18h00min horas, de segunda a sexta-feira, onde poder\u00e3o ser obtidos esclarecimentos adicionais. Contagem, 31 de novembro de 2022. Th\u00e1ssia Dan\u00fabia Batista Le\u00e3o \u2013 Pregoeira.<\/p>\n<ul>\n<li><a href=\"http:\/\/www.cmc.mg.gov.br\/wordpress\/wp-content\/uploads\/2022\/12\/EDITAL-PP-11.2022-USINA-FOTOVOLTAICA.pdf\" target=\"_blank\" rel=\"noopener noreferrer\">EDITAL PP 11.2022 USINA FOTOVOLTAICA<\/a> &#8211; 01\/12\/2022.<\/li>\n<li><a href=\"http:\/\/www.cmc.mg.gov.br\/wordpress\/wp-content\/uploads\/2022\/12\/ERRATA-EDITAL-PP-011.2022.pdf\" target=\"_blank\" rel=\"noopener noreferrer\">ERRATA EDITAL PP 011.2022<\/a> &#8211; 05\/12\/2022.<\/li>\n<li><a href=\"http:\/\/www.cmc.mg.gov.br\/wordpress\/wp-content\/uploads\/2022\/12\/IMPUGNACAO-PP-011.2022-SOLU\u00c7\u00d5ES-EM-ENERGIA-LIMPA-LTDA.pdf\" target=\"_blank\" rel=\"noopener noreferrer\">IMPUGNACAO PP 011.2022 SOLU\u00c7\u00d5ES EM ENERGIA LIMPA LTDA<\/a>\u00a0&#8211; 06\/12\/2022.<\/li>\n<li><a href=\"http:\/\/www.cmc.mg.gov.br\/wordpress\/wp-content\/uploads\/PDF\/RESPOSTA_IMPUGNACAO_PP_11-2022.pdf\">RESPOSTA IMPUGNA\u00c7\u00c3O PP 011.2022 &#8211; SOLU\u00c7\u00d5ES EM ENERGIA LIMPA LTDA<\/a> &#8211; 06\/12\/2022<\/li>\n<li><a href=\"http:\/\/www.cmc.mg.gov.br\/wordpress\/wp-content\/uploads\/2022\/12\/RESPOSTA-PEDIDO-DE-ESCLARECIMENTO-1.pdf\" target=\"_blank\" rel=\"noopener noreferrer\">RESPOSTA PEDIDO DE ESCLARECIMENTO 1<\/a> &#8211; 08\/12\/2022.<\/li>\n<li><a href=\"http:\/\/www.cmc.mg.gov.br\/wordpress\/wp-content\/uploads\/PDF\/RESPOSTA_PEDIDO_DE_ESCLARECIMENTO_2_PP_011-2022.pdf\">RESPOSTA PEDIDO DE ESCLARECIMENTO 2<\/a> &#8211; 12\/12\/2022.<\/li>\n<li><a href=\"http:\/\/www.cmc.mg.gov.br\/wordpress\/wp-content\/uploads\/2022\/12\/IMPUGNACAO-PP-011.2022-GRAN-SOLAR-FOTOVOLTAICOS-LTDA.pdf\" target=\"_blank\" rel=\"noopener noreferrer\">IMPUGNACAO PP 011.2022 GRAN SOLAR FOTOVOLTAICOS LTDA<\/a> &#8211; 13\/12\/2022.<\/li>\n<li><a href=\"http:\/\/www.cmc.mg.gov.br\/wordpress\/wp-content\/uploads\/2022\/12\/RESPOSTA-IMPUGNA\u00c7\u00c3O-PP-011.2022-GRAN-SOLAR-FOTOVOLTAICOS-LTDA.pdf\" target=\"_blank\" rel=\"noopener noreferrer\">RESPOSTA IMPUGNA\u00c7\u00c3O PP 011.2022 GRAN SOLAR FOTOVOLTAICOS LTDA<\/a> &#8211; 13\/12\/2022.<\/li>\n<li><a href=\"http:\/\/www.cmc.mg.gov.br\/wordpress\/wp-content\/uploads\/2022\/12\/ATAPREGAOPP01122.pdf\">ATA DE ABERTURA PP N\u00ba 011\/2022<\/a> &#8211; 14\/12\/2022<\/li>\n<\/ul>\n","protected":false},"excerpt":{"rendered":"<p>AVISO DE LICITA\u00c7\u00c3O A C\u00e2mara Municipal de Contagem torna p\u00fablico, para conhecimento dos interessados, que far\u00e1 realizar licita\u00e7\u00e3o na modalidade Preg\u00e3o Presencial n\u00ba 011\/2022, Processo Administrativo n\u00ba 058\/2022, tipo menor pre\u00e7o, cujo o objeto \u00e9 CONTRATA\u00c7\u00c3O DE USINA\/SISTEMA DE GERA\u00c7\u00c3O DE ENERGIA SOLAR FOTOVOLTAICA ONGRID (SISTEMA CONECTADO \u00c0 REDE), POT\u00caNCIA NOMINAL DE 15.000 KWH\/M\u00caS, SOBRE &hellip; <a href=\"https:\/\/www.cmc.mg.gov.br\/?p=22024\" class=\"more-link\">Continue lendo <span class=\"screen-reader-text\">Preg\u00e3o Presencial n\u00ba 011\/2022 &#8211; Contrata\u00e7\u00e3o de usina\/sistema de gera\u00e7\u00e3o de energia solar fotovoltaica<\/span> <span class=\"meta-nav\">&rarr;<\/span><\/a><\/p>\n","protected":false},"author":3,"featured_media":0,"comment_status":"open","ping_status":"open","sticky":false,"template":"","format":"standard","meta":{"_exactmetrics_skip_tracking":false,"_exactmetrics_sitenote_active":false,"_exactmetrics_sitenote_note":"","_exactmetrics_sitenote_category":0,"footnotes":""},"categories":[21],"tags":[],"class_list":["post-22024","post","type-post","status-publish","format-standard","hentry","category-licitacoes"],"_links":{"self":[{"href":"https:\/\/www.cmc.mg.gov.br\/index.php?rest_route=\/wp\/v2\/posts\/22024","targetHints":{"allow":["GET"]}}],"collection":[{"href":"https:\/\/www.cmc.mg.gov.br\/index.php?rest_route=\/wp\/v2\/posts"}],"about":[{"href":"https:\/\/www.cmc.mg.gov.br\/index.php?rest_route=\/wp\/v2\/types\/post"}],"author":[{"embeddable":true,"href":"https:\/\/www.cmc.mg.gov.br\/index.php?rest_route=\/wp\/v2\/users\/3"}],"replies":[{"embeddable":true,"href":"https:\/\/www.cmc.mg.gov.br\/index.php?rest_route=%2Fwp%2Fv2%2Fcomments&post=22024"}],"version-history":[{"count":14,"href":"https:\/\/www.cmc.mg.gov.br\/index.php?rest_route=\/wp\/v2\/posts\/22024\/revisions"}],"predecessor-version":[{"id":22139,"href":"https:\/\/www.cmc.mg.gov.br\/index.php?rest_route=\/wp\/v2\/posts\/22024\/revisions\/22139"}],"wp:attachment":[{"href":"https:\/\/www.cmc.mg.gov.br\/index.php?rest_route=%2Fwp%2Fv2%2Fmedia&parent=22024"}],"wp:term":[{"taxonomy":"category","embeddable":true,"href":"https:\/\/www.cmc.mg.gov.br\/index.php?rest_route=%2Fwp%2Fv2%2Fcategories&post=22024"},{"taxonomy":"post_tag","embeddable":true,"href":"https:\/\/www.cmc.mg.gov.br\/index.php?rest_route=%2Fwp%2Fv2%2Ftags&post=22024"}],"curies":[{"name":"wp","href":"https:\/\/api.w.org\/{rel}","templated":true}]}}