
{"id":22054,"date":"2022-12-06T13:48:16","date_gmt":"2022-12-06T16:48:16","guid":{"rendered":"http:\/\/www.cmc.mg.gov.br\/?p=22054"},"modified":"2022-12-06T15:40:48","modified_gmt":"2022-12-06T18:40:48","slug":"4a-reuniao-extraordinaria-de-2022","status":"publish","type":"post","link":"https:\/\/www.cmc.mg.gov.br\/?p=22054","title":{"rendered":"4\u00aa Reuni\u00e3o Extraordin\u00e1ria de 2022"},"content":{"rendered":"<p><strong>4\u00aa Reuni\u00e3o Extraordin\u00e1ria<\/strong> da 2\u00aa Sess\u00e3o Legislativa da 19\u00aa Legislatura, prevista para o dia 08 de dezembro, quinta-feira, no Plen\u00e1rio Vereador Jos\u00e9 Cust\u00f3dio, com in\u00edcio \u00e0s 09 horas.<\/p>\n<p><strong>Item 01<\/strong>: Discuss\u00e3o e vota\u00e7\u00e3o, em primeiro turno, do <a href=\"http:\/\/legislativo.cmc.mg.gov.br:8080\/sapl\/generico\/materia_pesquisar_proc?incluir=0&amp;existe_ocorrencia=0&amp;total_materias=%3CShared.DC.ZRDB.Results.Results+instance+at+0x7f68e6fdde18%3E&amp;lst_tip_materia=10&amp;txt_numero=029&amp;txt_ano=2022&amp;txt_npc=&amp;txt_num_protocolo=&amp;dt_apres=&amp;dt_apres2=&amp;dt_public=&amp;dt_public2=&amp;dt_votac=&amp;dt_votac2=&amp;hdn_txt_autor=&amp;hdn_cod_autor=&amp;lst_tip_autor=&amp;lst_cod_partido=&amp;txt_relator=&amp;txt_assunto=&amp;rad_tramitando=&amp;lst_localizacao=&amp;lst_status=&amp;rd_ordenacao=1&amp;rd_ordem_td=1&amp;chk_coautor=&amp;btn_materia_pesquisar=Pesquisar\" target=\"_blank\" rel=\"noopener noreferrer\">Projeto de Lei Complementar n.\u00ba 029\/2022,<\/a> que \u201cAltera a Lei Complementar n.\u00ba 203, de 04 de abril de 2016 e a Lei Complementar n.\u00ba 104, de 20 de janeiro de 2011\u201d. Autoria do Poder Executivo.<\/p>\n<p>EMENDAS: N\u00e3o<br \/>\nQU\u00d3RUM: Maioria Absoluta.<br \/>\nVOTA\u00c7\u00c3O: Eletr\u00f4nica.<\/p>\n<p><strong>Item 02:<\/strong> Discuss\u00e3o e vota\u00e7\u00e3o, em segundo turno e reda\u00e7\u00e3o final, do <a href=\"http:\/\/legislativo.cmc.mg.gov.br:8080\/sapl\/generico\/materia_pesquisar_proc?incluir=0&amp;existe_ocorrencia=0&amp;total_materias=%3CShared.DC.ZRDB.Results.Results+instance+at+0x7f68afb0f5a8%3E&amp;lst_tip_materia=10&amp;txt_numero=027&amp;txt_ano=2022&amp;txt_npc=&amp;txt_num_protocolo=&amp;dt_apres=&amp;dt_apres2=&amp;dt_public=&amp;dt_public2=&amp;dt_votac=&amp;dt_votac2=&amp;hdn_txt_autor=&amp;hdn_cod_autor=&amp;lst_tip_autor=&amp;lst_cod_partido=&amp;txt_relator=&amp;txt_assunto=&amp;rad_tramitando=&amp;lst_localizacao=&amp;lst_status=&amp;rd_ordenacao=1&amp;rd_ordem_td=1&amp;chk_coautor=&amp;btn_materia_pesquisar=Pesquisar\" target=\"_blank\" rel=\"noopener noreferrer\">Projeto de Lei Complementar n.\u00ba 027\/2022<\/a>, que \u201cAltera a Lei Complementar n.\u00ba 326, de 12 de maio de 2022\u201d. Autoria do Poder Executivo.<\/p>\n<p>EMENDAS: N\u00e3o<br \/>\nQU\u00d3RUM: Maioria Absoluta.<br \/>\nVOTA\u00c7\u00c3O: Eletr\u00f4nica.<\/p>\n<p><strong>Item 03:<\/strong> Discuss\u00e3o e vota\u00e7\u00e3o, em Segundo Turno e Reda\u00e7\u00e3o Final, do <a href=\"http:\/\/legislativo.cmc.mg.gov.br:8080\/sapl\/generico\/materia_pesquisar_proc?incluir=0&amp;existe_ocorrencia=0&amp;total_materias=%3CShared.DC.ZRDB.Results.Results+instance+at+0x7f68f1145b90%3E&amp;lst_tip_materia=9&amp;txt_numero=02&amp;txt_ano=2022&amp;txt_npc=&amp;txt_num_protocolo=&amp;dt_apres=&amp;dt_apres2=&amp;dt_public=&amp;dt_public2=&amp;dt_votac=&amp;dt_votac2=&amp;hdn_txt_autor=&amp;hdn_cod_autor=&amp;lst_tip_autor=&amp;lst_cod_partido=&amp;txt_relator=&amp;txt_assunto=&amp;rad_tramitando=&amp;lst_localizacao=&amp;lst_status=&amp;rd_ordenacao=1&amp;rd_ordem_td=1&amp;chk_coautor=&amp;btn_materia_pesquisar=Pesquisar\" target=\"_blank\" rel=\"noopener noreferrer\">Projeto de Lei n.\u00ba 002\/2022<\/a>, que \u201cPro\u00edbe o manuseio, a utiliza\u00e7\u00e3o, a queima e a soltura de fogos de estampidos e de artif\u00edcios, assim como de quaisquer artefatos pirot\u00e9cnicos de efeito sonoro ruidoso, e d\u00e1 outras provid\u00eancias\u201d. Autoria do Ronaldo Bab\u00e3o; Co-Autoria Vereador Geg\u00ea Marreco e Vereador L\u00e9o da Academia.<\/p>\n<p>EMENDAS: N\u00e3o<br \/>\nQU\u00d3RUM: Maioria Simples.<br \/>\nVOTA\u00c7\u00c3O: Eletr\u00f4nica.<\/p>\n","protected":false},"excerpt":{"rendered":"<p>4\u00aa Reuni\u00e3o Extraordin\u00e1ria da 2\u00aa Sess\u00e3o Legislativa da 19\u00aa Legislatura, prevista para o dia 08 de dezembro, quinta-feira, no Plen\u00e1rio Vereador Jos\u00e9 Cust\u00f3dio, com in\u00edcio \u00e0s 09 horas. Item 01: Discuss\u00e3o e vota\u00e7\u00e3o, em primeiro turno, do Projeto de Lei Complementar n.\u00ba 029\/2022, que \u201cAltera a Lei Complementar n.\u00ba 203, de 04 de abril de &hellip; <a href=\"https:\/\/www.cmc.mg.gov.br\/?p=22054\" class=\"more-link\">Continue lendo <span class=\"screen-reader-text\">4\u00aa Reuni\u00e3o Extraordin\u00e1ria de 2022<\/span> <span class=\"meta-nav\">&rarr;<\/span><\/a><\/p>\n","protected":false},"author":2,"featured_media":0,"comment_status":"open","ping_status":"open","sticky":false,"template":"","format":"standard","meta":{"_exactmetrics_skip_tracking":false,"_exactmetrics_sitenote_active":false,"_exactmetrics_sitenote_note":"","_exactmetrics_sitenote_category":0,"footnotes":""},"categories":[19],"tags":[],"class_list":["post-22054","post","type-post","status-publish","format-standard","hentry","category-ordem-do-dia"],"_links":{"self":[{"href":"https:\/\/www.cmc.mg.gov.br\/index.php?rest_route=\/wp\/v2\/posts\/22054","targetHints":{"allow":["GET"]}}],"collection":[{"href":"https:\/\/www.cmc.mg.gov.br\/index.php?rest_route=\/wp\/v2\/posts"}],"about":[{"href":"https:\/\/www.cmc.mg.gov.br\/index.php?rest_route=\/wp\/v2\/types\/post"}],"author":[{"embeddable":true,"href":"https:\/\/www.cmc.mg.gov.br\/index.php?rest_route=\/wp\/v2\/users\/2"}],"replies":[{"embeddable":true,"href":"https:\/\/www.cmc.mg.gov.br\/index.php?rest_route=%2Fwp%2Fv2%2Fcomments&post=22054"}],"version-history":[{"count":3,"href":"https:\/\/www.cmc.mg.gov.br\/index.php?rest_route=\/wp\/v2\/posts\/22054\/revisions"}],"predecessor-version":[{"id":22062,"href":"https:\/\/www.cmc.mg.gov.br\/index.php?rest_route=\/wp\/v2\/posts\/22054\/revisions\/22062"}],"wp:attachment":[{"href":"https:\/\/www.cmc.mg.gov.br\/index.php?rest_route=%2Fwp%2Fv2%2Fmedia&parent=22054"}],"wp:term":[{"taxonomy":"category","embeddable":true,"href":"https:\/\/www.cmc.mg.gov.br\/index.php?rest_route=%2Fwp%2Fv2%2Fcategories&post=22054"},{"taxonomy":"post_tag","embeddable":true,"href":"https:\/\/www.cmc.mg.gov.br\/index.php?rest_route=%2Fwp%2Fv2%2Ftags&post=22054"}],"curies":[{"name":"wp","href":"https:\/\/api.w.org\/{rel}","templated":true}]}}